{"id":3195,"date":"2020-03-18T10:31:32","date_gmt":"2020-03-18T09:31:32","guid":{"rendered":"http:\/\/agora.xtec.cat\/iestorredelpalau\/?p=3195"},"modified":"2021-02-16T17:35:09","modified_gmt":"2021-02-16T16:35:09","slug":"presentacio-virtual-de-la-jornada-de-portes-obertes","status":"publish","type":"post","link":"https:\/\/agora.xtec.cat\/iestorredelpalau\/general\/presentacio-virtual-de-la-jornada-de-portes-obertes\/","title":{"rendered":"PRESENTACI\u00d3 VIRTUAL DE LA JORNADA DE PORTES OBERTES"},"content":{"rendered":"<p><iframe loading=\"lazy\" src=\"https:\/\/docs.google.com\/presentation\/d\/e\/2PACX-1vQBi5_o8BEubEyuttbNy1-wzhVir-yG43Cwu2rnpoIJLpVSssOto0WmOC7yODCB4w\/embed?start=false&amp;loop=false&amp;delayms=10000\" width=\"960\" height=\"749\" frameborder=\"0\"><\/iframe><\/p>\n<p><a href=\"https:\/\/drive.google.com\/file\/d\/1gnTjWNdSIiG43s8vFtTJWs2QbJ6Me6Iq\/view?usp=sharing\">DESCARREGA EL DOCUMENT<\/a><\/p>\n<h6><span style=\"background-color: #ffff00;\">Informacions sobre l&#8217;institut i sobre els per\u00edodes de preinscripci\u00f3 per al curs 2020-2021, cursos d&#8217;ESO<\/span><\/h6>\n<h6>Les persones que vulguin con\u00e8ixer el centre ha de ser de forma virtual, al estar suspeses les jornades de portes obertes i tancat l&#8217;institut.<\/h6>\n<h6>Hem elaborat un video on s&#8217;expliquen els trets d&#8217;identitat del centre: <a href=\"https:\/\/www.youtube.com\/watch?v=JxhOuni87iE\" target=\"_blank\" rel=\"noopener noreferrer\" data-saferedirecturl=\"https:\/\/www.google.com\/url?q=https:\/\/www.youtube.com\/watch?v%3DJxhOuni87iE&amp;source=gmail&amp;ust=1584625237421000&amp;usg=AFQjCNEMB3GpiB9cVJzp5K2Z7K3UNEj3sA\">https:\/\/www.youtube.com\/watch?<wbr \/>v=JxhOuni87iE<\/a><\/h6>\n<h6>Tamb\u00e9 podeu consultar m\u00e9s informaci\u00f3 sobre el centre, sobre la preinscripci\u00f3 i sobre l&#8217;oferta de places en aquesta presentaci\u00f3.<\/h6>\n<h6>Respecte als per\u00edodes de preinscripci\u00f3 per al curs 2020-2021, tot s&#8217;ha ajornat. Encara no tenim informaci\u00f3 oficial. Podeu consultar la web del Departament d&#8217;Educaci\u00f3 (<a href=\"http:\/\/ensenyament.gencat.cat\/ca\/inici\" target=\"_blank\" rel=\"noopener noreferrer\" data-saferedirecturl=\"https:\/\/www.google.com\/url?q=http:\/\/ensenyament.gencat.cat\/ca\/inici&amp;source=gmail&amp;ust=1584625237421000&amp;usg=AFQjCNGKZldBNzRgVJcJ1DD2zOvm0-zmyw\">http:\/\/ensenyament.gencat.<wbr \/>cat\/ca\/inici<\/a>) on, a m\u00e9s d&#8217;informaci\u00f3 actualitzada sobre el coronavirus, posaran les noves dates quan les decideixin.<\/h6>\n<h6>Moltes gr\u00e0cies pel vostre inter\u00e8s<\/h6>\n<h6>Evaristo Gonz\u00e1lez Prieto<\/h6>\n<h6>Director<\/h6>\n","protected":false},"excerpt":{"rendered":"<p>DESCARREGA EL DOCUMENT Informacions sobre l&#8217;institut i sobre els per\u00edodes de preinscripci\u00f3 per al curs 2020-2021, cursos d&#8217;ESO Les persones que vulguin con\u00e8ixer el centre ha de ser de forma virtual, al estar suspeses les jornades de portes obertes i tancat l&#8217;institut. Hem elaborat un video on s&#8217;expliquen els trets d&#8217;identitat del centre: https:\/\/www.youtube.com\/watch?v=JxhOuni87iE Tamb\u00e9 [&hellip;]<\/p>\n","protected":false},"author":1,"featured_media":3197,"comment_status":"closed","ping_status":"closed","sticky":false,"template":"","format":"standard","meta":{"_bbp_topic_count":0,"_bbp_reply_count":0,"_bbp_total_topic_count":0,"_bbp_total_reply_count":0,"_bbp_voice_count":0,"_bbp_anonymous_reply_count":0,"_bbp_topic_count_hidden":0,"_bbp_reply_count_hidden":0,"_bbp_forum_subforum_count":0,"site-sidebar-layout":"default","site-content-layout":"","ast-site-content-layout":"","site-content-style":"default","site-sidebar-style":"default","ast-global-header-display":"","ast-banner-title-visibility":"","ast-main-header-display":"","ast-hfb-above-header-display":"","ast-hfb-below-header-display":"","ast-hfb-mobile-header-display":"","site-post-title":"","ast-breadcrumbs-content":"","ast-featured-img":"","footer-sml-layout":"","theme-transparent-header-meta":"","adv-header-id-meta":"","stick-header-meta":"","header-above-stick-meta":"","header-main-stick-meta":"","header-below-stick-meta":"","astra-migrate-meta-layouts":"default","ast-page-background-enabled":"default","ast-page-background-meta":{"desktop":{"background-color":"var(--ast-global-color-4)","background-image":"","background-repeat":"repeat","background-position":"center center","background-size":"auto","background-attachment":"scroll","background-type":"","background-media":"","overlay-type":"","overlay-color":"","overlay-opacity":"","overlay-gradient":""},"tablet":{"background-color":"","background-image":"","background-repeat":"repeat","background-position":"center center","background-size":"auto","background-attachment":"scroll","background-type":"","background-media":"","overlay-type":"","overlay-color":"","overlay-opacity":"","overlay-gradient":""},"mobile":{"background-color":"","background-image":"","background-repeat":"repeat","background-position":"center center","background-size":"auto","background-attachment":"scroll","background-type":"","background-media":"","overlay-type":"","overlay-color":"","overlay-opacity":"","overlay-gradient":""}},"ast-content-background-meta":{"desktop":{"background-color":"var(--ast-global-color-5)","background-image":"","background-repeat":"repeat","background-position":"center center","background-size":"auto","background-attachment":"scroll","background-type":"","background-media":"","overlay-type":"","overlay-color":"","overlay-opacity":"","overlay-gradient":""},"tablet":{"background-color":"var(--ast-global-color-5)","background-image":"","background-repeat":"repeat","background-position":"center center","background-size":"auto","background-attachment":"scroll","background-type":"","background-media":"","overlay-type":"","overlay-color":"","overlay-opacity":"","overlay-gradient":""},"mobile":{"background-color":"var(--ast-global-color-5)","background-image":"","background-repeat":"repeat","background-position":"center center","background-size":"auto","background-attachment":"scroll","background-type":"","background-media":"","overlay-type":"","overlay-color":"","overlay-opacity":"","overlay-gradient":""}},"footnotes":""},"categories":[1,107,29],"tags":[],"class_list":["post-3195","post","type-post","status-publish","format-standard","has-post-thumbnail","hentry","category-general","category-noticies-del-centre","category-portada"],"post_mailing_queue_ids":[],"_links":{"self":[{"href":"https:\/\/agora.xtec.cat\/iestorredelpalau\/wp-json\/wp\/v2\/posts\/3195","targetHints":{"allow":["GET"]}}],"collection":[{"href":"https:\/\/agora.xtec.cat\/iestorredelpalau\/wp-json\/wp\/v2\/posts"}],"about":[{"href":"https:\/\/agora.xtec.cat\/iestorredelpalau\/wp-json\/wp\/v2\/types\/post"}],"author":[{"embeddable":true,"href":"https:\/\/agora.xtec.cat\/iestorredelpalau\/wp-json\/wp\/v2\/users\/1"}],"replies":[{"embeddable":true,"href":"https:\/\/agora.xtec.cat\/iestorredelpalau\/wp-json\/wp\/v2\/comments?post=3195"}],"version-history":[{"count":4,"href":"https:\/\/agora.xtec.cat\/iestorredelpalau\/wp-json\/wp\/v2\/posts\/3195\/revisions"}],"predecessor-version":[{"id":5367,"href":"https:\/\/agora.xtec.cat\/iestorredelpalau\/wp-json\/wp\/v2\/posts\/3195\/revisions\/5367"}],"wp:featuredmedia":[{"embeddable":true,"href":"https:\/\/agora.xtec.cat\/iestorredelpalau\/wp-json\/wp\/v2\/media\/3197"}],"wp:attachment":[{"href":"https:\/\/agora.xtec.cat\/iestorredelpalau\/wp-json\/wp\/v2\/media?parent=3195"}],"wp:term":[{"taxonomy":"category","embeddable":true,"href":"https:\/\/agora.xtec.cat\/iestorredelpalau\/wp-json\/wp\/v2\/categories?post=3195"},{"taxonomy":"post_tag","embeddable":true,"href":"https:\/\/agora.xtec.cat\/iestorredelpalau\/wp-json\/wp\/v2\/tags?post=3195"}],"curies":[{"name":"wp","href":"https:\/\/api.w.org\/{rel}","templated":true}]}}