{"id":3181,"date":"2020-03-10T12:21:30","date_gmt":"2020-03-10T11:21:30","guid":{"rendered":"http:\/\/agora.xtec.cat\/iestorredelpalau\/?p=3181"},"modified":"2021-02-16T17:35:14","modified_gmt":"2021-02-16T16:35:14","slug":"comunicat-sobre-el-coronavirus","status":"publish","type":"post","link":"https:\/\/agora.xtec.cat\/iestorredelpalau\/general\/comunicat-sobre-el-coronavirus\/","title":{"rendered":"COMUNICAT SOBRE EL CORONAVIRUS"},"content":{"rendered":"<p><strong><span style=\"font-size: 32px; background-color: #ffff00;\">13 DE MAR\u00c7 DE 2020<\/span><\/strong><\/p>\n<div>\n<ol>\n<li>Seguint les instruccions del Departament d&#8217;Educaci\u00f3, el centre estar\u00e0 tancat finsa el divendres 27 de mar\u00e7 incl\u00f3s.<\/li>\n<li style=\"font-weight: 400;\">Les jornades de portes obertes tamb\u00e9 queden suspeses. Penjarem un video i un document informatiu sobre el centre.<\/li>\n<li style=\"font-weight: 400;\">Les preinscipcions per al curs 2020-2021 es podran fer via telem\u00e0tica.<\/li>\n<li style=\"font-weight: 400;\">Us recomanem que sonsulteu la web del Departament d&#8217;Educaci\u00f3, on ha habilitat un espai per al coronavirus. Tamb\u00e9, els mitjans de comunicaci\u00f3 informen continuament.<\/li>\n<\/ol>\n<p>La Direcci\u00f3 de l&#8217;Institut.<\/p>\n<\/div>\n<p>&nbsp;<\/p>\n<p><span style=\"font-size: 32px; background-color: #ffff00;\"><strong>10 DE MAR\u00c7 DE 2020<\/strong><\/span><\/p>\n<p style=\"font-weight: 400;\">Voldria compartir algunes informacions oficials del Departament d\u2019Educaci\u00f3. A m\u00e9s, tots els mitjans de comunicaci\u00f3 centren les not\u00edcies en aquest tema:<\/p>\n<ol>\n<li style=\"font-weight: 400;\">El Departament d\u2019Educaci\u00f3 remet al Departament de Salut i a l\u2019Agencia de Salut P\u00fablica de Catalunya per a qualsevol informaci\u00f3 sobre el coronavirus.<\/li>\n<li style=\"font-weight: 400;\">Tamb\u00e9 recomana contactar amb el tel\u00e8fon \u201c061 Salut Respon\u201d davant qualsevol dubte o consulta.<\/li>\n<li style=\"font-weight: 400;\">El Canal Salut de la Generalitat va difondre informacions i consells sobre aquesta malaltia. Les podeu consultar clicant en aquest enlla\u00e7:\u00a0<a href=\"http:\/\/canalsalut.gencat.cat\/ca\/salut-a-z\/c\/coronavirus-2019-ncov\/material-divulgatiu\/\" data-saferedirecturl=\"https:\/\/www.google.com\/url?q=http:\/\/canalsalut.gencat.cat\/ca\/salut-a-z\/c\/coronavirus-2019-ncov\/material-divulgatiu\/&amp;source=gmail&amp;ust=1583925517891000&amp;usg=AFQjCNHM62OKLPJ6VweSePHIOrGoD7QYxw\">Informaci\u00f3 per a la ciutadania<\/a>.<\/li>\n<li style=\"font-weight: 400;\">Els consells higi\u00e8nics personals o en comportaments socials que tots plegats haur\u00edem de mantenir es poden deduir de les informacions que es publiquen.<\/li>\n<li style=\"font-weight: 400;\">Hores d\u2019ara el Departament d\u2019Educaci\u00f3 nom\u00e9s ha susp\u00e8s, en els instituts de formaci\u00f3 professional inicial,\u00a0\u00a0les pr\u00e0ctiques dels graus que es realitzen en centres sanitaris.<\/li>\n<\/ol>\n<p style=\"font-weight: 400;\">Segons l\u2019Organitzaci\u00f3 Mundial de la Salut, la situaci\u00f3 en alguns pa\u00efsos i zones \u00e9s complicada. Les seves previsions d\u2019avui no s\u00f3n gaire optimistes. D\u2019altra banda, la Comunitat de Madrid susp\u00e8n les classes en tots els nivells educatius durant quinze dies a partir del proper dimecres. La ciutat de Vit\u00f2ria ha determinat actuacions semblants.<\/p>\n<p style=\"font-weight: 400;\">Qualsevol decisi\u00f3 que el Departament d\u2019Educaci\u00f3 pugui prendre en els propers dies, o qualsevol altra informaci\u00f3 important que afecti a l\u2019educaci\u00f3,\u00a0\u00a0us la comunicarem mitjan\u00e7ant aquest correu electr\u00f2nic. Tamb\u00e9 la penjarem en la nostra web.<\/p>\n<p style=\"font-weight: 400;\">Moltes gr\u00e0cies per les vostres atencions.<\/p>\n<p style=\"font-weight: 400;\">Cordialment<\/p>\n<p style=\"font-weight: 400;\">Evaristo Gonz\u00e1lez Prieto<\/p>\n<p style=\"font-weight: 400;\">Director<\/p>\n","protected":false},"excerpt":{"rendered":"<p>13 DE MAR\u00c7 DE 2020 Seguint les instruccions del Departament d&#8217;Educaci\u00f3, el centre estar\u00e0 tancat finsa el divendres 27 de mar\u00e7 incl\u00f3s. Les jornades de portes obertes tamb\u00e9 queden suspeses. Penjarem un video i un document informatiu sobre el centre. Les preinscipcions per al curs 2020-2021 es podran fer via telem\u00e0tica. Us recomanem que sonsulteu [&hellip;]<\/p>\n","protected":false},"author":1,"featured_media":3189,"comment_status":"closed","ping_status":"closed","sticky":false,"template":"","format":"standard","meta":{"_bbp_topic_count":0,"_bbp_reply_count":0,"_bbp_total_topic_count":0,"_bbp_total_reply_count":0,"_bbp_voice_count":0,"_bbp_anonymous_reply_count":0,"_bbp_topic_count_hidden":0,"_bbp_reply_count_hidden":0,"_bbp_forum_subforum_count":0,"site-sidebar-layout":"default","site-content-layout":"","ast-site-content-layout":"","site-content-style":"default","site-sidebar-style":"default","ast-global-header-display":"","ast-banner-title-visibility":"","ast-main-header-display":"","ast-hfb-above-header-display":"","ast-hfb-below-header-display":"","ast-hfb-mobile-header-display":"","site-post-title":"","ast-breadcrumbs-content":"","ast-featured-img":"","footer-sml-layout":"","theme-transparent-header-meta":"","adv-header-id-meta":"","stick-header-meta":"","header-above-stick-meta":"","header-main-stick-meta":"","header-below-stick-meta":"","astra-migrate-meta-layouts":"default","ast-page-background-enabled":"default","ast-page-background-meta":{"desktop":{"background-color":"var(--ast-global-color-4)","background-image":"","background-repeat":"repeat","background-position":"center center","background-size":"auto","background-attachment":"scroll","background-type":"","background-media":"","overlay-type":"","overlay-color":"","overlay-opacity":"","overlay-gradient":""},"tablet":{"background-color":"","background-image":"","background-repeat":"repeat","background-position":"center center","background-size":"auto","background-attachment":"scroll","background-type":"","background-media":"","overlay-type":"","overlay-color":"","overlay-opacity":"","overlay-gradient":""},"mobile":{"background-color":"","background-image":"","background-repeat":"repeat","background-position":"center center","background-size":"auto","background-attachment":"scroll","background-type":"","background-media":"","overlay-type":"","overlay-color":"","overlay-opacity":"","overlay-gradient":""}},"ast-content-background-meta":{"desktop":{"background-color":"var(--ast-global-color-5)","background-image":"","background-repeat":"repeat","background-position":"center center","background-size":"auto","background-attachment":"scroll","background-type":"","background-media":"","overlay-type":"","overlay-color":"","overlay-opacity":"","overlay-gradient":""},"tablet":{"background-color":"var(--ast-global-color-5)","background-image":"","background-repeat":"repeat","background-position":"center center","background-size":"auto","background-attachment":"scroll","background-type":"","background-media":"","overlay-type":"","overlay-color":"","overlay-opacity":"","overlay-gradient":""},"mobile":{"background-color":"var(--ast-global-color-5)","background-image":"","background-repeat":"repeat","background-position":"center center","background-size":"auto","background-attachment":"scroll","background-type":"","background-media":"","overlay-type":"","overlay-color":"","overlay-opacity":"","overlay-gradient":""}},"footnotes":""},"categories":[1,107,29],"tags":[],"class_list":["post-3181","post","type-post","status-publish","format-standard","has-post-thumbnail","hentry","category-general","category-noticies-del-centre","category-portada"],"post_mailing_queue_ids":[],"_links":{"self":[{"href":"https:\/\/agora.xtec.cat\/iestorredelpalau\/wp-json\/wp\/v2\/posts\/3181","targetHints":{"allow":["GET"]}}],"collection":[{"href":"https:\/\/agora.xtec.cat\/iestorredelpalau\/wp-json\/wp\/v2\/posts"}],"about":[{"href":"https:\/\/agora.xtec.cat\/iestorredelpalau\/wp-json\/wp\/v2\/types\/post"}],"author":[{"embeddable":true,"href":"https:\/\/agora.xtec.cat\/iestorredelpalau\/wp-json\/wp\/v2\/users\/1"}],"replies":[{"embeddable":true,"href":"https:\/\/agora.xtec.cat\/iestorredelpalau\/wp-json\/wp\/v2\/comments?post=3181"}],"version-history":[{"count":3,"href":"https:\/\/agora.xtec.cat\/iestorredelpalau\/wp-json\/wp\/v2\/posts\/3181\/revisions"}],"predecessor-version":[{"id":3190,"href":"https:\/\/agora.xtec.cat\/iestorredelpalau\/wp-json\/wp\/v2\/posts\/3181\/revisions\/3190"}],"wp:featuredmedia":[{"embeddable":true,"href":"https:\/\/agora.xtec.cat\/iestorredelpalau\/wp-json\/wp\/v2\/media\/3189"}],"wp:attachment":[{"href":"https:\/\/agora.xtec.cat\/iestorredelpalau\/wp-json\/wp\/v2\/media?parent=3181"}],"wp:term":[{"taxonomy":"category","embeddable":true,"href":"https:\/\/agora.xtec.cat\/iestorredelpalau\/wp-json\/wp\/v2\/categories?post=3181"},{"taxonomy":"post_tag","embeddable":true,"href":"https:\/\/agora.xtec.cat\/iestorredelpalau\/wp-json\/wp\/v2\/tags?post=3181"}],"curies":[{"name":"wp","href":"https:\/\/api.w.org\/{rel}","templated":true}]}}