{"id":2862,"date":"2019-06-25T15:40:42","date_gmt":"2019-06-25T13:40:42","guid":{"rendered":"http:\/\/agora.xtec.cat\/iestorredelpalau\/?p=2862"},"modified":"2019-06-25T15:45:17","modified_gmt":"2019-06-25T13:45:17","slug":"comunicat-sobre-les-circumstancies-excepcionals-de-lliurament-de-notes-dema-26-de-juny","status":"publish","type":"post","link":"https:\/\/agora.xtec.cat\/iestorredelpalau\/general\/comunicat-sobre-les-circumstancies-excepcionals-de-lliurament-de-notes-dema-26-de-juny\/","title":{"rendered":"COMUNICAT: Sobre les circumst\u00e0ncies excepcionals de lliurament de notes dem\u00e0 26 de juny"},"content":{"rendered":"<p><strong>Sobre les circumst\u00e0ncies excepcionals de lliurament de notes dem\u00e0 26 de juny<\/strong><\/p>\n<p>A les fam\u00edlies de cursos ESO i primer de Batxillerat<\/p>\n<p>Com sabeu pels mitjans de comunicaci\u00f3, durant aquests dies han estat informant de qu\u00e8 el programa del Departament d\u2019Educaci\u00f3 de la Generalitat de Catalunya per posar notes, anomenat ESFERA, no est\u00e0 funcionant com cal. Aix\u00f2 afecta a tots els centres educatius p\u00fablics de Prim\u00e0ria i Secund\u00e0ria de tot Catalunya.<\/p>\n<p>Aquest mal funcionament ha provocat una gran inversi\u00f3 d\u2019hores del professorat dels centres per introduir notes en un programa que no garanteix un funcionament estable. El mateix Departament d\u2019Educaci\u00f3 va recon\u00e8ixer la greu situaci\u00f3 en un comunicat publicat el 21 de juny. Ho podeu llegir aqu\u00ed: <a href=\"http:\/\/ensenyament.gencat.cat\/ca\/inici\/nota-premsa\/?id=364902\" data-saferedirecturl=\"https:\/\/www.google.com\/url?q=http:\/\/ensenyament.gencat.cat\/ca\/inici\/nota-premsa\/?id%3D364902&amp;source=gmail&amp;ust=1561553155879000&amp;usg=AFQjCNFFYBXvk-Kqy7jAyXbk_ZaNoxwoEQ\">http:\/\/ensenyament.gencat.cat\/ca\/inici\/nota-premsa\/?id=364902<\/a><\/p>\n<p>Davant aquesta situaci\u00f3 excepcional, l\u2019institut Torre del Palau no pot garantit la impressi\u00f3 de\u00a0 les notes oficials en paper i lliurar-les dem\u00e0 a les fam\u00edlies.<\/p>\n<p>Hem adoptat les seg\u00fcents decisions. Tamb\u00e9 us recordem processos de matriculaci\u00f3:<\/p>\n<ol>\n<li>Les fam\u00edlies d\u2019alumnes de primer i segon d\u2019ESO que ja tenen concertada hora amb els tutors i tutores podeu venir a l\u2019entrevista. Rebreu informaci\u00f3 sobre la marxa del vostre fill o filla, si ha aprovat o no i sobre la seva promoci\u00f3 per al proper curs.<\/li>\n<li>Tercer i quart d\u2019ESO: si hi ha hores concertades amb fam\u00edlies, continuen en marxa. La resta d\u2019alumnat dels dos cursos pot venir a parlar amb tutors o tutores a les 10 hores o amb la que els hagin indicat. A m\u00e9s, l\u2019alumnat de quart d\u2019ESO tindr\u00e0 la festa de \u00a0graduaci\u00f3 a les 12 hores i un aperitiu a les 13 hores.<\/li>\n<li>L\u2019alumnat de primer de Batxillerat tampoc tindr\u00e0 notes. Si ja les saben, no han de venir. Si s\u2019han presentat a les recuperacions, han de venir a parlar amb els seus tutors o tutores, a partir de les 10 hores. Nom\u00e9s seran informats si han aprovat o no.<\/li>\n<li>A l\u2019alumnat de quart d\u2019ESO que far\u00e0 Batxillerat no art\u00edstic se li donar\u00e0 el full de matr\u00edcula dem\u00e0 des de tutories.<\/li>\n<li>L\u2019alumnat de quart d\u2019ESO que far\u00e0 Batxillerat art\u00edstic ha d\u2019esperar al dia 8 de juliol, que \u00e9s quan es publiquen les llistes definitives.<\/li>\n<li>La matr\u00edcula per a tots els Batxillerats comen\u00e7ar\u00e0 el 9 de juliol. Acabar\u00e0 el 15 de juliol.<\/li>\n<li>L\u2019alumnat que aquest curs fa primer de Batxillerat pot venir dem\u00e0 a parlar amb els tutors o tutores i demanar el full de reserva de pla\u00e7a o matr\u00edcula.<\/li>\n<li>Sobre el lliurament de les notes oficials en paper a tota l\u2019ESO i primer de Batxillerat, us avisarem quan el programa ESFERA ens les deixi imprimir. Cada fam\u00edlia o alumne les haur\u00e0 de venir a recollir a Consergeria. Entenem que si ve l\u2019alumne ho fa en nom de la seva fam\u00edlia.<\/li>\n<\/ol>\n<p>Sentim que aquestes situacions passin. Per part nostra hem invertit els m\u00e0xims esfor\u00e7os perqu\u00e8\u00a0 vosaltres tingueu les notes. El Departament d\u2019Educaci\u00f3 \u00e9s el m\u00e0xim responsable. Les notes finals nom\u00e9s es poden donar en els documents oficials, trets de l\u2019aplicaci\u00f3 que no funciona com cal, ESFERA.<\/p>\n<p>Moltes gr\u00e0cies per la vostra comprensi\u00f3.<\/p>\n<p>Cordialment<\/p>\n<p>Evaristo Gonz\u00e1lez Prieto<\/p>\n<p>Director<\/p>\n","protected":false},"excerpt":{"rendered":"<p>Sobre les circumst\u00e0ncies excepcionals de lliurament de notes dem\u00e0 26 de juny A les fam\u00edlies de cursos ESO i primer de Batxillerat Com sabeu pels mitjans de comunicaci\u00f3, durant aquests dies han estat informant de qu\u00e8 el programa del Departament d\u2019Educaci\u00f3 de la Generalitat de Catalunya per posar notes, anomenat ESFERA, no est\u00e0 funcionant com [&hellip;]<\/p>\n","protected":false},"author":1,"featured_media":2865,"comment_status":"closed","ping_status":"closed","sticky":false,"template":"","format":"standard","meta":{"_bbp_topic_count":0,"_bbp_reply_count":0,"_bbp_total_topic_count":0,"_bbp_total_reply_count":0,"_bbp_voice_count":0,"_bbp_anonymous_reply_count":0,"_bbp_topic_count_hidden":0,"_bbp_reply_count_hidden":0,"_bbp_forum_subforum_count":0,"site-sidebar-layout":"default","site-content-layout":"","ast-site-content-layout":"","site-content-style":"default","site-sidebar-style":"default","ast-global-header-display":"","ast-banner-title-visibility":"","ast-main-header-display":"","ast-hfb-above-header-display":"","ast-hfb-below-header-display":"","ast-hfb-mobile-header-display":"","site-post-title":"","ast-breadcrumbs-content":"","ast-featured-img":"","footer-sml-layout":"","theme-transparent-header-meta":"","adv-header-id-meta":"","stick-header-meta":"","header-above-stick-meta":"","header-main-stick-meta":"","header-below-stick-meta":"","astra-migrate-meta-layouts":"default","ast-page-background-enabled":"default","ast-page-background-meta":{"desktop":{"background-color":"var(--ast-global-color-4)","background-image":"","background-repeat":"repeat","background-position":"center center","background-size":"auto","background-attachment":"scroll","background-type":"","background-media":"","overlay-type":"","overlay-color":"","overlay-opacity":"","overlay-gradient":""},"tablet":{"background-color":"","background-image":"","background-repeat":"repeat","background-position":"center center","background-size":"auto","background-attachment":"scroll","background-type":"","background-media":"","overlay-type":"","overlay-color":"","overlay-opacity":"","overlay-gradient":""},"mobile":{"background-color":"","background-image":"","background-repeat":"repeat","background-position":"center center","background-size":"auto","background-attachment":"scroll","background-type":"","background-media":"","overlay-type":"","overlay-color":"","overlay-opacity":"","overlay-gradient":""}},"ast-content-background-meta":{"desktop":{"background-color":"var(--ast-global-color-5)","background-image":"","background-repeat":"repeat","background-position":"center center","background-size":"auto","background-attachment":"scroll","background-type":"","background-media":"","overlay-type":"","overlay-color":"","overlay-opacity":"","overlay-gradient":""},"tablet":{"background-color":"var(--ast-global-color-5)","background-image":"","background-repeat":"repeat","background-position":"center center","background-size":"auto","background-attachment":"scroll","background-type":"","background-media":"","overlay-type":"","overlay-color":"","overlay-opacity":"","overlay-gradient":""},"mobile":{"background-color":"var(--ast-global-color-5)","background-image":"","background-repeat":"repeat","background-position":"center center","background-size":"auto","background-attachment":"scroll","background-type":"","background-media":"","overlay-type":"","overlay-color":"","overlay-opacity":"","overlay-gradient":""}},"footnotes":""},"categories":[1,107,29],"tags":[],"class_list":["post-2862","post","type-post","status-publish","format-standard","has-post-thumbnail","hentry","category-general","category-noticies-del-centre","category-portada"],"post_mailing_queue_ids":[],"_links":{"self":[{"href":"https:\/\/agora.xtec.cat\/iestorredelpalau\/wp-json\/wp\/v2\/posts\/2862","targetHints":{"allow":["GET"]}}],"collection":[{"href":"https:\/\/agora.xtec.cat\/iestorredelpalau\/wp-json\/wp\/v2\/posts"}],"about":[{"href":"https:\/\/agora.xtec.cat\/iestorredelpalau\/wp-json\/wp\/v2\/types\/post"}],"author":[{"embeddable":true,"href":"https:\/\/agora.xtec.cat\/iestorredelpalau\/wp-json\/wp\/v2\/users\/1"}],"replies":[{"embeddable":true,"href":"https:\/\/agora.xtec.cat\/iestorredelpalau\/wp-json\/wp\/v2\/comments?post=2862"}],"version-history":[{"count":1,"href":"https:\/\/agora.xtec.cat\/iestorredelpalau\/wp-json\/wp\/v2\/posts\/2862\/revisions"}],"predecessor-version":[{"id":2864,"href":"https:\/\/agora.xtec.cat\/iestorredelpalau\/wp-json\/wp\/v2\/posts\/2862\/revisions\/2864"}],"wp:featuredmedia":[{"embeddable":true,"href":"https:\/\/agora.xtec.cat\/iestorredelpalau\/wp-json\/wp\/v2\/media\/2865"}],"wp:attachment":[{"href":"https:\/\/agora.xtec.cat\/iestorredelpalau\/wp-json\/wp\/v2\/media?parent=2862"}],"wp:term":[{"taxonomy":"category","embeddable":true,"href":"https:\/\/agora.xtec.cat\/iestorredelpalau\/wp-json\/wp\/v2\/categories?post=2862"},{"taxonomy":"post_tag","embeddable":true,"href":"https:\/\/agora.xtec.cat\/iestorredelpalau\/wp-json\/wp\/v2\/tags?post=2862"}],"curies":[{"name":"wp","href":"https:\/\/api.w.org\/{rel}","templated":true}]}}