{"id":2830,"date":"2019-05-15T12:39:41","date_gmt":"2019-05-15T10:39:41","guid":{"rendered":"http:\/\/agora.xtec.cat\/iestorredelpalau\/?p=2830"},"modified":"2019-06-17T08:44:08","modified_gmt":"2019-06-17T06:44:08","slug":"festa-de-graduacio-2n-batxillerat","status":"publish","type":"post","link":"https:\/\/agora.xtec.cat\/iestorredelpalau\/general\/festa-de-graduacio-2n-batxillerat\/","title":{"rendered":"FESTA DE GRADUACI\u00d3 2N BATXILLERAT"},"content":{"rendered":"<p>&nbsp;<\/p>\n<p><a href=\"https:\/\/agora.xtec.cat\/iestorredelpalau\/wp-content\/uploads\/usu1331\/2019\/05\/IMG_1196.jpg\"><img loading=\"lazy\" decoding=\"async\" class=\"alignnone size-full wp-image-2841\" src=\"https:\/\/agora.xtec.cat\/iestorredelpalau\/wp-content\/uploads\/usu1331\/2019\/05\/IMG_1196.jpg\" alt=\"\" width=\"695\" height=\"900\" srcset=\"https:\/\/agora.xtec.cat\/iestorredelpalau\/wp-content\/uploads\/usu1331\/2019\/05\/IMG_1196.jpg 695w, https:\/\/agora.xtec.cat\/iestorredelpalau\/wp-content\/uploads\/usu1331\/2019\/05\/IMG_1196-232x300.jpg 232w\" sizes=\"auto, (max-width: 695px) 100vw, 695px\" \/><\/a><\/p>\n<h6>A les fam\u00edlies de l&#8217;alumnat de segon de Batxillerat<\/h6>\n<p>&nbsp;<\/p>\n<p><span style=\"color: #0000ff; background-color: #ffff00;\">MODIFICACI\u00d3 DELS LLOC DE L&#8217;ESDEVENIMENT: ESGL\u00c9SIA EVANGELICA Avda\/ Bejar 299, 24 de Maig 2019, a les 21:00h<\/span><\/p>\n<h6><\/h6>\n<h6>El proper divendres us convidem a assistir a un acte molt important per als vostres fills i filles: la festa de graducai\u00f3 que l&#8217;institut Torre del Palau organitza en el seu honor. Ells i elles seran els protagonistes. Representa la finalitzaci\u00f3 d&#8217;uns estudis i l&#8217;inici d&#8217;uns altres amb l&#8217;orientaci\u00f3 cap uns interessos professionals.<\/h6>\n<h6>Adjunt us envio el cartell de la festa.<\/h6>\n<h6>Comptem amb la vostra assist\u00e8ncia. L&#8217;acte comen\u00e7ar\u00e0 a partir de les 20:30 hores. No abans. Una vegada finalitzat, l&#8217;institut obsequiar\u00e0 al p\u00fablic assistent amb un aperitiu.<\/h6>\n<h6>Demanda de la vostra col.laboraci\u00f3:<\/h6>\n<h6>1. Col.locarem moltes cadires al pati principal del centre perqu\u00e8 pugeu seure. En finalitzar l&#8217;acte us agrairemm que ens ajudeu a ficar-les al centre, tal com us indicarem en aquell moment.<\/h6>\n<h6>2. Us agrairem tamb\u00e9 la utilitzaci\u00f3 de papereres, bosses i cubells per llen\u00e7ar els gots, plats, ampolles, una vegada utilitzades. Tot per mantenir l&#8217;espai net.<\/h6>\n<h6>El professorat del centre\u00a0 col.laborar\u00e0 al m\u00e0xim en els preparatius, en el contingut de l&#8217;acte, en servir l&#8217;aperitiu i, en finalitzar, en recollir-lo tot. El vostre ajut ser\u00e0 molt important.<\/h6>\n<h6>A nivell pr\u00e0ctic, compteu que l&#8217;aparcament de cotxes\u00a0 no ser\u00e0 f\u00e0cil. Millor o pujar a peu o deixar el cotxe en zones properes al centre, en la carretera d&#8217;acc\u00e9s.<\/h6>\n<h6>D&#8217;altra banda, al ser una acte que nom\u00e9s podrem fer en un espai obert, esperem comptar\u00a0 amb una meteorologia que ens sigui favorable.<\/h6>\n<h6><\/h6>\n<h6>Moltes gr\u00e0cies per la vostra assist\u00e8ncia i, sobretot, molts \u00e8xits per als vostres fills i filles en la nova etapa vital que se&#8217;ls obre.<\/h6>\n<h6><\/h6>\n<h6>Cordialment<\/h6>\n<h6><\/h6>\n<h6>Evaristo Gonz\u00e1lez Prieto<\/h6>\n<h6>Director<\/h6>\n","protected":false},"excerpt":{"rendered":"<p>&nbsp; A les fam\u00edlies de l&#8217;alumnat de segon de Batxillerat &nbsp; MODIFICACI\u00d3 DELS LLOC DE L&#8217;ESDEVENIMENT: ESGL\u00c9SIA EVANGELICA Avda\/ Bejar 299, 24 de Maig 2019, a les 21:00h El proper divendres us convidem a assistir a un acte molt important per als vostres fills i filles: la festa de graducai\u00f3 que l&#8217;institut Torre del Palau [&hellip;]<\/p>\n","protected":false},"author":1,"featured_media":2841,"comment_status":"closed","ping_status":"closed","sticky":false,"template":"","format":"standard","meta":{"_bbp_topic_count":0,"_bbp_reply_count":0,"_bbp_total_topic_count":0,"_bbp_total_reply_count":0,"_bbp_voice_count":0,"_bbp_anonymous_reply_count":0,"_bbp_topic_count_hidden":0,"_bbp_reply_count_hidden":0,"_bbp_forum_subforum_count":0,"site-sidebar-layout":"default","site-content-layout":"","ast-site-content-layout":"","site-content-style":"default","site-sidebar-style":"default","ast-global-header-display":"","ast-banner-title-visibility":"","ast-main-header-display":"","ast-hfb-above-header-display":"","ast-hfb-below-header-display":"","ast-hfb-mobile-header-display":"","site-post-title":"","ast-breadcrumbs-content":"","ast-featured-img":"","footer-sml-layout":"","theme-transparent-header-meta":"","adv-header-id-meta":"","stick-header-meta":"","header-above-stick-meta":"","header-main-stick-meta":"","header-below-stick-meta":"","astra-migrate-meta-layouts":"default","ast-page-background-enabled":"default","ast-page-background-meta":{"desktop":{"background-color":"var(--ast-global-color-4)","background-image":"","background-repeat":"repeat","background-position":"center center","background-size":"auto","background-attachment":"scroll","background-type":"","background-media":"","overlay-type":"","overlay-color":"","overlay-opacity":"","overlay-gradient":""},"tablet":{"background-color":"","background-image":"","background-repeat":"repeat","background-position":"center center","background-size":"auto","background-attachment":"scroll","background-type":"","background-media":"","overlay-type":"","overlay-color":"","overlay-opacity":"","overlay-gradient":""},"mobile":{"background-color":"","background-image":"","background-repeat":"repeat","background-position":"center center","background-size":"auto","background-attachment":"scroll","background-type":"","background-media":"","overlay-type":"","overlay-color":"","overlay-opacity":"","overlay-gradient":""}},"ast-content-background-meta":{"desktop":{"background-color":"var(--ast-global-color-5)","background-image":"","background-repeat":"repeat","background-position":"center center","background-size":"auto","background-attachment":"scroll","background-type":"","background-media":"","overlay-type":"","overlay-color":"","overlay-opacity":"","overlay-gradient":""},"tablet":{"background-color":"var(--ast-global-color-5)","background-image":"","background-repeat":"repeat","background-position":"center center","background-size":"auto","background-attachment":"scroll","background-type":"","background-media":"","overlay-type":"","overlay-color":"","overlay-opacity":"","overlay-gradient":""},"mobile":{"background-color":"var(--ast-global-color-5)","background-image":"","background-repeat":"repeat","background-position":"center center","background-size":"auto","background-attachment":"scroll","background-type":"","background-media":"","overlay-type":"","overlay-color":"","overlay-opacity":"","overlay-gradient":""}},"footnotes":""},"categories":[8,1,107,29],"tags":[],"class_list":["post-2830","post","type-post","status-publish","format-standard","has-post-thumbnail","hentry","category-batxillerat","category-general","category-noticies-del-centre","category-portada"],"post_mailing_queue_ids":[],"_links":{"self":[{"href":"https:\/\/agora.xtec.cat\/iestorredelpalau\/wp-json\/wp\/v2\/posts\/2830","targetHints":{"allow":["GET"]}}],"collection":[{"href":"https:\/\/agora.xtec.cat\/iestorredelpalau\/wp-json\/wp\/v2\/posts"}],"about":[{"href":"https:\/\/agora.xtec.cat\/iestorredelpalau\/wp-json\/wp\/v2\/types\/post"}],"author":[{"embeddable":true,"href":"https:\/\/agora.xtec.cat\/iestorredelpalau\/wp-json\/wp\/v2\/users\/1"}],"replies":[{"embeddable":true,"href":"https:\/\/agora.xtec.cat\/iestorredelpalau\/wp-json\/wp\/v2\/comments?post=2830"}],"version-history":[{"count":3,"href":"https:\/\/agora.xtec.cat\/iestorredelpalau\/wp-json\/wp\/v2\/posts\/2830\/revisions"}],"predecessor-version":[{"id":2843,"href":"https:\/\/agora.xtec.cat\/iestorredelpalau\/wp-json\/wp\/v2\/posts\/2830\/revisions\/2843"}],"wp:featuredmedia":[{"embeddable":true,"href":"https:\/\/agora.xtec.cat\/iestorredelpalau\/wp-json\/wp\/v2\/media\/2841"}],"wp:attachment":[{"href":"https:\/\/agora.xtec.cat\/iestorredelpalau\/wp-json\/wp\/v2\/media?parent=2830"}],"wp:term":[{"taxonomy":"category","embeddable":true,"href":"https:\/\/agora.xtec.cat\/iestorredelpalau\/wp-json\/wp\/v2\/categories?post=2830"},{"taxonomy":"post_tag","embeddable":true,"href":"https:\/\/agora.xtec.cat\/iestorredelpalau\/wp-json\/wp\/v2\/tags?post=2830"}],"curies":[{"name":"wp","href":"https:\/\/api.w.org\/{rel}","templated":true}]}}