{"id":2480,"date":"2018-11-14T11:02:56","date_gmt":"2018-11-14T10:02:56","guid":{"rendered":"http:\/\/agora.xtec.cat\/iestorredelpalau\/?p=2480"},"modified":"2018-11-16T09:33:07","modified_gmt":"2018-11-16T08:33:07","slug":"calendaris-de-grup-classe-ja-son-operatius","status":"publish","type":"post","link":"https:\/\/agora.xtec.cat\/iestorredelpalau\/general\/calendaris-de-grup-classe-ja-son-operatius\/","title":{"rendered":"CALENDARIS DE GRUP-CLASSE JA S\u00d3N OPERATIUS"},"content":{"rendered":"<p>&nbsp;<\/p>\n<p><span style=\"font-family: arial, helvetica, sans-serif; color: #000000; font-size: 24px;\">CALENDARIS GRUP-CLASSE JA ESTAN OPERTIUS:<\/span><\/p>\n<p><span style=\"font-family: arial, helvetica, sans-serif; font-size: 14px;\">Calendaris <strong><span style=\"color: #0000ff;\">realitzats per alumnes<\/span><\/strong> de tots els grups d\u2019ESO, en els que s\u2019especifiquen els esdeveniments d\u2019examens i deures m\u00e9s importants del curs. Aquests calendaris <strong><span style=\"color: #0000ff;\">s\u00f3n <\/span><span style=\"color: #0000ff;\"><strong>ori<\/strong>entatius i no comporten l\u2019oficilialitat \u00a0d\u2019un esdeveniment.<\/span><\/strong>\u00a0\u00danicament representen una eina m\u00e9s en el desenvolupament aut\u00f2nom d\u2019un grup classe i recolzament a aquells alumnes que per diferents motius no hagin apuntat a la seva agenda els anomenats esdeveniments.<\/span><\/p>\n<hr \/>\n<p><strong><span style=\"color: #ff0000;\">COM ACCEDIR-HI !!!<\/span><\/strong><\/p>\n<p><a href=\"https:\/\/agora.xtec.cat\/iestorredelpalau\/wp-content\/uploads\/usu1331\/2018\/11\/foto1-.png\"><img loading=\"lazy\" decoding=\"async\" class=\"size-full wp-image-2486 alignleft\" src=\"https:\/\/agora.xtec.cat\/iestorredelpalau\/wp-content\/uploads\/usu1331\/2018\/11\/foto1-.png\" alt=\"\" width=\"310\" height=\"526\" srcset=\"https:\/\/agora.xtec.cat\/iestorredelpalau\/wp-content\/uploads\/usu1331\/2018\/11\/foto1-.png 310w, https:\/\/agora.xtec.cat\/iestorredelpalau\/wp-content\/uploads\/usu1331\/2018\/11\/foto1--177x300.png 177w\" sizes=\"auto, (max-width: 310px) 100vw, 310px\" \/><\/a><a href=\"https:\/\/agora.xtec.cat\/iestorredelpalau\/estudis\/eso-1\/\"><img loading=\"lazy\" decoding=\"async\" class=\"aligncenter wp-image-2482\" src=\"https:\/\/agora.xtec.cat\/iestorredelpalau\/wp-content\/uploads\/usu1331\/2018\/11\/Captura-de-pantalla-2018-11-14-a-las-10.35.11.png\" alt=\"\" width=\"654\" height=\"327\" srcset=\"https:\/\/agora.xtec.cat\/iestorredelpalau\/wp-content\/uploads\/usu1331\/2018\/11\/Captura-de-pantalla-2018-11-14-a-las-10.35.11.png 906w, https:\/\/agora.xtec.cat\/iestorredelpalau\/wp-content\/uploads\/usu1331\/2018\/11\/Captura-de-pantalla-2018-11-14-a-las-10.35.11-300x150.png 300w, https:\/\/agora.xtec.cat\/iestorredelpalau\/wp-content\/uploads\/usu1331\/2018\/11\/Captura-de-pantalla-2018-11-14-a-las-10.35.11-768x384.png 768w\" sizes=\"auto, (max-width: 654px) 100vw, 654px\" \/><\/a><\/p>\n<p>&nbsp;<\/p>\n<p>&nbsp;<\/p>\n<p>&nbsp;<\/p>\n<hr \/>\n<p><strong><span style=\"font-size: 28px; color: #ff0000;\">EXEMPLE D&#8217;UN CALENDARI DE CLASSE:<\/span><\/strong><\/p>\n<p><a href=\"https:\/\/agora.xtec.cat\/iestorredelpalau\/wp-content\/uploads\/usu1331\/2018\/11\/Captura-de-pantalla-2018-11-14-a-las-10.35.25.png\"><img loading=\"lazy\" decoding=\"async\" class=\"alignnone size-full wp-image-2481\" src=\"https:\/\/agora.xtec.cat\/iestorredelpalau\/wp-content\/uploads\/usu1331\/2018\/11\/Captura-de-pantalla-2018-11-14-a-las-10.35.25.png\" alt=\"\" width=\"886\" height=\"497\" srcset=\"https:\/\/agora.xtec.cat\/iestorredelpalau\/wp-content\/uploads\/usu1331\/2018\/11\/Captura-de-pantalla-2018-11-14-a-las-10.35.25.png 886w, https:\/\/agora.xtec.cat\/iestorredelpalau\/wp-content\/uploads\/usu1331\/2018\/11\/Captura-de-pantalla-2018-11-14-a-las-10.35.25-300x168.png 300w, https:\/\/agora.xtec.cat\/iestorredelpalau\/wp-content\/uploads\/usu1331\/2018\/11\/Captura-de-pantalla-2018-11-14-a-las-10.35.25-768x431.png 768w\" sizes=\"auto, (max-width: 886px) 100vw, 886px\" \/><\/a><\/p>\n","protected":false},"excerpt":{"rendered":"<p>&nbsp; CALENDARIS GRUP-CLASSE JA ESTAN OPERTIUS: Calendaris realitzats per alumnes de tots els grups d\u2019ESO, en els que s\u2019especifiquen els esdeveniments d\u2019examens i deures m\u00e9s importants del curs. Aquests calendaris s\u00f3n orientatius i no comporten l\u2019oficilialitat \u00a0d\u2019un esdeveniment.\u00a0\u00danicament representen una eina m\u00e9s en el desenvolupament aut\u00f2nom d\u2019un grup classe i recolzament a aquells alumnes que [&hellip;]<\/p>\n","protected":false},"author":1,"featured_media":2490,"comment_status":"closed","ping_status":"closed","sticky":false,"template":"","format":"standard","meta":{"_bbp_topic_count":0,"_bbp_reply_count":0,"_bbp_total_topic_count":0,"_bbp_total_reply_count":0,"_bbp_voice_count":0,"_bbp_anonymous_reply_count":0,"_bbp_topic_count_hidden":0,"_bbp_reply_count_hidden":0,"_bbp_forum_subforum_count":0,"site-sidebar-layout":"default","site-content-layout":"","ast-site-content-layout":"","site-content-style":"default","site-sidebar-style":"default","ast-global-header-display":"","ast-banner-title-visibility":"","ast-main-header-display":"","ast-hfb-above-header-display":"","ast-hfb-below-header-display":"","ast-hfb-mobile-header-display":"","site-post-title":"","ast-breadcrumbs-content":"","ast-featured-img":"","footer-sml-layout":"","theme-transparent-header-meta":"","adv-header-id-meta":"","stick-header-meta":"","header-above-stick-meta":"","header-main-stick-meta":"","header-below-stick-meta":"","astra-migrate-meta-layouts":"default","ast-page-background-enabled":"default","ast-page-background-meta":{"desktop":{"background-color":"var(--ast-global-color-4)","background-image":"","background-repeat":"repeat","background-position":"center center","background-size":"auto","background-attachment":"scroll","background-type":"","background-media":"","overlay-type":"","overlay-color":"","overlay-opacity":"","overlay-gradient":""},"tablet":{"background-color":"","background-image":"","background-repeat":"repeat","background-position":"center center","background-size":"auto","background-attachment":"scroll","background-type":"","background-media":"","overlay-type":"","overlay-color":"","overlay-opacity":"","overlay-gradient":""},"mobile":{"background-color":"","background-image":"","background-repeat":"repeat","background-position":"center center","background-size":"auto","background-attachment":"scroll","background-type":"","background-media":"","overlay-type":"","overlay-color":"","overlay-opacity":"","overlay-gradient":""}},"ast-content-background-meta":{"desktop":{"background-color":"var(--ast-global-color-5)","background-image":"","background-repeat":"repeat","background-position":"center center","background-size":"auto","background-attachment":"scroll","background-type":"","background-media":"","overlay-type":"","overlay-color":"","overlay-opacity":"","overlay-gradient":""},"tablet":{"background-color":"var(--ast-global-color-5)","background-image":"","background-repeat":"repeat","background-position":"center center","background-size":"auto","background-attachment":"scroll","background-type":"","background-media":"","overlay-type":"","overlay-color":"","overlay-opacity":"","overlay-gradient":""},"mobile":{"background-color":"var(--ast-global-color-5)","background-image":"","background-repeat":"repeat","background-position":"center center","background-size":"auto","background-attachment":"scroll","background-type":"","background-media":"","overlay-type":"","overlay-color":"","overlay-opacity":"","overlay-gradient":""}},"footnotes":""},"categories":[1,107,29],"tags":[],"class_list":["post-2480","post","type-post","status-publish","format-standard","has-post-thumbnail","hentry","category-general","category-noticies-del-centre","category-portada"],"post_mailing_queue_ids":[],"_links":{"self":[{"href":"https:\/\/agora.xtec.cat\/iestorredelpalau\/wp-json\/wp\/v2\/posts\/2480","targetHints":{"allow":["GET"]}}],"collection":[{"href":"https:\/\/agora.xtec.cat\/iestorredelpalau\/wp-json\/wp\/v2\/posts"}],"about":[{"href":"https:\/\/agora.xtec.cat\/iestorredelpalau\/wp-json\/wp\/v2\/types\/post"}],"author":[{"embeddable":true,"href":"https:\/\/agora.xtec.cat\/iestorredelpalau\/wp-json\/wp\/v2\/users\/1"}],"replies":[{"embeddable":true,"href":"https:\/\/agora.xtec.cat\/iestorredelpalau\/wp-json\/wp\/v2\/comments?post=2480"}],"version-history":[{"count":3,"href":"https:\/\/agora.xtec.cat\/iestorredelpalau\/wp-json\/wp\/v2\/posts\/2480\/revisions"}],"predecessor-version":[{"id":2499,"href":"https:\/\/agora.xtec.cat\/iestorredelpalau\/wp-json\/wp\/v2\/posts\/2480\/revisions\/2499"}],"wp:featuredmedia":[{"embeddable":true,"href":"https:\/\/agora.xtec.cat\/iestorredelpalau\/wp-json\/wp\/v2\/media\/2490"}],"wp:attachment":[{"href":"https:\/\/agora.xtec.cat\/iestorredelpalau\/wp-json\/wp\/v2\/media?parent=2480"}],"wp:term":[{"taxonomy":"category","embeddable":true,"href":"https:\/\/agora.xtec.cat\/iestorredelpalau\/wp-json\/wp\/v2\/categories?post=2480"},{"taxonomy":"post_tag","embeddable":true,"href":"https:\/\/agora.xtec.cat\/iestorredelpalau\/wp-json\/wp\/v2\/tags?post=2480"}],"curies":[{"name":"wp","href":"https:\/\/api.w.org\/{rel}","templated":true}]}}