{"id":2334,"date":"2018-09-27T13:36:45","date_gmt":"2018-09-27T11:36:45","guid":{"rendered":"http:\/\/agora.xtec.cat\/iestorredelpalau\/?p=2334"},"modified":"2018-09-27T13:43:45","modified_gmt":"2018-09-27T11:43:45","slug":"comunicat-a-les-families-del-centre","status":"publish","type":"post","link":"https:\/\/agora.xtec.cat\/iestorredelpalau\/general\/comunicat-a-les-families-del-centre\/","title":{"rendered":"COMUNICAT A LES FAM\u00cdLIES DEL CENTRE"},"content":{"rendered":"<p style=\"font-weight: 400;\">A les fam\u00edlies del centre<strong> a partir de tercer d&#8217;ESO<\/strong><\/p>\n<p style=\"font-weight: 400;\">L\u2019alumnat representant de tot el centre ha convocat vaga per al proper dilluns 1 d\u2019octubre, dins els terminis establerts per la normativa vigent. Tres representants van informar sobre aquest tema en la sessi\u00f3 ordin\u00e0ria del Consell Escolar 1, celebrada el dimarts 25 de setembre.<\/p>\n<p style=\"font-weight: 400;\">Han redactat un text explicatiu que recull els seus motius per afegir-se a la convocat\u00f2ria de vaga d\u2019alguns sindicats, adre\u00e7ada a centres educatius de secund\u00e0ria, ensenyaments post-obligatoris i en l\u2019\u00e0mbit universitari. S\u2019adjunta el text que han presentat a la direcci\u00f3 del centre, en els terminis que marca la normativa.<\/p>\n<p style=\"font-weight: 400;\">La direcci\u00f3 del centre no fa cap valoraci\u00f3 p\u00fablica ni cap comentari sobre les vagues ni sobre els seus motius. I menys la seva opini\u00f3 i postura personals, tal com ent\u00e9n que ha de ser en un centre educatiu p\u00fablic. Nom\u00e9s compleix la normativa del Departament d\u2019Ensenyament sobre aquest fet i la que recullen les Normes d\u2019Organitzaci\u00f3 i Funcionament del Centre (NOFC).<\/p>\n<p style=\"font-weight: 400;\">Entenem que hi haur\u00e0 fam\u00edlies i alumnes que estaran a favor i d\u2019altres en contra. Respectem totes les opinions i tamb\u00e9 les dues postures possibles: fer vaga o venir a classe amb normalitat.<\/p>\n<p style=\"font-weight: 400;\">La direcci\u00f3\u00a0\u00a0garanteix que el dilluns 1 d\u2019octubre l\u2019institut estar\u00e0 obert en el seu horari habitual: de 8:15 a 17:10 hores. Com sempre, s\u2019atendr\u00e0 l\u2019alumnat que vingui. Els continguts impartits s\u2019adaptaran al nombre d\u2019alumnes que assisteixin a cada classe.<\/p>\n<p style=\"font-weight: 400;\">L\u2019alumnat de tercer i quart d\u2019ESO han de retornar al tutor o tutora un full en paper signat per la fam\u00edlia conforme els autoritzen o no a afegir-se a la vaga. En cas negatiu, han de venir a classe.<\/p>\n<p style=\"font-weight: 400;\">Despr\u00e9s de tot l\u2019anterior, qualsevol aportaci\u00f3 que ens facin, pel mitj\u00e0 que sigui,\u00a0\u00a0ser\u00e0 ben rebuda per\u00f2, per respecte a les vostres opinions, no afegirem cap comentari ni resposta.<\/p>\n<p style=\"font-weight: 400;\">Gr\u00e0cies per la vostra comprensi\u00f3 i col\u00b7laboraci\u00f3.<\/p>\n<p>&nbsp;<\/p>\n<p style=\"font-weight: 400;\">Cordialment<\/p>\n<p style=\"font-weight: 400;\">Evaristo Gonz\u00e1lez Prieto<\/p>\n<p style=\"font-weight: 400;\">Director<\/p>\n<p>&nbsp;<\/p>\n<p>Document escrit per la representant sindical de l&#8217;alumnat:<\/p>\n<p><a href=\"https:\/\/drive.google.com\/file\/d\/1D7pt6SbiniL2F-2-aSZZHCJ14LAxTwUv\/view?usp=sharing\">Veure el document<\/a><\/p>\n","protected":false},"excerpt":{"rendered":"<p>A les fam\u00edlies del centre a partir de tercer d&#8217;ESO L\u2019alumnat representant de tot el centre ha convocat vaga per al proper dilluns 1 d\u2019octubre, dins els terminis establerts per la normativa vigent. Tres representants van informar sobre aquest tema en la sessi\u00f3 ordin\u00e0ria del Consell Escolar 1, celebrada el dimarts 25 de setembre. Han [&hellip;]<\/p>\n","protected":false},"author":1,"featured_media":2337,"comment_status":"closed","ping_status":"closed","sticky":false,"template":"","format":"standard","meta":{"_bbp_topic_count":0,"_bbp_reply_count":0,"_bbp_total_topic_count":0,"_bbp_total_reply_count":0,"_bbp_voice_count":0,"_bbp_anonymous_reply_count":0,"_bbp_topic_count_hidden":0,"_bbp_reply_count_hidden":0,"_bbp_forum_subforum_count":0,"site-sidebar-layout":"default","site-content-layout":"","ast-site-content-layout":"","site-content-style":"default","site-sidebar-style":"default","ast-global-header-display":"","ast-banner-title-visibility":"","ast-main-header-display":"","ast-hfb-above-header-display":"","ast-hfb-below-header-display":"","ast-hfb-mobile-header-display":"","site-post-title":"","ast-breadcrumbs-content":"","ast-featured-img":"","footer-sml-layout":"","theme-transparent-header-meta":"","adv-header-id-meta":"","stick-header-meta":"","header-above-stick-meta":"","header-main-stick-meta":"","header-below-stick-meta":"","astra-migrate-meta-layouts":"default","ast-page-background-enabled":"default","ast-page-background-meta":{"desktop":{"background-color":"var(--ast-global-color-4)","background-image":"","background-repeat":"repeat","background-position":"center center","background-size":"auto","background-attachment":"scroll","background-type":"","background-media":"","overlay-type":"","overlay-color":"","overlay-opacity":"","overlay-gradient":""},"tablet":{"background-color":"","background-image":"","background-repeat":"repeat","background-position":"center center","background-size":"auto","background-attachment":"scroll","background-type":"","background-media":"","overlay-type":"","overlay-color":"","overlay-opacity":"","overlay-gradient":""},"mobile":{"background-color":"","background-image":"","background-repeat":"repeat","background-position":"center center","background-size":"auto","background-attachment":"scroll","background-type":"","background-media":"","overlay-type":"","overlay-color":"","overlay-opacity":"","overlay-gradient":""}},"ast-content-background-meta":{"desktop":{"background-color":"var(--ast-global-color-5)","background-image":"","background-repeat":"repeat","background-position":"center center","background-size":"auto","background-attachment":"scroll","background-type":"","background-media":"","overlay-type":"","overlay-color":"","overlay-opacity":"","overlay-gradient":""},"tablet":{"background-color":"var(--ast-global-color-5)","background-image":"","background-repeat":"repeat","background-position":"center center","background-size":"auto","background-attachment":"scroll","background-type":"","background-media":"","overlay-type":"","overlay-color":"","overlay-opacity":"","overlay-gradient":""},"mobile":{"background-color":"var(--ast-global-color-5)","background-image":"","background-repeat":"repeat","background-position":"center center","background-size":"auto","background-attachment":"scroll","background-type":"","background-media":"","overlay-type":"","overlay-color":"","overlay-opacity":"","overlay-gradient":""}},"footnotes":""},"categories":[1,107,29],"tags":[],"class_list":["post-2334","post","type-post","status-publish","format-standard","has-post-thumbnail","hentry","category-general","category-noticies-del-centre","category-portada"],"post_mailing_queue_ids":[],"_links":{"self":[{"href":"https:\/\/agora.xtec.cat\/iestorredelpalau\/wp-json\/wp\/v2\/posts\/2334","targetHints":{"allow":["GET"]}}],"collection":[{"href":"https:\/\/agora.xtec.cat\/iestorredelpalau\/wp-json\/wp\/v2\/posts"}],"about":[{"href":"https:\/\/agora.xtec.cat\/iestorredelpalau\/wp-json\/wp\/v2\/types\/post"}],"author":[{"embeddable":true,"href":"https:\/\/agora.xtec.cat\/iestorredelpalau\/wp-json\/wp\/v2\/users\/1"}],"replies":[{"embeddable":true,"href":"https:\/\/agora.xtec.cat\/iestorredelpalau\/wp-json\/wp\/v2\/comments?post=2334"}],"version-history":[{"count":3,"href":"https:\/\/agora.xtec.cat\/iestorredelpalau\/wp-json\/wp\/v2\/posts\/2334\/revisions"}],"predecessor-version":[{"id":2339,"href":"https:\/\/agora.xtec.cat\/iestorredelpalau\/wp-json\/wp\/v2\/posts\/2334\/revisions\/2339"}],"wp:featuredmedia":[{"embeddable":true,"href":"https:\/\/agora.xtec.cat\/iestorredelpalau\/wp-json\/wp\/v2\/media\/2337"}],"wp:attachment":[{"href":"https:\/\/agora.xtec.cat\/iestorredelpalau\/wp-json\/wp\/v2\/media?parent=2334"}],"wp:term":[{"taxonomy":"category","embeddable":true,"href":"https:\/\/agora.xtec.cat\/iestorredelpalau\/wp-json\/wp\/v2\/categories?post=2334"},{"taxonomy":"post_tag","embeddable":true,"href":"https:\/\/agora.xtec.cat\/iestorredelpalau\/wp-json\/wp\/v2\/tags?post=2334"}],"curies":[{"name":"wp","href":"https:\/\/api.w.org\/{rel}","templated":true}]}}