{"id":2115,"date":"2018-06-29T23:05:45","date_gmt":"2018-06-29T21:05:45","guid":{"rendered":"http:\/\/agora.xtec.cat\/iestorredelpalau\/?p=2115"},"modified":"2018-06-29T23:17:58","modified_gmt":"2018-06-29T21:17:58","slug":"comiat-de-josep-oller-i-jordi-martin","status":"publish","type":"post","link":"https:\/\/agora.xtec.cat\/iestorredelpalau\/general\/comiat-de-josep-oller-i-jordi-martin\/","title":{"rendered":"COMIAT DE JOSEP OLLER I JORDI MART\u00cdN"},"content":{"rendered":"<p>L&#8217;Institut Torre del Palau vol donar les gr\u00e0cies i agrair la feina de dos professors que no segueixen en el nostre equip l&#8217;any que v\u00e9, s\u00f3n companys que han destacat pel seu comprom\u00eds i empreneduria al nostre centre aquests darrers anys. Bona jubilaci\u00f3 a Josep Oller, bona adaptaci\u00f3 al nou centre i a la nova feina a Jordi Mart\u00edn.<\/p>\n<p>&nbsp;<\/p>\n<figure id=\"attachment_2118\" aria-describedby=\"caption-attachment-2118\" style=\"width: 1024px\" class=\"wp-caption alignnone\"><a href=\"http:\/\/agora.xtec.cat\/iestorredelpalau\/wp-content\/uploads\/usu1331\/2018\/06\/IMG_20180629_135942.jpg\"><img loading=\"lazy\" decoding=\"async\" class=\"size-large wp-image-2118\" src=\"http:\/\/agora.xtec.cat\/iestorredelpalau\/wp-content\/uploads\/usu1331\/2018\/06\/IMG_20180629_135942-1024x768.jpg\" alt=\"\" width=\"1024\" height=\"768\" srcset=\"https:\/\/agora.xtec.cat\/iestorredelpalau\/wp-content\/uploads\/usu1331\/2018\/06\/IMG_20180629_135942-1024x768.jpg 1024w, https:\/\/agora.xtec.cat\/iestorredelpalau\/wp-content\/uploads\/usu1331\/2018\/06\/IMG_20180629_135942-300x225.jpg 300w, https:\/\/agora.xtec.cat\/iestorredelpalau\/wp-content\/uploads\/usu1331\/2018\/06\/IMG_20180629_135942-768x576.jpg 768w, https:\/\/agora.xtec.cat\/iestorredelpalau\/wp-content\/uploads\/usu1331\/2018\/06\/IMG_20180629_135942-200x150.jpg 200w\" sizes=\"auto, (max-width: 1024px) 100vw, 1024px\" \/><\/a><figcaption id=\"caption-attachment-2118\" class=\"wp-caption-text\">dav<\/figcaption><\/figure>\n<figure id=\"attachment_2117\" aria-describedby=\"caption-attachment-2117\" style=\"width: 1024px\" class=\"wp-caption alignnone\"><a href=\"http:\/\/agora.xtec.cat\/iestorredelpalau\/wp-content\/uploads\/usu1331\/2018\/06\/IMG_20180629_135938.jpg\"><img loading=\"lazy\" decoding=\"async\" class=\"size-large wp-image-2117\" src=\"http:\/\/agora.xtec.cat\/iestorredelpalau\/wp-content\/uploads\/usu1331\/2018\/06\/IMG_20180629_135938-1024x768.jpg\" alt=\"\" width=\"1024\" height=\"768\" srcset=\"https:\/\/agora.xtec.cat\/iestorredelpalau\/wp-content\/uploads\/usu1331\/2018\/06\/IMG_20180629_135938-1024x768.jpg 1024w, https:\/\/agora.xtec.cat\/iestorredelpalau\/wp-content\/uploads\/usu1331\/2018\/06\/IMG_20180629_135938-300x225.jpg 300w, https:\/\/agora.xtec.cat\/iestorredelpalau\/wp-content\/uploads\/usu1331\/2018\/06\/IMG_20180629_135938-768x576.jpg 768w, https:\/\/agora.xtec.cat\/iestorredelpalau\/wp-content\/uploads\/usu1331\/2018\/06\/IMG_20180629_135938-200x150.jpg 200w\" sizes=\"auto, (max-width: 1024px) 100vw, 1024px\" \/><\/a><figcaption id=\"caption-attachment-2117\" class=\"wp-caption-text\">dav<\/figcaption><\/figure>\n<p>&nbsp;<\/p>\n<p><a href=\"http:\/\/agora.xtec.cat\/iestorredelpalau\/wp-content\/uploads\/usu1331\/2018\/06\/PHOTO-2018-06-29-14-54-09-2.jpg\"><img loading=\"lazy\" decoding=\"async\" class=\"alignnone size-large wp-image-2116\" src=\"http:\/\/agora.xtec.cat\/iestorredelpalau\/wp-content\/uploads\/usu1331\/2018\/06\/PHOTO-2018-06-29-14-54-09-2-1024x768.jpg\" alt=\"\" width=\"1024\" height=\"768\" srcset=\"https:\/\/agora.xtec.cat\/iestorredelpalau\/wp-content\/uploads\/usu1331\/2018\/06\/PHOTO-2018-06-29-14-54-09-2-1024x768.jpg 1024w, https:\/\/agora.xtec.cat\/iestorredelpalau\/wp-content\/uploads\/usu1331\/2018\/06\/PHOTO-2018-06-29-14-54-09-2-300x225.jpg 300w, https:\/\/agora.xtec.cat\/iestorredelpalau\/wp-content\/uploads\/usu1331\/2018\/06\/PHOTO-2018-06-29-14-54-09-2-768x576.jpg 768w, https:\/\/agora.xtec.cat\/iestorredelpalau\/wp-content\/uploads\/usu1331\/2018\/06\/PHOTO-2018-06-29-14-54-09-2-200x150.jpg 200w, https:\/\/agora.xtec.cat\/iestorredelpalau\/wp-content\/uploads\/usu1331\/2018\/06\/PHOTO-2018-06-29-14-54-09-2.jpg 1600w\" sizes=\"auto, (max-width: 1024px) 100vw, 1024px\" \/><\/a><\/p>\n","protected":false},"excerpt":{"rendered":"<p>L&#8217;Institut Torre del Palau vol donar les gr\u00e0cies i agrair la feina de dos professors que no segueixen en el nostre equip l&#8217;any que v\u00e9, s\u00f3n companys que han destacat pel seu comprom\u00eds i empreneduria al nostre centre aquests darrers anys. Bona jubilaci\u00f3 a Josep Oller, bona adaptaci\u00f3 al nou centre i a la nova feina a Jordi Mart\u00edn.<\/p>\n","protected":false},"author":1,"featured_media":2118,"comment_status":"closed","ping_status":"closed","sticky":false,"template":"","format":"standard","meta":{"_bbp_topic_count":0,"_bbp_reply_count":0,"_bbp_total_topic_count":0,"_bbp_total_reply_count":0,"_bbp_voice_count":0,"_bbp_anonymous_reply_count":0,"_bbp_topic_count_hidden":0,"_bbp_reply_count_hidden":0,"_bbp_forum_subforum_count":0,"site-sidebar-layout":"default","site-content-layout":"","ast-site-content-layout":"","site-content-style":"default","site-sidebar-style":"default","ast-global-header-display":"","ast-banner-title-visibility":"","ast-main-header-display":"","ast-hfb-above-header-display":"","ast-hfb-below-header-display":"","ast-hfb-mobile-header-display":"","site-post-title":"","ast-breadcrumbs-content":"","ast-featured-img":"","footer-sml-layout":"","theme-transparent-header-meta":"","adv-header-id-meta":"","stick-header-meta":"","header-above-stick-meta":"","header-main-stick-meta":"","header-below-stick-meta":"","astra-migrate-meta-layouts":"default","ast-page-background-enabled":"default","ast-page-background-meta":{"desktop":{"background-color":"var(--ast-global-color-4)","background-image":"","background-repeat":"repeat","background-position":"center center","background-size":"auto","background-attachment":"scroll","background-type":"","background-media":"","overlay-type":"","overlay-color":"","overlay-opacity":"","overlay-gradient":""},"tablet":{"background-color":"","background-image":"","background-repeat":"repeat","background-position":"center center","background-size":"auto","background-attachment":"scroll","background-type":"","background-media":"","overlay-type":"","overlay-color":"","overlay-opacity":"","overlay-gradient":""},"mobile":{"background-color":"","background-image":"","background-repeat":"repeat","background-position":"center center","background-size":"auto","background-attachment":"scroll","background-type":"","background-media":"","overlay-type":"","overlay-color":"","overlay-opacity":"","overlay-gradient":""}},"ast-content-background-meta":{"desktop":{"background-color":"var(--ast-global-color-5)","background-image":"","background-repeat":"repeat","background-position":"center center","background-size":"auto","background-attachment":"scroll","background-type":"","background-media":"","overlay-type":"","overlay-color":"","overlay-opacity":"","overlay-gradient":""},"tablet":{"background-color":"var(--ast-global-color-5)","background-image":"","background-repeat":"repeat","background-position":"center center","background-size":"auto","background-attachment":"scroll","background-type":"","background-media":"","overlay-type":"","overlay-color":"","overlay-opacity":"","overlay-gradient":""},"mobile":{"background-color":"var(--ast-global-color-5)","background-image":"","background-repeat":"repeat","background-position":"center center","background-size":"auto","background-attachment":"scroll","background-type":"","background-media":"","overlay-type":"","overlay-color":"","overlay-opacity":"","overlay-gradient":""}},"footnotes":""},"categories":[1,107,29],"tags":[],"class_list":["post-2115","post","type-post","status-publish","format-standard","has-post-thumbnail","hentry","category-general","category-noticies-del-centre","category-portada"],"post_mailing_queue_ids":[],"_links":{"self":[{"href":"https:\/\/agora.xtec.cat\/iestorredelpalau\/wp-json\/wp\/v2\/posts\/2115","targetHints":{"allow":["GET"]}}],"collection":[{"href":"https:\/\/agora.xtec.cat\/iestorredelpalau\/wp-json\/wp\/v2\/posts"}],"about":[{"href":"https:\/\/agora.xtec.cat\/iestorredelpalau\/wp-json\/wp\/v2\/types\/post"}],"author":[{"embeddable":true,"href":"https:\/\/agora.xtec.cat\/iestorredelpalau\/wp-json\/wp\/v2\/users\/1"}],"replies":[{"embeddable":true,"href":"https:\/\/agora.xtec.cat\/iestorredelpalau\/wp-json\/wp\/v2\/comments?post=2115"}],"version-history":[{"count":3,"href":"https:\/\/agora.xtec.cat\/iestorredelpalau\/wp-json\/wp\/v2\/posts\/2115\/revisions"}],"predecessor-version":[{"id":2122,"href":"https:\/\/agora.xtec.cat\/iestorredelpalau\/wp-json\/wp\/v2\/posts\/2115\/revisions\/2122"}],"wp:featuredmedia":[{"embeddable":true,"href":"https:\/\/agora.xtec.cat\/iestorredelpalau\/wp-json\/wp\/v2\/media\/2118"}],"wp:attachment":[{"href":"https:\/\/agora.xtec.cat\/iestorredelpalau\/wp-json\/wp\/v2\/media?parent=2115"}],"wp:term":[{"taxonomy":"category","embeddable":true,"href":"https:\/\/agora.xtec.cat\/iestorredelpalau\/wp-json\/wp\/v2\/categories?post=2115"},{"taxonomy":"post_tag","embeddable":true,"href":"https:\/\/agora.xtec.cat\/iestorredelpalau\/wp-json\/wp\/v2\/tags?post=2115"}],"curies":[{"name":"wp","href":"https:\/\/api.w.org\/{rel}","templated":true}]}}