{"id":2073,"date":"2018-06-11T13:22:12","date_gmt":"2018-06-11T11:22:12","guid":{"rendered":"http:\/\/agora.xtec.cat\/iestorredelpalau\/?p=2073"},"modified":"2018-06-22T17:47:13","modified_gmt":"2018-06-22T15:47:13","slug":"comunicat-a-les-families-per-al-final-de-curs","status":"publish","type":"post","link":"https:\/\/agora.xtec.cat\/iestorredelpalau\/general\/comunicat-a-les-families-per-al-final-de-curs\/","title":{"rendered":"COMUNICAT A LES FAM\u00cdLIES PER AL FINAL DE CURS (11\/06\/2018)"},"content":{"rendered":"<p>A les fam\u00edlies del centre<\/p>\n<p>Us recordem que el dilluns 11 de juny comen\u00e7ar\u00e0 la jornada intensiva per als cursos ESO. Aix\u00f2 vol dir que l&#8217;activitat lectiva acaba a les 13:45 hores cada dia en el que queda de curs i que no hi haur\u00e0 classes els dilluns i dimarts per la tarda. Aquesta informaci\u00f3 ja figurava en el calendari acumulat enviat fa uns quants dies.<\/p>\n<p>Adjunt teniu el calendari de sortides de final de curs, especificades per cursos. En la columna d&#8217;observacions figura l&#8217;hora en qu\u00e8 se sortir\u00e0 i l&#8217;hora aproximada de tornada. Tot dependr\u00e0 del transport i de l&#8217;estat del tr\u00e0nsit.<\/p>\n<p>Cordialment<\/p>\n<p>Evaristo Gonz\u00e1lez Prieto<\/p>\n<p>Director<\/p>\n<p><a href=\"http:\/\/agora.xtec.cat\/iestorredelpalau\/wp-content\/uploads\/usu1331\/2018\/06\/SORTIDES-FINAL-DE-CURS-2017-18.pdf\">SORTIDES FINAL DE CURS 2018<\/a><\/p>\n<p>&nbsp;<\/p>\n<p><a href=\"http:\/\/agora.xtec.cat\/iestorredelpalau\/wp-content\/uploads\/usu1331\/2018\/06\/FINAL-DE-CURS.jpg\"><img loading=\"lazy\" decoding=\"async\" class=\"alignnone size-full wp-image-2075\" src=\"http:\/\/agora.xtec.cat\/iestorredelpalau\/wp-content\/uploads\/usu1331\/2018\/06\/FINAL-DE-CURS.jpg\" alt=\"\" width=\"584\" height=\"194\" srcset=\"https:\/\/agora.xtec.cat\/iestorredelpalau\/wp-content\/uploads\/usu1331\/2018\/06\/FINAL-DE-CURS.jpg 584w, https:\/\/agora.xtec.cat\/iestorredelpalau\/wp-content\/uploads\/usu1331\/2018\/06\/FINAL-DE-CURS-300x100.jpg 300w\" sizes=\"auto, (max-width: 584px) 100vw, 584px\" \/><\/a><\/p>\n<p>De cara al final del curs 2017-2018 hem elaborat un\u00a0<a href=\"https:\/\/drive.google.com\/file\/d\/12FVWLpmmim7hVlQbRGpTvLiGyRhW6HSE\/view?usp=sharing\"><strong>calendari<\/strong><\/a>\u00a0acumulatiu amb fets, gestions, activitats i documentaci\u00f3 que cal tenir en compte. Aix\u00ed tindreu una visi\u00f3 general i espec\u00edfica de tots els processos fins al mes de juliol.<\/p>\n<p>&nbsp;<\/p>\n<p>&nbsp;<\/p>\n<p><iframe loading=\"lazy\" src=\"https:\/\/drive.google.com\/file\/d\/12FVWLpmmim7hVlQbRGpTvLiGyRhW6HSE\/preview\" width=\"1000\" height=\"1200\"><\/iframe><\/p>\n<p>&nbsp;<\/p>\n<p>&nbsp;<\/p>\n","protected":false},"excerpt":{"rendered":"<p>A les fam\u00edlies del centre<\/p>\n<p>Us recordem que el dilluns 11 de juny comen\u00e7ar\u00e0 la jornada intensiva per als cursos ESO. Aix\u00f2 vol dir que l&#8217;activitat lectiva acaba a les 13:45 hores cada dia en el que queda de curs i que no hi haur\u00e0 classes els dilluns i dimarts per la tarda. Aquesta informaci\u00f3 ja figurava en el calendari acumulat enviat fa uns quants dies.<\/p>\n<p>Adjunt teniu el calendari de sortides de final de curs, especificades per cursos. En la columna d&#8217;observacions figura l&#8217;hora en qu\u00e8 se sortir\u00e0 i l&#8217;hora aproximada de tornada. Tot dependr\u00e0 del transport i de l&#8217;estat del tr\u00e0nsit.<\/p>\n<p>Cordialment<\/p>\n<p>Evaristo Gonz\u00e1lez Prieto<\/p>\n<p>Director<\/p>\n","protected":false},"author":1,"featured_media":2075,"comment_status":"closed","ping_status":"closed","sticky":false,"template":"","format":"standard","meta":{"_bbp_topic_count":0,"_bbp_reply_count":0,"_bbp_total_topic_count":0,"_bbp_total_reply_count":0,"_bbp_voice_count":0,"_bbp_anonymous_reply_count":0,"_bbp_topic_count_hidden":0,"_bbp_reply_count_hidden":0,"_bbp_forum_subforum_count":0,"site-sidebar-layout":"default","site-content-layout":"","ast-site-content-layout":"","site-content-style":"default","site-sidebar-style":"default","ast-global-header-display":"","ast-banner-title-visibility":"","ast-main-header-display":"","ast-hfb-above-header-display":"","ast-hfb-below-header-display":"","ast-hfb-mobile-header-display":"","site-post-title":"","ast-breadcrumbs-content":"","ast-featured-img":"","footer-sml-layout":"","theme-transparent-header-meta":"","adv-header-id-meta":"","stick-header-meta":"","header-above-stick-meta":"","header-main-stick-meta":"","header-below-stick-meta":"","astra-migrate-meta-layouts":"default","ast-page-background-enabled":"default","ast-page-background-meta":{"desktop":{"background-color":"var(--ast-global-color-4)","background-image":"","background-repeat":"repeat","background-position":"center center","background-size":"auto","background-attachment":"scroll","background-type":"","background-media":"","overlay-type":"","overlay-color":"","overlay-opacity":"","overlay-gradient":""},"tablet":{"background-color":"","background-image":"","background-repeat":"repeat","background-position":"center center","background-size":"auto","background-attachment":"scroll","background-type":"","background-media":"","overlay-type":"","overlay-color":"","overlay-opacity":"","overlay-gradient":""},"mobile":{"background-color":"","background-image":"","background-repeat":"repeat","background-position":"center center","background-size":"auto","background-attachment":"scroll","background-type":"","background-media":"","overlay-type":"","overlay-color":"","overlay-opacity":"","overlay-gradient":""}},"ast-content-background-meta":{"desktop":{"background-color":"var(--ast-global-color-5)","background-image":"","background-repeat":"repeat","background-position":"center center","background-size":"auto","background-attachment":"scroll","background-type":"","background-media":"","overlay-type":"","overlay-color":"","overlay-opacity":"","overlay-gradient":""},"tablet":{"background-color":"var(--ast-global-color-5)","background-image":"","background-repeat":"repeat","background-position":"center center","background-size":"auto","background-attachment":"scroll","background-type":"","background-media":"","overlay-type":"","overlay-color":"","overlay-opacity":"","overlay-gradient":""},"mobile":{"background-color":"var(--ast-global-color-5)","background-image":"","background-repeat":"repeat","background-position":"center center","background-size":"auto","background-attachment":"scroll","background-type":"","background-media":"","overlay-type":"","overlay-color":"","overlay-opacity":"","overlay-gradient":""}},"footnotes":""},"categories":[1,107,29],"tags":[],"class_list":["post-2073","post","type-post","status-publish","format-standard","has-post-thumbnail","hentry","category-general","category-noticies-del-centre","category-portada"],"post_mailing_queue_ids":[],"_links":{"self":[{"href":"https:\/\/agora.xtec.cat\/iestorredelpalau\/wp-json\/wp\/v2\/posts\/2073","targetHints":{"allow":["GET"]}}],"collection":[{"href":"https:\/\/agora.xtec.cat\/iestorredelpalau\/wp-json\/wp\/v2\/posts"}],"about":[{"href":"https:\/\/agora.xtec.cat\/iestorredelpalau\/wp-json\/wp\/v2\/types\/post"}],"author":[{"embeddable":true,"href":"https:\/\/agora.xtec.cat\/iestorredelpalau\/wp-json\/wp\/v2\/users\/1"}],"replies":[{"embeddable":true,"href":"https:\/\/agora.xtec.cat\/iestorredelpalau\/wp-json\/wp\/v2\/comments?post=2073"}],"version-history":[{"count":3,"href":"https:\/\/agora.xtec.cat\/iestorredelpalau\/wp-json\/wp\/v2\/posts\/2073\/revisions"}],"predecessor-version":[{"id":2105,"href":"https:\/\/agora.xtec.cat\/iestorredelpalau\/wp-json\/wp\/v2\/posts\/2073\/revisions\/2105"}],"wp:featuredmedia":[{"embeddable":true,"href":"https:\/\/agora.xtec.cat\/iestorredelpalau\/wp-json\/wp\/v2\/media\/2075"}],"wp:attachment":[{"href":"https:\/\/agora.xtec.cat\/iestorredelpalau\/wp-json\/wp\/v2\/media?parent=2073"}],"wp:term":[{"taxonomy":"category","embeddable":true,"href":"https:\/\/agora.xtec.cat\/iestorredelpalau\/wp-json\/wp\/v2\/categories?post=2073"},{"taxonomy":"post_tag","embeddable":true,"href":"https:\/\/agora.xtec.cat\/iestorredelpalau\/wp-json\/wp\/v2\/tags?post=2073"}],"curies":[{"name":"wp","href":"https:\/\/api.w.org\/{rel}","templated":true}]}}