{"id":2066,"date":"2018-06-11T13:17:14","date_gmt":"2018-06-11T11:17:14","guid":{"rendered":"http:\/\/agora.xtec.cat\/iestorredelpalau\/?p=2066"},"modified":"2018-06-11T13:17:30","modified_gmt":"2018-06-11T11:17:30","slug":"activitats-esportives-extraescolars-del-centre-2018","status":"publish","type":"post","link":"https:\/\/agora.xtec.cat\/iestorredelpalau\/general\/activitats-esportives-extraescolars-del-centre-2018\/","title":{"rendered":"ACTIVITATS ESPORTIVES EXTRAESCOLARS DEL CENTRE 2018"},"content":{"rendered":"<p>Aquesta setmana hem finalitzat les activitat esportives extraescolars del centre amb els \u00faltims entrenaments i un berenar \u201ccol\u00b7lectiu\u201d en qu\u00e8 hem aprofitat per acabar de lliurar els premis i trofeus aconseguits durant la temporada Els bons resultats i la participaci\u00f3 han acompanyat i\u00a0\u00a0podem fer un bon balan\u00e7 del curs.<\/p>\n<p><span style=\"color: #0000ff;\">L\u2019equip juvenil de volei<\/span> ha quedat primer en la competici\u00f3 de JEE del VO Terrassa<\/p>\n<p><span style=\"color: #0000ff;\">L\u2019equip infantil mascul\u00ed de b\u00e0squet<\/span> es van\u00a0\u00a0classificar per les finals de la seva categoria que es van celebrar a Sant Carles de la R\u00e0pita el passat cap de setmana; l\u2019ambient de la jornada va ser fant\u00e0stic i els jugadors, entrenadors i pares van gaudir-ne. A la competici\u00f3 del JEE VO Terrassa s\u2019han classificats tercers de la seva categoria; molt bon resultat ja que \u00e9s el primer curs que jugaven com equip.<\/p>\n<p><span style=\"color: #0000ff;\">Les noies de l\u2019equip de b\u00e0squet infantil<\/span> van participar en el torneig del Social i van classificar-se primeres; la jornada va ser una molt bona manera de tancar la competici\u00f3.<\/p>\n<p><span style=\"color: #0000ff;\">Els juvenils de b\u00e0squet<\/span> s\u2019han classificat segons a la competici\u00f3 de JEE del CE VO Terrassa; aquesta categoria ha estat molt disputada i el bon treballi la cohesi\u00f3\u00a0\u00a0de l\u2019equip s\u2019ha demostrat amb aquest resultat.<\/p>\n<p><span style=\"color: #0000ff;\">Les noies infantils de volei<\/span> han fet una molt bona competici\u00f3 millorant els resultats i el joc progressivament durant els mesos de competici\u00f3 i l\u2019equip cadet de b\u00e0squet ha fet un MOLT BON\u00a0\u00a0resultat\u00a0\u00a0tenint en compte que estava en un grup complicat on hi eren barrejats cadets i juvenils.<\/p>\n<p>&nbsp;<\/p>\n<p>Ha estat un\u00a0\u00a0curs excel\u00b7lent quan resultats i participaci\u00f3, per\u00f2 sobretot quan a cohesi\u00f3 i conviv\u00e8ncia; els equips s\u2019estan consolidant i no nom\u00e9s en l\u2019\u00e0mbit esportiu; fer pinya ha estat un dels millors premis.<\/p>\n<p>&nbsp;<\/p>\n<p>Agrair molt i molt la feina que han fet\u00a0\u00a0Dani Benitez, Alex Alba,\u00a0\u00a0Jordi Orihuela, Bernat Mart\u00ednez, Lucia Estudillo i Mireia D\u00edaz com\u00a0\u00a0entrenadors i entrenadores perqu\u00e8\u00a0\u00a0ha anat m\u00e9s enll\u00e0 de la purament esportiva, aconseguint un clima i un ambient de grup perfecte.<\/p>\n<p>&nbsp;<\/p>\n<p>Bon estiu, ens retrobem al setembre.\u200b\u200b\u200b\u200b<\/p>\n<p>&nbsp;<\/p>\n<p>Us deixem un recull de fotos dels diferents equips.<\/p>\n<p>Eug\u00e8nia Manau.<\/p>\n<p>&nbsp;<\/p>\n<p><a href=\"http:\/\/agora.xtec.cat\/iestorredelpalau\/wp-content\/uploads\/usu1331\/2018\/06\/IMG-20180608-WA0008.jpg\"><img loading=\"lazy\" decoding=\"async\" class=\"alignnone size-large wp-image-2067\" src=\"http:\/\/agora.xtec.cat\/iestorredelpalau\/wp-content\/uploads\/usu1331\/2018\/06\/IMG-20180608-WA0008-1024x768.jpg\" alt=\"\" width=\"1024\" height=\"768\" srcset=\"https:\/\/agora.xtec.cat\/iestorredelpalau\/wp-content\/uploads\/usu1331\/2018\/06\/IMG-20180608-WA0008-1024x768.jpg 1024w, https:\/\/agora.xtec.cat\/iestorredelpalau\/wp-content\/uploads\/usu1331\/2018\/06\/IMG-20180608-WA0008-300x225.jpg 300w, https:\/\/agora.xtec.cat\/iestorredelpalau\/wp-content\/uploads\/usu1331\/2018\/06\/IMG-20180608-WA0008-768x576.jpg 768w, https:\/\/agora.xtec.cat\/iestorredelpalau\/wp-content\/uploads\/usu1331\/2018\/06\/IMG-20180608-WA0008-200x150.jpg 200w, https:\/\/agora.xtec.cat\/iestorredelpalau\/wp-content\/uploads\/usu1331\/2018\/06\/IMG-20180608-WA0008.jpg 1600w\" sizes=\"auto, (max-width: 1024px) 100vw, 1024px\" \/><\/a> <a href=\"http:\/\/agora.xtec.cat\/iestorredelpalau\/wp-content\/uploads\/usu1331\/2018\/06\/IMG-20180608-WA0002.jpg\"><img loading=\"lazy\" decoding=\"async\" class=\"alignnone size-large wp-image-2068\" src=\"http:\/\/agora.xtec.cat\/iestorredelpalau\/wp-content\/uploads\/usu1331\/2018\/06\/IMG-20180608-WA0002-1024x683.jpg\" alt=\"\" width=\"1024\" height=\"683\" srcset=\"https:\/\/agora.xtec.cat\/iestorredelpalau\/wp-content\/uploads\/usu1331\/2018\/06\/IMG-20180608-WA0002-1024x683.jpg 1024w, https:\/\/agora.xtec.cat\/iestorredelpalau\/wp-content\/uploads\/usu1331\/2018\/06\/IMG-20180608-WA0002-300x200.jpg 300w, https:\/\/agora.xtec.cat\/iestorredelpalau\/wp-content\/uploads\/usu1331\/2018\/06\/IMG-20180608-WA0002-768x512.jpg 768w, https:\/\/agora.xtec.cat\/iestorredelpalau\/wp-content\/uploads\/usu1331\/2018\/06\/IMG-20180608-WA0002.jpg 1080w\" sizes=\"auto, (max-width: 1024px) 100vw, 1024px\" \/><\/a> <a href=\"http:\/\/agora.xtec.cat\/iestorredelpalau\/wp-content\/uploads\/usu1331\/2018\/06\/IMG-20180602-WA0005.jpg\"><img loading=\"lazy\" decoding=\"async\" class=\"alignnone size-large wp-image-2069\" src=\"http:\/\/agora.xtec.cat\/iestorredelpalau\/wp-content\/uploads\/usu1331\/2018\/06\/IMG-20180602-WA0005-1024x768.jpg\" alt=\"\" width=\"1024\" height=\"768\" srcset=\"https:\/\/agora.xtec.cat\/iestorredelpalau\/wp-content\/uploads\/usu1331\/2018\/06\/IMG-20180602-WA0005-1024x768.jpg 1024w, https:\/\/agora.xtec.cat\/iestorredelpalau\/wp-content\/uploads\/usu1331\/2018\/06\/IMG-20180602-WA0005-300x225.jpg 300w, https:\/\/agora.xtec.cat\/iestorredelpalau\/wp-content\/uploads\/usu1331\/2018\/06\/IMG-20180602-WA0005-768x576.jpg 768w, https:\/\/agora.xtec.cat\/iestorredelpalau\/wp-content\/uploads\/usu1331\/2018\/06\/IMG-20180602-WA0005-200x150.jpg 200w, https:\/\/agora.xtec.cat\/iestorredelpalau\/wp-content\/uploads\/usu1331\/2018\/06\/IMG-20180602-WA0005.jpg 1600w\" sizes=\"auto, (max-width: 1024px) 100vw, 1024px\" \/><\/a> <a href=\"http:\/\/agora.xtec.cat\/iestorredelpalau\/wp-content\/uploads\/usu1331\/2018\/06\/IMG-20180608-WA0001.jpg\"><img loading=\"lazy\" decoding=\"async\" class=\"alignnone size-large wp-image-2070\" src=\"http:\/\/agora.xtec.cat\/iestorredelpalau\/wp-content\/uploads\/usu1331\/2018\/06\/IMG-20180608-WA0001-1024x768.jpg\" alt=\"\" width=\"1024\" height=\"768\" srcset=\"https:\/\/agora.xtec.cat\/iestorredelpalau\/wp-content\/uploads\/usu1331\/2018\/06\/IMG-20180608-WA0001-1024x768.jpg 1024w, https:\/\/agora.xtec.cat\/iestorredelpalau\/wp-content\/uploads\/usu1331\/2018\/06\/IMG-20180608-WA0001-300x225.jpg 300w, https:\/\/agora.xtec.cat\/iestorredelpalau\/wp-content\/uploads\/usu1331\/2018\/06\/IMG-20180608-WA0001-768x576.jpg 768w, https:\/\/agora.xtec.cat\/iestorredelpalau\/wp-content\/uploads\/usu1331\/2018\/06\/IMG-20180608-WA0001-200x150.jpg 200w, https:\/\/agora.xtec.cat\/iestorredelpalau\/wp-content\/uploads\/usu1331\/2018\/06\/IMG-20180608-WA0001.jpg 1600w\" sizes=\"auto, (max-width: 1024px) 100vw, 1024px\" \/><\/a> <a href=\"http:\/\/agora.xtec.cat\/iestorredelpalau\/wp-content\/uploads\/usu1331\/2018\/06\/IMG-20180608-WA0004-1.jpg\"><img loading=\"lazy\" decoding=\"async\" class=\"alignnone size-large wp-image-2071\" src=\"http:\/\/agora.xtec.cat\/iestorredelpalau\/wp-content\/uploads\/usu1331\/2018\/06\/IMG-20180608-WA0004-1-1024x768.jpg\" alt=\"\" width=\"1024\" height=\"768\" srcset=\"https:\/\/agora.xtec.cat\/iestorredelpalau\/wp-content\/uploads\/usu1331\/2018\/06\/IMG-20180608-WA0004-1-1024x768.jpg 1024w, https:\/\/agora.xtec.cat\/iestorredelpalau\/wp-content\/uploads\/usu1331\/2018\/06\/IMG-20180608-WA0004-1-300x225.jpg 300w, https:\/\/agora.xtec.cat\/iestorredelpalau\/wp-content\/uploads\/usu1331\/2018\/06\/IMG-20180608-WA0004-1-768x576.jpg 768w, https:\/\/agora.xtec.cat\/iestorredelpalau\/wp-content\/uploads\/usu1331\/2018\/06\/IMG-20180608-WA0004-1-200x150.jpg 200w, https:\/\/agora.xtec.cat\/iestorredelpalau\/wp-content\/uploads\/usu1331\/2018\/06\/IMG-20180608-WA0004-1.jpg 1600w\" sizes=\"auto, (max-width: 1024px) 100vw, 1024px\" \/><\/a><\/p>\n<p>&nbsp;<\/p>\n","protected":false},"excerpt":{"rendered":"<p>Aquesta setmana hem finalitzat les activitat esportives extraescolars del centre amb els \u00faltims entrenaments i un berenar \u201ccol\u00b7lectiu\u201d en qu\u00e8 hem aprofitat per acabar de lliurar els premis i trofeus aconseguits durant la temporada Els bons resultats i la participaci\u00f3 han acompanyat i\u00a0\u00a0podem fer un bon balan\u00e7 del curs. L\u2019equip juvenil de volei ha quedat [&hellip;]<\/p>\n","protected":false},"author":1,"featured_media":2070,"comment_status":"closed","ping_status":"closed","sticky":false,"template":"","format":"standard","meta":{"_bbp_topic_count":0,"_bbp_reply_count":0,"_bbp_total_topic_count":0,"_bbp_total_reply_count":0,"_bbp_voice_count":0,"_bbp_anonymous_reply_count":0,"_bbp_topic_count_hidden":0,"_bbp_reply_count_hidden":0,"_bbp_forum_subforum_count":0,"site-sidebar-layout":"default","site-content-layout":"","ast-site-content-layout":"","site-content-style":"default","site-sidebar-style":"default","ast-global-header-display":"","ast-banner-title-visibility":"","ast-main-header-display":"","ast-hfb-above-header-display":"","ast-hfb-below-header-display":"","ast-hfb-mobile-header-display":"","site-post-title":"","ast-breadcrumbs-content":"","ast-featured-img":"","footer-sml-layout":"","theme-transparent-header-meta":"","adv-header-id-meta":"","stick-header-meta":"","header-above-stick-meta":"","header-main-stick-meta":"","header-below-stick-meta":"","astra-migrate-meta-layouts":"default","ast-page-background-enabled":"default","ast-page-background-meta":{"desktop":{"background-color":"var(--ast-global-color-4)","background-image":"","background-repeat":"repeat","background-position":"center center","background-size":"auto","background-attachment":"scroll","background-type":"","background-media":"","overlay-type":"","overlay-color":"","overlay-opacity":"","overlay-gradient":""},"tablet":{"background-color":"","background-image":"","background-repeat":"repeat","background-position":"center center","background-size":"auto","background-attachment":"scroll","background-type":"","background-media":"","overlay-type":"","overlay-color":"","overlay-opacity":"","overlay-gradient":""},"mobile":{"background-color":"","background-image":"","background-repeat":"repeat","background-position":"center center","background-size":"auto","background-attachment":"scroll","background-type":"","background-media":"","overlay-type":"","overlay-color":"","overlay-opacity":"","overlay-gradient":""}},"ast-content-background-meta":{"desktop":{"background-color":"var(--ast-global-color-5)","background-image":"","background-repeat":"repeat","background-position":"center center","background-size":"auto","background-attachment":"scroll","background-type":"","background-media":"","overlay-type":"","overlay-color":"","overlay-opacity":"","overlay-gradient":""},"tablet":{"background-color":"var(--ast-global-color-5)","background-image":"","background-repeat":"repeat","background-position":"center center","background-size":"auto","background-attachment":"scroll","background-type":"","background-media":"","overlay-type":"","overlay-color":"","overlay-opacity":"","overlay-gradient":""},"mobile":{"background-color":"var(--ast-global-color-5)","background-image":"","background-repeat":"repeat","background-position":"center center","background-size":"auto","background-attachment":"scroll","background-type":"","background-media":"","overlay-type":"","overlay-color":"","overlay-opacity":"","overlay-gradient":""}},"footnotes":""},"categories":[1,107,29],"tags":[],"class_list":["post-2066","post","type-post","status-publish","format-standard","has-post-thumbnail","hentry","category-general","category-noticies-del-centre","category-portada"],"post_mailing_queue_ids":[],"_links":{"self":[{"href":"https:\/\/agora.xtec.cat\/iestorredelpalau\/wp-json\/wp\/v2\/posts\/2066","targetHints":{"allow":["GET"]}}],"collection":[{"href":"https:\/\/agora.xtec.cat\/iestorredelpalau\/wp-json\/wp\/v2\/posts"}],"about":[{"href":"https:\/\/agora.xtec.cat\/iestorredelpalau\/wp-json\/wp\/v2\/types\/post"}],"author":[{"embeddable":true,"href":"https:\/\/agora.xtec.cat\/iestorredelpalau\/wp-json\/wp\/v2\/users\/1"}],"replies":[{"embeddable":true,"href":"https:\/\/agora.xtec.cat\/iestorredelpalau\/wp-json\/wp\/v2\/comments?post=2066"}],"version-history":[{"count":1,"href":"https:\/\/agora.xtec.cat\/iestorredelpalau\/wp-json\/wp\/v2\/posts\/2066\/revisions"}],"predecessor-version":[{"id":2072,"href":"https:\/\/agora.xtec.cat\/iestorredelpalau\/wp-json\/wp\/v2\/posts\/2066\/revisions\/2072"}],"wp:featuredmedia":[{"embeddable":true,"href":"https:\/\/agora.xtec.cat\/iestorredelpalau\/wp-json\/wp\/v2\/media\/2070"}],"wp:attachment":[{"href":"https:\/\/agora.xtec.cat\/iestorredelpalau\/wp-json\/wp\/v2\/media?parent=2066"}],"wp:term":[{"taxonomy":"category","embeddable":true,"href":"https:\/\/agora.xtec.cat\/iestorredelpalau\/wp-json\/wp\/v2\/categories?post=2066"},{"taxonomy":"post_tag","embeddable":true,"href":"https:\/\/agora.xtec.cat\/iestorredelpalau\/wp-json\/wp\/v2\/tags?post=2066"}],"curies":[{"name":"wp","href":"https:\/\/api.w.org\/{rel}","templated":true}]}}