{"id":2056,"date":"2018-05-22T09:55:37","date_gmt":"2018-05-22T07:55:37","guid":{"rendered":"http:\/\/agora.xtec.cat\/iestorredelpalau\/?p=2056"},"modified":"2018-05-22T09:58:35","modified_gmt":"2018-05-22T07:58:35","slug":"lequip-de-voleibol-de-linstitut-campio","status":"publish","type":"post","link":"https:\/\/agora.xtec.cat\/iestorredelpalau\/general\/lequip-de-voleibol-de-linstitut-campio\/","title":{"rendered":"L&#8217;EQUIP DE VOLEIBOL DE L&#8217;INSTITUT CAMPI\u00d3 !!!"},"content":{"rendered":"<div>\n<h6><span style=\"font-family: arial, helvetica, sans-serif;\">El passat dissabte, dia 12 de Maig, l\u2019equip juvenil de voleibol de l\u2019institut es va proclamar campi\u00f3 de les fases de <\/span><span style=\"font-family: arial, helvetica, sans-serif;\">sector en la competici\u00f3 de Joc Esportiu Escolars organizada pel Consell Esportiu del Vall\u00e8s Occidental Terrassa.<\/span><\/h6>\n<p><span style=\"font-family: arial, helvetica, sans-serif;\">La bona temporada que han fet al llarg del curs els hi ha portat a classificar-se per les fases sector.<\/span><\/p>\n<p><span style=\"font-family: arial, helvetica, sans-serif;\">Van jugar dos partits, la semifinal\u00a0i la final contra els equips EMT Granollers i CV Vilanova respectivament i per tant es van proclamar campeon@s de la competici\u00f3 .<\/span><\/p>\n<p><span style=\"font-family: arial, helvetica, sans-serif;\">Felicitem a l\u2019equip pel resultat i per cont\u00e0ncia all llarg \u00a0del curs; agra\u00efm la tasca feta per l\u2019entrenador, Dani Ban\u00edtez i donem les gr\u00e0cies a \u00a0les fam\u00edlies pel seu \u00a0suport i recol\u00e7ament\u00a0<\/span><\/p>\n<p><span style=\"font-family: arial, helvetica, sans-serif;\">FELICITATS EQUIP!<\/span><\/p>\n<p><img loading=\"lazy\" decoding=\"async\" class=\"alignnone wp-image-2057 size-large\" src=\"http:\/\/agora.xtec.cat\/iestorredelpalau\/wp-content\/uploads\/usu1331\/2018\/05\/IMG-20180515-WA0002-1024x768.jpg\" alt=\"\" width=\"1024\" height=\"768\" srcset=\"https:\/\/agora.xtec.cat\/iestorredelpalau\/wp-content\/uploads\/usu1331\/2018\/05\/IMG-20180515-WA0002-1024x768.jpg 1024w, https:\/\/agora.xtec.cat\/iestorredelpalau\/wp-content\/uploads\/usu1331\/2018\/05\/IMG-20180515-WA0002-300x225.jpg 300w, https:\/\/agora.xtec.cat\/iestorredelpalau\/wp-content\/uploads\/usu1331\/2018\/05\/IMG-20180515-WA0002-768x576.jpg 768w, https:\/\/agora.xtec.cat\/iestorredelpalau\/wp-content\/uploads\/usu1331\/2018\/05\/IMG-20180515-WA0002-200x150.jpg 200w, https:\/\/agora.xtec.cat\/iestorredelpalau\/wp-content\/uploads\/usu1331\/2018\/05\/IMG-20180515-WA0002.jpg 1600w\" sizes=\"auto, (max-width: 1024px) 100vw, 1024px\" \/><\/p>\n<\/div>\n<div class=\"yj6qo\"><\/div>\n","protected":false},"excerpt":{"rendered":"<p>El passat dissabte, dia 12 de Maig, l\u2019equip juvenil de voleibol de l\u2019institut es va proclamar campi\u00f3 de les fases de sector en la competici\u00f3 de Joc Esportiu Escolars organizada pel Consell Esportiu del Vall\u00e8s Occidental Terrassa. La bona temporada que han fet al llarg del curs els hi ha portat a classificar-se per les [&hellip;]<\/p>\n","protected":false},"author":1,"featured_media":2057,"comment_status":"open","ping_status":"closed","sticky":false,"template":"","format":"standard","meta":{"_bbp_topic_count":0,"_bbp_reply_count":0,"_bbp_total_topic_count":0,"_bbp_total_reply_count":0,"_bbp_voice_count":0,"_bbp_anonymous_reply_count":0,"_bbp_topic_count_hidden":0,"_bbp_reply_count_hidden":0,"_bbp_forum_subforum_count":0,"site-sidebar-layout":"default","site-content-layout":"","ast-site-content-layout":"","site-content-style":"default","site-sidebar-style":"default","ast-global-header-display":"","ast-banner-title-visibility":"","ast-main-header-display":"","ast-hfb-above-header-display":"","ast-hfb-below-header-display":"","ast-hfb-mobile-header-display":"","site-post-title":"","ast-breadcrumbs-content":"","ast-featured-img":"","footer-sml-layout":"","theme-transparent-header-meta":"","adv-header-id-meta":"","stick-header-meta":"","header-above-stick-meta":"","header-main-stick-meta":"","header-below-stick-meta":"","astra-migrate-meta-layouts":"default","ast-page-background-enabled":"default","ast-page-background-meta":{"desktop":{"background-color":"var(--ast-global-color-4)","background-image":"","background-repeat":"repeat","background-position":"center center","background-size":"auto","background-attachment":"scroll","background-type":"","background-media":"","overlay-type":"","overlay-color":"","overlay-opacity":"","overlay-gradient":""},"tablet":{"background-color":"","background-image":"","background-repeat":"repeat","background-position":"center center","background-size":"auto","background-attachment":"scroll","background-type":"","background-media":"","overlay-type":"","overlay-color":"","overlay-opacity":"","overlay-gradient":""},"mobile":{"background-color":"","background-image":"","background-repeat":"repeat","background-position":"center center","background-size":"auto","background-attachment":"scroll","background-type":"","background-media":"","overlay-type":"","overlay-color":"","overlay-opacity":"","overlay-gradient":""}},"ast-content-background-meta":{"desktop":{"background-color":"var(--ast-global-color-5)","background-image":"","background-repeat":"repeat","background-position":"center center","background-size":"auto","background-attachment":"scroll","background-type":"","background-media":"","overlay-type":"","overlay-color":"","overlay-opacity":"","overlay-gradient":""},"tablet":{"background-color":"var(--ast-global-color-5)","background-image":"","background-repeat":"repeat","background-position":"center center","background-size":"auto","background-attachment":"scroll","background-type":"","background-media":"","overlay-type":"","overlay-color":"","overlay-opacity":"","overlay-gradient":""},"mobile":{"background-color":"var(--ast-global-color-5)","background-image":"","background-repeat":"repeat","background-position":"center center","background-size":"auto","background-attachment":"scroll","background-type":"","background-media":"","overlay-type":"","overlay-color":"","overlay-opacity":"","overlay-gradient":""}},"footnotes":""},"categories":[1,107,29],"tags":[],"class_list":["post-2056","post","type-post","status-publish","format-standard","has-post-thumbnail","hentry","category-general","category-noticies-del-centre","category-portada"],"post_mailing_queue_ids":[],"_links":{"self":[{"href":"https:\/\/agora.xtec.cat\/iestorredelpalau\/wp-json\/wp\/v2\/posts\/2056","targetHints":{"allow":["GET"]}}],"collection":[{"href":"https:\/\/agora.xtec.cat\/iestorredelpalau\/wp-json\/wp\/v2\/posts"}],"about":[{"href":"https:\/\/agora.xtec.cat\/iestorredelpalau\/wp-json\/wp\/v2\/types\/post"}],"author":[{"embeddable":true,"href":"https:\/\/agora.xtec.cat\/iestorredelpalau\/wp-json\/wp\/v2\/users\/1"}],"replies":[{"embeddable":true,"href":"https:\/\/agora.xtec.cat\/iestorredelpalau\/wp-json\/wp\/v2\/comments?post=2056"}],"version-history":[{"count":3,"href":"https:\/\/agora.xtec.cat\/iestorredelpalau\/wp-json\/wp\/v2\/posts\/2056\/revisions"}],"predecessor-version":[{"id":2060,"href":"https:\/\/agora.xtec.cat\/iestorredelpalau\/wp-json\/wp\/v2\/posts\/2056\/revisions\/2060"}],"wp:featuredmedia":[{"embeddable":true,"href":"https:\/\/agora.xtec.cat\/iestorredelpalau\/wp-json\/wp\/v2\/media\/2057"}],"wp:attachment":[{"href":"https:\/\/agora.xtec.cat\/iestorredelpalau\/wp-json\/wp\/v2\/media?parent=2056"}],"wp:term":[{"taxonomy":"category","embeddable":true,"href":"https:\/\/agora.xtec.cat\/iestorredelpalau\/wp-json\/wp\/v2\/categories?post=2056"},{"taxonomy":"post_tag","embeddable":true,"href":"https:\/\/agora.xtec.cat\/iestorredelpalau\/wp-json\/wp\/v2\/tags?post=2056"}],"curies":[{"name":"wp","href":"https:\/\/api.w.org\/{rel}","templated":true}]}}