{"id":1917,"date":"2018-02-27T18:56:12","date_gmt":"2018-02-27T17:56:12","guid":{"rendered":"http:\/\/agora.xtec.cat\/iestorredelpalau\/?p=1917"},"modified":"2018-03-01T12:05:31","modified_gmt":"2018-03-01T11:05:31","slug":"comunicat-a-les-families-professorat-i-pas","status":"publish","type":"post","link":"https:\/\/agora.xtec.cat\/iestorredelpalau\/general\/comunicat-a-les-families-professorat-i-pas\/","title":{"rendered":"COMUNICAT A LES FAM\u00cdLIES, PROFESSORAT I PAS (AMB MOTIU DE LES CONDICIONS METEREOL\u00d2GIQUES)"},"content":{"rendered":"<div>\n<div>\n<div>\n<p>A les fam\u00edlies del centre, professorat i PAS,<\/p>\n<p><b>Decisions preses, derivades de les informacions oficials<\/b><\/p>\n<p>Us informo dels efectes de la situaci\u00f3 meteorol\u00f3gica en l\u2019activitat acad\u00e8mica de dem\u00e0 dimecres 28 de febrer.<br \/>\nHem rebut informacions de Proteccio Civil, de CECAT, del pla de nevades de Catalunya NEUCAT i de la directora dels Serveis Teritorials del Departament d&#8217;Ensenyament\u00a0 al Vall\u00e8s Occidental, amb qui tamb\u00e9 he parlat personalment al llarg de la tarda, a m\u00e9s de amb d&#8217;altres persones durant les dues darreres hores de la tarda.<br \/>\nAmb totes aquestes informacions oficials\u00a0 us comunico que dem\u00e0 l\u2019activitat a l\u2019institut &#8220;no ser\u00e0 normalizada\u201d, tal com ens han dit per escrit. Aconsellem a les fam\u00edlies, professorat i Personal d&#8217;Administraci\u00f3 i Serveis (PAS) que extremin les precaucions i evitin el transport en tot tipus de vehicles, tal com idiquen els organismes oficials..<br \/>\nHi haur\u00e0 serveis m\u00ednims a l&#8217;institut. Tal com indica la normativa vigent, el centre romandr\u00e0 obert mentre hagi alumnes, si venen.<br \/>\n<strong>Les jornades de portes obertes, previstes per a dem\u00e0 dimecres 28 i dijous 1 de mar\u00e7 s\u2019ajornen.<\/strong><br \/>\nD\u2019altra banda, avui hem susp\u00e9s la darrera hora de classe de la tarda, per evitar problemes derivats de la situaci\u00f3 meteorol\u00f3gica, tal com han comunicat les autoritats a trav\u00e9s de tots els mitjans de comunicaci\u00f3.<\/p>\n<\/div>\n<p>Cordialment<\/p>\n<\/div>\n<p>Evaristo Gonz\u00e1lez Prieto<\/p>\n<\/div>\n<p>Director<\/p>\n","protected":false},"excerpt":{"rendered":"<p>A les fam\u00edlies del centre, professorat i PAS, Decisions preses, derivades de les informacions oficials Us informo dels efectes de la situaci\u00f3 meteorol\u00f3gica en l\u2019activitat acad\u00e8mica de dem\u00e0 dimecres 28 de febrer. Hem rebut informacions de Proteccio Civil, de CECAT, del pla de nevades de Catalunya NEUCAT i de la directora dels Serveis Teritorials del [&hellip;]<\/p>\n","protected":false},"author":1,"featured_media":0,"comment_status":"closed","ping_status":"closed","sticky":false,"template":"","format":"standard","meta":{"_bbp_topic_count":0,"_bbp_reply_count":0,"_bbp_total_topic_count":0,"_bbp_total_reply_count":0,"_bbp_voice_count":0,"_bbp_anonymous_reply_count":0,"_bbp_topic_count_hidden":0,"_bbp_reply_count_hidden":0,"_bbp_forum_subforum_count":0,"site-sidebar-layout":"default","site-content-layout":"","ast-site-content-layout":"","site-content-style":"default","site-sidebar-style":"default","ast-global-header-display":"","ast-banner-title-visibility":"","ast-main-header-display":"","ast-hfb-above-header-display":"","ast-hfb-below-header-display":"","ast-hfb-mobile-header-display":"","site-post-title":"","ast-breadcrumbs-content":"","ast-featured-img":"","footer-sml-layout":"","theme-transparent-header-meta":"","adv-header-id-meta":"","stick-header-meta":"","header-above-stick-meta":"","header-main-stick-meta":"","header-below-stick-meta":"","astra-migrate-meta-layouts":"default","ast-page-background-enabled":"default","ast-page-background-meta":{"desktop":{"background-color":"var(--ast-global-color-4)","background-image":"","background-repeat":"repeat","background-position":"center center","background-size":"auto","background-attachment":"scroll","background-type":"","background-media":"","overlay-type":"","overlay-color":"","overlay-opacity":"","overlay-gradient":""},"tablet":{"background-color":"","background-image":"","background-repeat":"repeat","background-position":"center center","background-size":"auto","background-attachment":"scroll","background-type":"","background-media":"","overlay-type":"","overlay-color":"","overlay-opacity":"","overlay-gradient":""},"mobile":{"background-color":"","background-image":"","background-repeat":"repeat","background-position":"center center","background-size":"auto","background-attachment":"scroll","background-type":"","background-media":"","overlay-type":"","overlay-color":"","overlay-opacity":"","overlay-gradient":""}},"ast-content-background-meta":{"desktop":{"background-color":"var(--ast-global-color-5)","background-image":"","background-repeat":"repeat","background-position":"center center","background-size":"auto","background-attachment":"scroll","background-type":"","background-media":"","overlay-type":"","overlay-color":"","overlay-opacity":"","overlay-gradient":""},"tablet":{"background-color":"var(--ast-global-color-5)","background-image":"","background-repeat":"repeat","background-position":"center center","background-size":"auto","background-attachment":"scroll","background-type":"","background-media":"","overlay-type":"","overlay-color":"","overlay-opacity":"","overlay-gradient":""},"mobile":{"background-color":"var(--ast-global-color-5)","background-image":"","background-repeat":"repeat","background-position":"center center","background-size":"auto","background-attachment":"scroll","background-type":"","background-media":"","overlay-type":"","overlay-color":"","overlay-opacity":"","overlay-gradient":""}},"footnotes":""},"categories":[1,107,29],"tags":[],"class_list":["post-1917","post","type-post","status-publish","format-standard","hentry","category-general","category-noticies-del-centre","category-portada"],"post_mailing_queue_ids":[],"_links":{"self":[{"href":"https:\/\/agora.xtec.cat\/iestorredelpalau\/wp-json\/wp\/v2\/posts\/1917","targetHints":{"allow":["GET"]}}],"collection":[{"href":"https:\/\/agora.xtec.cat\/iestorredelpalau\/wp-json\/wp\/v2\/posts"}],"about":[{"href":"https:\/\/agora.xtec.cat\/iestorredelpalau\/wp-json\/wp\/v2\/types\/post"}],"author":[{"embeddable":true,"href":"https:\/\/agora.xtec.cat\/iestorredelpalau\/wp-json\/wp\/v2\/users\/1"}],"replies":[{"embeddable":true,"href":"https:\/\/agora.xtec.cat\/iestorredelpalau\/wp-json\/wp\/v2\/comments?post=1917"}],"version-history":[{"count":3,"href":"https:\/\/agora.xtec.cat\/iestorredelpalau\/wp-json\/wp\/v2\/posts\/1917\/revisions"}],"predecessor-version":[{"id":1920,"href":"https:\/\/agora.xtec.cat\/iestorredelpalau\/wp-json\/wp\/v2\/posts\/1917\/revisions\/1920"}],"wp:attachment":[{"href":"https:\/\/agora.xtec.cat\/iestorredelpalau\/wp-json\/wp\/v2\/media?parent=1917"}],"wp:term":[{"taxonomy":"category","embeddable":true,"href":"https:\/\/agora.xtec.cat\/iestorredelpalau\/wp-json\/wp\/v2\/categories?post=1917"},{"taxonomy":"post_tag","embeddable":true,"href":"https:\/\/agora.xtec.cat\/iestorredelpalau\/wp-json\/wp\/v2\/tags?post=1917"}],"curies":[{"name":"wp","href":"https:\/\/api.w.org\/{rel}","templated":true}]}}