{"id":1789,"date":"2017-11-15T10:53:23","date_gmt":"2017-11-15T09:53:23","guid":{"rendered":"http:\/\/agora.xtec.cat\/iestorredelpalau\/?p=1789"},"modified":"2017-11-15T10:53:53","modified_gmt":"2017-11-15T09:53:53","slug":"sortida-a-lobservatori-astronomic-de-sabadell-1r-eso","status":"publish","type":"post","link":"https:\/\/agora.xtec.cat\/iestorredelpalau\/eso-1\/sortida-a-lobservatori-astronomic-de-sabadell-1r-eso\/","title":{"rendered":"SORTIDA  A L&#8217;OBSERVATORI ASTRON\u00d2MIC DE SABADELL. 1r ESO"},"content":{"rendered":"<p><span style=\"font-weight: 400;\">El passat mes d&#8217;octubre, els alumnes de primer d&#8217;ESO van realitzar una sortida a l&#8217; Observatori Astron\u00f2mic de Sabadell dins la mat\u00e8ria de Biologia i Geologia. L&#8217;activitat va consistir en un col.loqui sobre astronomia acompanyat d&#8217;un v\u00eddeo molt interessant sobre l&#8217;estructura del Sistema Solar. Finalment , es va fer l&#8217;observaci\u00f3 del Sol amb el telescopi de l&#8217; observatori i un taller a on es va construir un planisferi per saber les constel.lacions que es \u00a0veure al cel en cada moment de l&#8217;any.<\/span><\/p>\n<p><a href=\"http:\/\/agora.xtec.cat\/iestorredelpalau\/wp-content\/uploads\/usu1331\/2017\/11\/IMG_20171023_101050.jpg\"><img loading=\"lazy\" decoding=\"async\" class=\"alignnone size-large wp-image-1792\" src=\"http:\/\/agora.xtec.cat\/iestorredelpalau\/wp-content\/uploads\/usu1331\/2017\/11\/IMG_20171023_101050-1024x575.jpg\" alt=\"\" width=\"1024\" height=\"575\" srcset=\"https:\/\/agora.xtec.cat\/iestorredelpalau\/wp-content\/uploads\/usu1331\/2017\/11\/IMG_20171023_101050-1024x575.jpg 1024w, https:\/\/agora.xtec.cat\/iestorredelpalau\/wp-content\/uploads\/usu1331\/2017\/11\/IMG_20171023_101050-300x168.jpg 300w, https:\/\/agora.xtec.cat\/iestorredelpalau\/wp-content\/uploads\/usu1331\/2017\/11\/IMG_20171023_101050-768x431.jpg 768w\" sizes=\"auto, (max-width: 1024px) 100vw, 1024px\" \/><\/a> <a href=\"http:\/\/agora.xtec.cat\/iestorredelpalau\/wp-content\/uploads\/usu1331\/2017\/11\/IMG_20171023_101137.jpg\"><img loading=\"lazy\" decoding=\"async\" class=\"alignnone size-large wp-image-1793\" src=\"http:\/\/agora.xtec.cat\/iestorredelpalau\/wp-content\/uploads\/usu1331\/2017\/11\/IMG_20171023_101137-1024x575.jpg\" alt=\"\" width=\"1024\" height=\"575\" srcset=\"https:\/\/agora.xtec.cat\/iestorredelpalau\/wp-content\/uploads\/usu1331\/2017\/11\/IMG_20171023_101137-1024x575.jpg 1024w, https:\/\/agora.xtec.cat\/iestorredelpalau\/wp-content\/uploads\/usu1331\/2017\/11\/IMG_20171023_101137-300x168.jpg 300w, https:\/\/agora.xtec.cat\/iestorredelpalau\/wp-content\/uploads\/usu1331\/2017\/11\/IMG_20171023_101137-768x431.jpg 768w\" sizes=\"auto, (max-width: 1024px) 100vw, 1024px\" \/><\/a> <a href=\"http:\/\/agora.xtec.cat\/iestorredelpalau\/wp-content\/uploads\/usu1331\/2017\/11\/IMG_20171026_101218.jpg\"><img loading=\"lazy\" decoding=\"async\" class=\"alignnone size-large wp-image-1794\" src=\"http:\/\/agora.xtec.cat\/iestorredelpalau\/wp-content\/uploads\/usu1331\/2017\/11\/IMG_20171026_101218-1024x575.jpg\" alt=\"\" width=\"1024\" height=\"575\" srcset=\"https:\/\/agora.xtec.cat\/iestorredelpalau\/wp-content\/uploads\/usu1331\/2017\/11\/IMG_20171026_101218-1024x575.jpg 1024w, https:\/\/agora.xtec.cat\/iestorredelpalau\/wp-content\/uploads\/usu1331\/2017\/11\/IMG_20171026_101218-300x168.jpg 300w, https:\/\/agora.xtec.cat\/iestorredelpalau\/wp-content\/uploads\/usu1331\/2017\/11\/IMG_20171026_101218-768x431.jpg 768w\" sizes=\"auto, (max-width: 1024px) 100vw, 1024px\" \/><\/a> <a href=\"http:\/\/agora.xtec.cat\/iestorredelpalau\/wp-content\/uploads\/usu1331\/2017\/11\/IMG_20171026_114519.jpg\"><img loading=\"lazy\" decoding=\"async\" class=\"alignnone size-large wp-image-1795\" src=\"http:\/\/agora.xtec.cat\/iestorredelpalau\/wp-content\/uploads\/usu1331\/2017\/11\/IMG_20171026_114519-1024x575.jpg\" alt=\"\" width=\"1024\" height=\"575\" srcset=\"https:\/\/agora.xtec.cat\/iestorredelpalau\/wp-content\/uploads\/usu1331\/2017\/11\/IMG_20171026_114519-1024x575.jpg 1024w, https:\/\/agora.xtec.cat\/iestorredelpalau\/wp-content\/uploads\/usu1331\/2017\/11\/IMG_20171026_114519-300x168.jpg 300w, https:\/\/agora.xtec.cat\/iestorredelpalau\/wp-content\/uploads\/usu1331\/2017\/11\/IMG_20171026_114519-768x431.jpg 768w\" sizes=\"auto, (max-width: 1024px) 100vw, 1024px\" \/><\/a> <a href=\"http:\/\/agora.xtec.cat\/iestorredelpalau\/wp-content\/uploads\/usu1331\/2017\/11\/IMG_20171026_114530-1.jpg\"><img loading=\"lazy\" decoding=\"async\" class=\"alignnone size-large wp-image-1796\" src=\"http:\/\/agora.xtec.cat\/iestorredelpalau\/wp-content\/uploads\/usu1331\/2017\/11\/IMG_20171026_114530-1-1024x575.jpg\" alt=\"\" width=\"1024\" height=\"575\" srcset=\"https:\/\/agora.xtec.cat\/iestorredelpalau\/wp-content\/uploads\/usu1331\/2017\/11\/IMG_20171026_114530-1-1024x575.jpg 1024w, https:\/\/agora.xtec.cat\/iestorredelpalau\/wp-content\/uploads\/usu1331\/2017\/11\/IMG_20171026_114530-1-300x168.jpg 300w, https:\/\/agora.xtec.cat\/iestorredelpalau\/wp-content\/uploads\/usu1331\/2017\/11\/IMG_20171026_114530-1-768x431.jpg 768w\" sizes=\"auto, (max-width: 1024px) 100vw, 1024px\" \/><\/a><\/p>\n","protected":false},"excerpt":{"rendered":"<p>El passat mes d&#8217;octubre, els alumnes de primer d&#8217;ESO van realitzar una sortida a l&#8217; Observatori Astron\u00f2mic de Sabadell dins la mat\u00e8ria de Biologia i Geologia. L&#8217;activitat va consistir en un col.loqui sobre astronomia acompanyat d&#8217;un v\u00eddeo molt interessant sobre l&#8217;estructura del Sistema Solar. Finalment , es va fer l&#8217;observaci\u00f3 del Sol amb el telescopi [&hellip;]<\/p>\n","protected":false},"author":1,"featured_media":1794,"comment_status":"closed","ping_status":"closed","sticky":false,"template":"","format":"standard","meta":{"_bbp_topic_count":0,"_bbp_reply_count":0,"_bbp_total_topic_count":0,"_bbp_total_reply_count":0,"_bbp_voice_count":0,"_bbp_anonymous_reply_count":0,"_bbp_topic_count_hidden":0,"_bbp_reply_count_hidden":0,"_bbp_forum_subforum_count":0,"site-sidebar-layout":"default","site-content-layout":"","ast-site-content-layout":"","site-content-style":"default","site-sidebar-style":"default","ast-global-header-display":"","ast-banner-title-visibility":"","ast-main-header-display":"","ast-hfb-above-header-display":"","ast-hfb-below-header-display":"","ast-hfb-mobile-header-display":"","site-post-title":"","ast-breadcrumbs-content":"","ast-featured-img":"","footer-sml-layout":"","theme-transparent-header-meta":"","adv-header-id-meta":"","stick-header-meta":"","header-above-stick-meta":"","header-main-stick-meta":"","header-below-stick-meta":"","astra-migrate-meta-layouts":"default","ast-page-background-enabled":"default","ast-page-background-meta":{"desktop":{"background-color":"var(--ast-global-color-4)","background-image":"","background-repeat":"repeat","background-position":"center center","background-size":"auto","background-attachment":"scroll","background-type":"","background-media":"","overlay-type":"","overlay-color":"","overlay-opacity":"","overlay-gradient":""},"tablet":{"background-color":"","background-image":"","background-repeat":"repeat","background-position":"center center","background-size":"auto","background-attachment":"scroll","background-type":"","background-media":"","overlay-type":"","overlay-color":"","overlay-opacity":"","overlay-gradient":""},"mobile":{"background-color":"","background-image":"","background-repeat":"repeat","background-position":"center center","background-size":"auto","background-attachment":"scroll","background-type":"","background-media":"","overlay-type":"","overlay-color":"","overlay-opacity":"","overlay-gradient":""}},"ast-content-background-meta":{"desktop":{"background-color":"var(--ast-global-color-5)","background-image":"","background-repeat":"repeat","background-position":"center center","background-size":"auto","background-attachment":"scroll","background-type":"","background-media":"","overlay-type":"","overlay-color":"","overlay-opacity":"","overlay-gradient":""},"tablet":{"background-color":"var(--ast-global-color-5)","background-image":"","background-repeat":"repeat","background-position":"center center","background-size":"auto","background-attachment":"scroll","background-type":"","background-media":"","overlay-type":"","overlay-color":"","overlay-opacity":"","overlay-gradient":""},"mobile":{"background-color":"var(--ast-global-color-5)","background-image":"","background-repeat":"repeat","background-position":"center center","background-size":"auto","background-attachment":"scroll","background-type":"","background-media":"","overlay-type":"","overlay-color":"","overlay-opacity":"","overlay-gradient":""}},"footnotes":""},"categories":[4,107,29],"tags":[],"class_list":["post-1789","post","type-post","status-publish","format-standard","has-post-thumbnail","hentry","category-eso-1","category-noticies-del-centre","category-portada"],"post_mailing_queue_ids":[],"_links":{"self":[{"href":"https:\/\/agora.xtec.cat\/iestorredelpalau\/wp-json\/wp\/v2\/posts\/1789","targetHints":{"allow":["GET"]}}],"collection":[{"href":"https:\/\/agora.xtec.cat\/iestorredelpalau\/wp-json\/wp\/v2\/posts"}],"about":[{"href":"https:\/\/agora.xtec.cat\/iestorredelpalau\/wp-json\/wp\/v2\/types\/post"}],"author":[{"embeddable":true,"href":"https:\/\/agora.xtec.cat\/iestorredelpalau\/wp-json\/wp\/v2\/users\/1"}],"replies":[{"embeddable":true,"href":"https:\/\/agora.xtec.cat\/iestorredelpalau\/wp-json\/wp\/v2\/comments?post=1789"}],"version-history":[{"count":1,"href":"https:\/\/agora.xtec.cat\/iestorredelpalau\/wp-json\/wp\/v2\/posts\/1789\/revisions"}],"predecessor-version":[{"id":1797,"href":"https:\/\/agora.xtec.cat\/iestorredelpalau\/wp-json\/wp\/v2\/posts\/1789\/revisions\/1797"}],"wp:featuredmedia":[{"embeddable":true,"href":"https:\/\/agora.xtec.cat\/iestorredelpalau\/wp-json\/wp\/v2\/media\/1794"}],"wp:attachment":[{"href":"https:\/\/agora.xtec.cat\/iestorredelpalau\/wp-json\/wp\/v2\/media?parent=1789"}],"wp:term":[{"taxonomy":"category","embeddable":true,"href":"https:\/\/agora.xtec.cat\/iestorredelpalau\/wp-json\/wp\/v2\/categories?post=1789"},{"taxonomy":"post_tag","embeddable":true,"href":"https:\/\/agora.xtec.cat\/iestorredelpalau\/wp-json\/wp\/v2\/tags?post=1789"}],"curies":[{"name":"wp","href":"https:\/\/api.w.org\/{rel}","templated":true}]}}