{"id":1660,"date":"2017-09-30T21:49:46","date_gmt":"2017-09-30T19:49:46","guid":{"rendered":"http:\/\/agora.xtec.cat\/iestorredelpalau\/?p=1660"},"modified":"2017-10-10T21:26:15","modified_gmt":"2017-10-10T19:26:15","slug":"reunio-pares","status":"publish","type":"post","link":"https:\/\/agora.xtec.cat\/iestorredelpalau\/general\/reunio-pares\/","title":{"rendered":"REUNI\u00d3 DE LES FAM\u00cdLIES DE L&#8217;INSTITUT PER TUTORIES"},"content":{"rendered":"<p><b>Reuni\u00f3 de les fam\u00edlies de l&#8217;institut per tutories: dimecres 4 d&#8217;octubre per la tarda.<\/b><\/p>\n<p>Aqu\u00ed teniu\u00a0 informacions \u00fatils per a la reuni\u00f3 de les fam\u00edlies per tutories, prevista per al proper dimecres 4 d&#8217;octubre per la tarda a l&#8217;institut.<br \/>\nEn un document adjunt teniu les aules on es faran les reunions.<\/p>\n<p><a href=\"https:\/\/drive.google.com\/file\/d\/0B16VHawQYP2vcmVnOHhhMVBWazQ\/view?usp=sharing\">AULES DE REUNI\u00d3 AMB LES FAM\u00cdLIES PER TUTORIES CURS 2017-2108<\/a><br \/>\nEn el seg\u00fcent enlla\u00e7 trobareu una presentaci\u00f3 on teniu m\u00e9s informaci\u00f3 sobre com trobar les aules, durada de les reunions i d&#8217;altres informacions. Cliqueu a sobre del t\u00edtol:<\/p>\n<div>\n<p><a href=\"https:\/\/drive.google.com\/file\/d\/0B16VHawQYP2vM1JQSXhzMWRVbzA\/view?usp=sharing\">ORIENTACIONS I INFORMACIONS REUNI\u00d3 4 D&#8217;OCTUBRE<\/a><\/p>\n<p>Les fam\u00edlies de primer d&#8217;ESO han de signar la Carta de Comprom\u00eds Educatiu, lliurada fa temps al correu electr\u00f2nic personal. NO cal imprimir-la. Es donar\u00e0 en format paper durant la reuni\u00f3 i es recollir\u00e0.<\/p>\n<\/div>\n<div><\/div>\n<div><b>Informaci\u00f3 de la junta de l&#8217;Associaci\u00f3 de Mares i Pares (AMPA) de l&#8217;institut:<\/b><\/div>\n<p>Aquell mateix dia hi haur\u00e0 una reuni\u00f3 al centre a les 20 hores, oberta a qui vulgui assistir. \u00c9s important que vagin tamb\u00e9 aquelles persones que volen col.laborar amb l&#8217;AMPA.<br \/>\nTamb\u00e9 aquell dia hi haur\u00e0 un lloc a l&#8217;entrada on vendran llibres de lectura de segona m\u00e0, sobretot de primer d&#8217;ESO.<\/p>\n<p>Gr\u00e0cies per les vostres atencions<\/p>\n<p>Cordialment<\/p>\n<p>Evaristo Gonz\u00e1lez Prieto<br \/>\nDirector<\/p>\n<p>&nbsp;<\/p>\n","protected":false},"excerpt":{"rendered":"<p>Reuni\u00f3 de les fam\u00edlies de l&#8217;institut per tutories: dimecres 4 d&#8217;octubre per la tarda. Aqu\u00ed teniu\u00a0 informacions \u00fatils per a la reuni\u00f3 de les fam\u00edlies per tutories, prevista per al proper dimecres 4 d&#8217;octubre per la tarda a l&#8217;institut. En un document adjunt teniu les aules on es faran les reunions. AULES DE REUNI\u00d3 AMB [&hellip;]<\/p>\n","protected":false},"author":1,"featured_media":1686,"comment_status":"open","ping_status":"closed","sticky":false,"template":"","format":"standard","meta":{"_bbp_topic_count":0,"_bbp_reply_count":0,"_bbp_total_topic_count":0,"_bbp_total_reply_count":0,"_bbp_voice_count":0,"_bbp_anonymous_reply_count":0,"_bbp_topic_count_hidden":0,"_bbp_reply_count_hidden":0,"_bbp_forum_subforum_count":0,"site-sidebar-layout":"default","site-content-layout":"","ast-site-content-layout":"","site-content-style":"default","site-sidebar-style":"default","ast-global-header-display":"","ast-banner-title-visibility":"","ast-main-header-display":"","ast-hfb-above-header-display":"","ast-hfb-below-header-display":"","ast-hfb-mobile-header-display":"","site-post-title":"","ast-breadcrumbs-content":"","ast-featured-img":"","footer-sml-layout":"","theme-transparent-header-meta":"","adv-header-id-meta":"","stick-header-meta":"","header-above-stick-meta":"","header-main-stick-meta":"","header-below-stick-meta":"","astra-migrate-meta-layouts":"default","ast-page-background-enabled":"default","ast-page-background-meta":{"desktop":{"background-color":"var(--ast-global-color-4)","background-image":"","background-repeat":"repeat","background-position":"center center","background-size":"auto","background-attachment":"scroll","background-type":"","background-media":"","overlay-type":"","overlay-color":"","overlay-opacity":"","overlay-gradient":""},"tablet":{"background-color":"","background-image":"","background-repeat":"repeat","background-position":"center center","background-size":"auto","background-attachment":"scroll","background-type":"","background-media":"","overlay-type":"","overlay-color":"","overlay-opacity":"","overlay-gradient":""},"mobile":{"background-color":"","background-image":"","background-repeat":"repeat","background-position":"center center","background-size":"auto","background-attachment":"scroll","background-type":"","background-media":"","overlay-type":"","overlay-color":"","overlay-opacity":"","overlay-gradient":""}},"ast-content-background-meta":{"desktop":{"background-color":"var(--ast-global-color-5)","background-image":"","background-repeat":"repeat","background-position":"center center","background-size":"auto","background-attachment":"scroll","background-type":"","background-media":"","overlay-type":"","overlay-color":"","overlay-opacity":"","overlay-gradient":""},"tablet":{"background-color":"var(--ast-global-color-5)","background-image":"","background-repeat":"repeat","background-position":"center center","background-size":"auto","background-attachment":"scroll","background-type":"","background-media":"","overlay-type":"","overlay-color":"","overlay-opacity":"","overlay-gradient":""},"mobile":{"background-color":"var(--ast-global-color-5)","background-image":"","background-repeat":"repeat","background-position":"center center","background-size":"auto","background-attachment":"scroll","background-type":"","background-media":"","overlay-type":"","overlay-color":"","overlay-opacity":"","overlay-gradient":""}},"footnotes":""},"categories":[1,107],"tags":[],"class_list":["post-1660","post","type-post","status-publish","format-standard","has-post-thumbnail","hentry","category-general","category-noticies-del-centre"],"post_mailing_queue_ids":[],"_links":{"self":[{"href":"https:\/\/agora.xtec.cat\/iestorredelpalau\/wp-json\/wp\/v2\/posts\/1660","targetHints":{"allow":["GET"]}}],"collection":[{"href":"https:\/\/agora.xtec.cat\/iestorredelpalau\/wp-json\/wp\/v2\/posts"}],"about":[{"href":"https:\/\/agora.xtec.cat\/iestorredelpalau\/wp-json\/wp\/v2\/types\/post"}],"author":[{"embeddable":true,"href":"https:\/\/agora.xtec.cat\/iestorredelpalau\/wp-json\/wp\/v2\/users\/1"}],"replies":[{"embeddable":true,"href":"https:\/\/agora.xtec.cat\/iestorredelpalau\/wp-json\/wp\/v2\/comments?post=1660"}],"version-history":[{"count":4,"href":"https:\/\/agora.xtec.cat\/iestorredelpalau\/wp-json\/wp\/v2\/posts\/1660\/revisions"}],"predecessor-version":[{"id":1676,"href":"https:\/\/agora.xtec.cat\/iestorredelpalau\/wp-json\/wp\/v2\/posts\/1660\/revisions\/1676"}],"wp:featuredmedia":[{"embeddable":true,"href":"https:\/\/agora.xtec.cat\/iestorredelpalau\/wp-json\/wp\/v2\/media\/1686"}],"wp:attachment":[{"href":"https:\/\/agora.xtec.cat\/iestorredelpalau\/wp-json\/wp\/v2\/media?parent=1660"}],"wp:term":[{"taxonomy":"category","embeddable":true,"href":"https:\/\/agora.xtec.cat\/iestorredelpalau\/wp-json\/wp\/v2\/categories?post=1660"},{"taxonomy":"post_tag","embeddable":true,"href":"https:\/\/agora.xtec.cat\/iestorredelpalau\/wp-json\/wp\/v2\/tags?post=1660"}],"curies":[{"name":"wp","href":"https:\/\/api.w.org\/{rel}","templated":true}]}}