{"id":11831,"date":"2026-06-30T14:31:31","date_gmt":"2026-06-30T12:31:31","guid":{"rendered":"https:\/\/agora.xtec.cat\/iestorredelpalau\/?p=11831"},"modified":"2026-06-30T14:32:08","modified_gmt":"2026-06-30T12:32:08","slug":"emocio-comiat-i-una-explosio-de-color-per-la-graduacio-de-4t-deso","status":"publish","type":"post","link":"https:\/\/agora.xtec.cat\/iestorredelpalau\/general\/emocio-comiat-i-una-explosio-de-color-per-la-graduacio-de-4t-deso\/","title":{"rendered":"Emoci\u00f3, comiat i una explosi\u00f3 de color per la graduaci\u00f3 de 4t d&#8217;ESO!"},"content":{"rendered":"<p style=\"text-align: justify;\" data-path-to-node=\"3\">El passat divendres vam viure un dels moments m\u00e9s esperats, emotius i, sens dubte, colorits de tot el curs: <b data-path-to-node=\"3\" data-index-in-node=\"108\">la graduaci\u00f3 de la promoci\u00f3 d&#8217;alumnat de 4t d&#8217;ESO<\/b>. Despr\u00e9s de quatre anys d&#8217;esfor\u00e7, creixement i viv\u00e8ncies compartides, els nostres nois i noies tanquen una etapa fonamental de les seves vides per obrir-se cam\u00ed cap al Batxillerat, els Cicles Formatius o el m\u00f3n laboral.<\/p>\n<p style=\"text-align: justify;\" data-path-to-node=\"5\">La celebraci\u00f3 va comen\u00e7ar amb l&#8217;acte oficial de graduaci\u00f3 al gimn\u00e0s de l&#8217;institut, decorat de gala per a l&#8217;ocasi\u00f3. Davant la mirada orgullosa de familiars, docents i companys, es van lliurar les orles i els diplomes.<\/p>\n<p style=\"text-align: justify;\" data-path-to-node=\"6\">Durant l&#8217;acte no van faltar els discursos emotius per part de l&#8217;equip directiu, els tutors i els mateixos delegats de curs, que van fer un rep\u00e0s ple d&#8217;an\u00e8cdotes i rialles des que van entrar a 1r d&#8217;ESO sent gaireb\u00e9 uns nens, fins a esdevenir els joves madurs que en surten avui. L&#8217;acompanyament musical de fons i un v\u00eddeo amb imatges d&#8217;aquests quatre anys van posar el toc de nost\u00e0lgia a la vetllada.<\/p>\n<p style=\"text-align: justify;\" data-path-to-node=\"8\">Per\u00f2 un comiat aix\u00ed no podia acabar amb ll\u00e0grimes, sin\u00f3 amb molta alegria. En acabar l&#8217;acte formal, l&#8217;alumnat es va canviar de roba per donar pas a la traca final al pati: <b data-path-to-node=\"8\" data-index-in-node=\"172\">una espectacular Festa Holi!<\/b><\/p>\n<p style=\"text-align: justify;\" data-path-to-node=\"9\">Al ritme de la m\u00fasica, una pluja de pols de colors llan\u00e7ada a l&#8217;aire de forma coordinada va tenyir el cel (i l&#8217;alumnat) d&#8217;un mosaic brillant de lila, verd, blau, groc i rosa. Va ser una catarsi de felicitat, abra\u00e7ades i rialles, el s\u00edmbol perfecte d&#8217;una promoci\u00f3 diversa, unida i plena de vida.<\/p>\n<p data-path-to-node=\"9\">Des de l&#8217;instiut us volem desitjar tota la sort del m\u00f3n en aquesta nova etapa que comenceu. Recordeu que aquesta sempre ser\u00e0 la vostra casa. Voleu alt, nois i nois!<\/p>\n<p data-path-to-node=\"9\">\r\n\t<div class=\"slideshow_container slideshow_container_style-light\" style=\"height: 500px; \" data-slideshow-id=\"11832\" data-style-name=\"style-light\" data-style-version=\"2.3.1\" >\r\n\r\n\t\t\t\t\t<div class=\"slideshow_loading_icon\"><\/div>\r\n\t\t\r\n\t\t<div class=\"slideshow_content\" style=\"display: none;\">\r\n\r\n\t\t\t<div class=\"slideshow_view\">\r\n\t\t\t\t<div class=\"slideshow_slide slideshow_slide_image\">\r\n\t\t\t\t\t\t\t\t\t\t\t<img src=\"https:\/\/agora.xtec.cat\/iestorredelpalau\/wp-content\/uploads\/usu1331\/2026\/06\/IMG_1147-1-1.jpg\" alt=\"IMG_1147 (1) (1)\" width=\"1500\" height=\"1000\" \/>\r\n\t\t\t\t\t\t\t\t\t\t<div class=\"slideshow_description_box slideshow_transparent\">\r\n\t\t\t\t\t\t\t\t\t\t\t\t\t\t\t\t\t<\/div>\r\n\t\t\t\t<\/div>\r\n\r\n\t\t\t\t\t\t<div style=\"clear: both;\"><\/div><\/div><div class=\"slideshow_view\">\r\n\t\t\t\t<div class=\"slideshow_slide slideshow_slide_image\">\r\n\t\t\t\t\t\t\t\t\t\t\t<img src=\"https:\/\/agora.xtec.cat\/iestorredelpalau\/wp-content\/uploads\/usu1331\/2026\/06\/IMG_1140-1-1.jpg\" alt=\"IMG_1140 (1) (1)\" width=\"1500\" height=\"1000\" \/>\r\n\t\t\t\t\t\t\t\t\t\t<div class=\"slideshow_description_box slideshow_transparent\">\r\n\t\t\t\t\t\t\t\t\t\t\t\t\t\t\t\t\t<\/div>\r\n\t\t\t\t<\/div>\r\n\r\n\t\t\t\t\t\t<div style=\"clear: both;\"><\/div><\/div><div class=\"slideshow_view\">\r\n\t\t\t\t<div class=\"slideshow_slide slideshow_slide_image\">\r\n\t\t\t\t\t\t\t\t\t\t\t<img src=\"https:\/\/agora.xtec.cat\/iestorredelpalau\/wp-content\/uploads\/usu1331\/2026\/06\/PXL_20260619_105250089-1.jpg\" alt=\"PXL_20260619_105250089 (1)\" width=\"2312\" height=\"1736\" \/>\r\n\t\t\t\t\t\t\t\t\t\t<div class=\"slideshow_description_box slideshow_transparent\">\r\n\t\t\t\t\t\t\t\t\t\t\t\t\t\t\t\t\t<\/div>\r\n\t\t\t\t<\/div>\r\n\r\n\t\t\t\t\t\t<div style=\"clear: both;\"><\/div><\/div><div class=\"slideshow_view\">\r\n\t\t\t\t<div class=\"slideshow_slide slideshow_slide_image\">\r\n\t\t\t\t\t\t\t\t\t\t\t<img src=\"https:\/\/agora.xtec.cat\/iestorredelpalau\/wp-content\/uploads\/usu1331\/2026\/06\/PXL_20260619_103324425-1.jpg\" alt=\"PXL_20260619_103324425 (1)\" width=\"2312\" height=\"1736\" \/>\r\n\t\t\t\t\t\t\t\t\t\t<div class=\"slideshow_description_box slideshow_transparent\">\r\n\t\t\t\t\t\t\t\t\t\t\t\t\t\t\t\t\t<\/div>\r\n\t\t\t\t<\/div>\r\n\r\n\t\t\t\t\t\t<div style=\"clear: both;\"><\/div><\/div><div class=\"slideshow_view\">\r\n\t\t\t\t<div class=\"slideshow_slide slideshow_slide_image\">\r\n\t\t\t\t\t\t\t\t\t\t\t<img src=\"https:\/\/agora.xtec.cat\/iestorredelpalau\/wp-content\/uploads\/usu1331\/2026\/06\/20260619_101857-1-rotated.jpg\" alt=\"20260619_101857 (1)\" width=\"1500\" height=\"2000\" \/>\r\n\t\t\t\t\t\t\t\t\t\t<div class=\"slideshow_description_box slideshow_transparent\">\r\n\t\t\t\t\t\t\t\t\t\t\t\t\t\t\t\t\t<\/div>\r\n\t\t\t\t<\/div>\r\n\r\n\t\t\t\t\t\t<div style=\"clear: both;\"><\/div><\/div><div class=\"slideshow_view\">\r\n\t\t\t\t<div class=\"slideshow_slide slideshow_slide_image\">\r\n\t\t\t\t\t\t\t\t\t\t\t<img src=\"https:\/\/agora.xtec.cat\/iestorredelpalau\/wp-content\/uploads\/usu1331\/2026\/06\/20260619_095742-1-rotated.jpg\" alt=\"20260619_095742 (1)\" width=\"1500\" height=\"2000\" \/>\r\n\t\t\t\t\t\t\t\t\t\t<div class=\"slideshow_description_box slideshow_transparent\">\r\n\t\t\t\t\t\t\t\t\t\t\t\t\t\t\t\t\t<\/div>\r\n\t\t\t\t<\/div>\r\n\r\n\t\t\t\t\t\t<div style=\"clear: both;\"><\/div><\/div>\r\n\t\t<\/div>\r\n\r\n\t\t<div class=\"slideshow_controlPanel slideshow_transparent\" style=\"display: none;\"><ul><li class=\"slideshow_togglePlay\" data-play-text=\"Visualitza\" data-pause-text=\"Pausa\"><\/li><\/ul><\/div>\r\n\r\n\t\t<div class=\"slideshow_button slideshow_previous slideshow_transparent\" role=\"button\" data-previous-text=\"Anterior\" style=\"display: none;\"><\/div>\r\n\t\t<div class=\"slideshow_button slideshow_next slideshow_transparent\" role=\"button\" data-next-text=\"Seg\u00fcent\" style=\"display: none;\"><\/div>\r\n\r\n\t\t<div class=\"slideshow_pagination\" style=\"display: none;\" data-go-to-text=\"V\u00e9s a la diapositiva\"><div class=\"slideshow_pagination_center\"><\/div><\/div>\r\n\r\n\t\t<!-- WordPress Slideshow Version 2.3.1 -->\r\n\r\n\t\t\t<\/div>\r\n\r\n<\/p>\n<blockquote data-path-to-node=\"10\">\n<p data-path-to-node=\"10,0\">\n<\/blockquote>\n","protected":false},"excerpt":{"rendered":"<p>El passat divendres vam viure un dels moments m\u00e9s esperats, emotius i, sens dubte, colorits de tot el curs: la graduaci\u00f3 de la promoci\u00f3 d&#8217;alumnat de 4t d&#8217;ESO. Despr\u00e9s de quatre anys d&#8217;esfor\u00e7, creixement i viv\u00e8ncies compartides, els nostres nois i noies tanquen una etapa fonamental de les seves vides per obrir-se cam\u00ed cap al [&hellip;]<\/p>\n","protected":false},"author":1,"featured_media":11838,"comment_status":"closed","ping_status":"closed","sticky":false,"template":"","format":"standard","meta":{"_bbp_topic_count":0,"_bbp_reply_count":0,"_bbp_total_topic_count":0,"_bbp_total_reply_count":0,"_bbp_voice_count":0,"_bbp_anonymous_reply_count":0,"_bbp_topic_count_hidden":0,"_bbp_reply_count_hidden":0,"_bbp_forum_subforum_count":0,"site-sidebar-layout":"default","site-content-layout":"","ast-site-content-layout":"default","site-content-style":"default","site-sidebar-style":"default","ast-global-header-display":"","ast-banner-title-visibility":"","ast-main-header-display":"","ast-hfb-above-header-display":"","ast-hfb-below-header-display":"","ast-hfb-mobile-header-display":"","site-post-title":"","ast-breadcrumbs-content":"","ast-featured-img":"","footer-sml-layout":"","theme-transparent-header-meta":"default","adv-header-id-meta":"","stick-header-meta":"","header-above-stick-meta":"","header-main-stick-meta":"","header-below-stick-meta":"","astra-migrate-meta-layouts":"set","ast-page-background-enabled":"default","ast-page-background-meta":{"desktop":{"background-color":"var(--ast-global-color-4)","background-image":"","background-repeat":"repeat","background-position":"center center","background-size":"auto","background-attachment":"scroll","background-type":"","background-media":"","overlay-type":"","overlay-color":"","overlay-opacity":"","overlay-gradient":""},"tablet":{"background-color":"","background-image":"","background-repeat":"repeat","background-position":"center center","background-size":"auto","background-attachment":"scroll","background-type":"","background-media":"","overlay-type":"","overlay-color":"","overlay-opacity":"","overlay-gradient":""},"mobile":{"background-color":"","background-image":"","background-repeat":"repeat","background-position":"center center","background-size":"auto","background-attachment":"scroll","background-type":"","background-media":"","overlay-type":"","overlay-color":"","overlay-opacity":"","overlay-gradient":""}},"ast-content-background-meta":{"desktop":{"background-color":"var(--ast-global-color-5)","background-image":"","background-repeat":"repeat","background-position":"center center","background-size":"auto","background-attachment":"scroll","background-type":"","background-media":"","overlay-type":"","overlay-color":"","overlay-opacity":"","overlay-gradient":""},"tablet":{"background-color":"var(--ast-global-color-5)","background-image":"","background-repeat":"repeat","background-position":"center center","background-size":"auto","background-attachment":"scroll","background-type":"","background-media":"","overlay-type":"","overlay-color":"","overlay-opacity":"","overlay-gradient":""},"mobile":{"background-color":"var(--ast-global-color-5)","background-image":"","background-repeat":"repeat","background-position":"center center","background-size":"auto","background-attachment":"scroll","background-type":"","background-media":"","overlay-type":"","overlay-color":"","overlay-opacity":"","overlay-gradient":""}},"footnotes":""},"categories":[7,1,107,29],"tags":[],"class_list":["post-11831","post","type-post","status-publish","format-standard","has-post-thumbnail","hentry","category-eso-4","category-general","category-noticies-del-centre","category-portada"],"post_mailing_queue_ids":[],"_links":{"self":[{"href":"https:\/\/agora.xtec.cat\/iestorredelpalau\/wp-json\/wp\/v2\/posts\/11831","targetHints":{"allow":["GET"]}}],"collection":[{"href":"https:\/\/agora.xtec.cat\/iestorredelpalau\/wp-json\/wp\/v2\/posts"}],"about":[{"href":"https:\/\/agora.xtec.cat\/iestorredelpalau\/wp-json\/wp\/v2\/types\/post"}],"author":[{"embeddable":true,"href":"https:\/\/agora.xtec.cat\/iestorredelpalau\/wp-json\/wp\/v2\/users\/1"}],"replies":[{"embeddable":true,"href":"https:\/\/agora.xtec.cat\/iestorredelpalau\/wp-json\/wp\/v2\/comments?post=11831"}],"version-history":[{"count":2,"href":"https:\/\/agora.xtec.cat\/iestorredelpalau\/wp-json\/wp\/v2\/posts\/11831\/revisions"}],"predecessor-version":[{"id":11840,"href":"https:\/\/agora.xtec.cat\/iestorredelpalau\/wp-json\/wp\/v2\/posts\/11831\/revisions\/11840"}],"wp:featuredmedia":[{"embeddable":true,"href":"https:\/\/agora.xtec.cat\/iestorredelpalau\/wp-json\/wp\/v2\/media\/11838"}],"wp:attachment":[{"href":"https:\/\/agora.xtec.cat\/iestorredelpalau\/wp-json\/wp\/v2\/media?parent=11831"}],"wp:term":[{"taxonomy":"category","embeddable":true,"href":"https:\/\/agora.xtec.cat\/iestorredelpalau\/wp-json\/wp\/v2\/categories?post=11831"},{"taxonomy":"post_tag","embeddable":true,"href":"https:\/\/agora.xtec.cat\/iestorredelpalau\/wp-json\/wp\/v2\/tags?post=11831"}],"curies":[{"name":"wp","href":"https:\/\/api.w.org\/{rel}","templated":true}]}}