{"id":11317,"date":"2026-04-28T08:12:21","date_gmt":"2026-04-28T06:12:21","guid":{"rendered":"https:\/\/agora.xtec.cat\/iestorredelpalau\/?p=11317"},"modified":"2026-04-28T08:12:21","modified_gmt":"2026-04-28T06:12:21","slug":"llums-camera-i-accio-el-realitzador-javier-gascon-visita-linstitut","status":"publish","type":"post","link":"https:\/\/agora.xtec.cat\/iestorredelpalau\/general\/llums-camera-i-accio-el-realitzador-javier-gascon-visita-linstitut\/","title":{"rendered":"Llums, c\u00e0mera i acci\u00f3! El realitzador Javier Gasc\u00f3n visita l&#8217;institut"},"content":{"rendered":"<p style=\"text-align: justify;\" data-path-to-node=\"3\">El passat divendres <b data-path-to-node=\"3\" data-index-in-node=\"20\">24 d&#8217;abril<\/b>, el nostre alumnat va tenir el luxe de con\u00e8ixer de prop el m\u00f3n del sector audiovisual gr\u00e0cies a la visita de <b data-path-to-node=\"3\" data-index-in-node=\"140\">Javier Gasc\u00f3n<\/b>, realitzador de televisi\u00f3 i publicitat amb una llarga traject\u00f2ria en la professi\u00f3.<\/p>\n<p style=\"text-align: justify;\" data-path-to-node=\"5\">L&#8217;objectiu de la xerrada era explicar en qu\u00e8 consisteix exactament la feina d&#8217;un realitzador: des de la idea inicial i la planificaci\u00f3 t\u00e8cnica fins al moment del rodatge i el muntatge final. En Javier va compartir amb nosaltres la seva experi\u00e8ncia gestionant equips i prenent decisions creatives sota pressi\u00f3.<\/p>\n<p style=\"text-align: justify;\" data-path-to-node=\"6\">Per\u00f2 no tot va ser teoria. El plat fort de la jornada va arribar quan ens va mostrar part del seu curr\u00edculum visual. Us sona la can\u00e7\u00f3 <b data-path-to-node=\"6\" data-index-in-node=\"134\">&#8220;El Gelat&#8221; de Miki N\u00fa\u00f1ez<\/b>? Doncs en Javier va ser l&#8217;encarregat de donar-li forma!<\/p>\n<p style=\"text-align: justify;\" data-path-to-node=\"8\">Vam poder analitzar el videoclip de dalt a baix mentre en Javier ens comentava tots els detalls: <span style=\"font-size: 16px;\">Com es va decidir l&#8217;est\u00e8tica i el ritme del v\u00eddeo, e<\/span><span style=\"font-size: 16px;\">ls reptes t\u00e8cnics i les an\u00e8cdotes que passen darrere de les c\u00e0meres i c<\/span><span style=\"font-size: 16px;\">om es poleixen les imatges perqu\u00e8 el resultat final sigui impecable.<\/span><\/p>\n<p style=\"text-align: justify;\" data-path-to-node=\"10\">Va ser una sessi\u00f3 d&#8217;all\u00f2 m\u00e9s inspiradora que ens va permetre entendre que, darrere de cada minut de v\u00eddeo que consumim a les xarxes o a la televisi\u00f3, hi ha hores de feina, molta gent implicada i una gran dosi de talent.<\/p>\n<p style=\"text-align: justify;\" data-path-to-node=\"10\"><b style=\"font-style: inherit;\" data-path-to-node=\"11,0\" data-index-in-node=\"0\">Gr\u00e0cies, Javier, per encomanar-nos la teva passi\u00f3 per la imatge!<\/b><\/p>\n<p data-path-to-node=\"10\"><a href=\"https:\/\/agora.xtec.cat\/iestorredelpalau\/wp-content\/uploads\/usu1331\/2026\/04\/PHOTO-2026-04-26-21-50-58.jpg\"><img loading=\"lazy\" decoding=\"async\" class=\"aligncenter  wp-image-11318\" src=\"https:\/\/agora.xtec.cat\/iestorredelpalau\/wp-content\/uploads\/usu1331\/2026\/04\/PHOTO-2026-04-26-21-50-58-1024x768.jpg\" alt=\"\" width=\"600\" height=\"450\" srcset=\"https:\/\/agora.xtec.cat\/iestorredelpalau\/wp-content\/uploads\/usu1331\/2026\/04\/PHOTO-2026-04-26-21-50-58-1024x768.jpg 1024w, https:\/\/agora.xtec.cat\/iestorredelpalau\/wp-content\/uploads\/usu1331\/2026\/04\/PHOTO-2026-04-26-21-50-58-300x225.jpg 300w, https:\/\/agora.xtec.cat\/iestorredelpalau\/wp-content\/uploads\/usu1331\/2026\/04\/PHOTO-2026-04-26-21-50-58-768x576.jpg 768w, https:\/\/agora.xtec.cat\/iestorredelpalau\/wp-content\/uploads\/usu1331\/2026\/04\/PHOTO-2026-04-26-21-50-58-1536x1152.jpg 1536w, https:\/\/agora.xtec.cat\/iestorredelpalau\/wp-content\/uploads\/usu1331\/2026\/04\/PHOTO-2026-04-26-21-50-58.jpg 2048w\" sizes=\"auto, (max-width: 600px) 100vw, 600px\" \/><\/a><\/p>\n","protected":false},"excerpt":{"rendered":"<p>El passat divendres 24 d&#8217;abril, el nostre alumnat va tenir el luxe de con\u00e8ixer de prop el m\u00f3n del sector audiovisual gr\u00e0cies a la visita de Javier Gasc\u00f3n, realitzador de televisi\u00f3 i publicitat amb una llarga traject\u00f2ria en la professi\u00f3. L&#8217;objectiu de la xerrada era explicar en qu\u00e8 consisteix exactament la feina d&#8217;un realitzador: des [&hellip;]<\/p>\n","protected":false},"author":1,"featured_media":11318,"comment_status":"closed","ping_status":"closed","sticky":false,"template":"","format":"standard","meta":{"_bbp_topic_count":0,"_bbp_reply_count":0,"_bbp_total_topic_count":0,"_bbp_total_reply_count":0,"_bbp_voice_count":0,"_bbp_anonymous_reply_count":0,"_bbp_topic_count_hidden":0,"_bbp_reply_count_hidden":0,"_bbp_forum_subforum_count":0,"site-sidebar-layout":"default","site-content-layout":"","ast-site-content-layout":"default","site-content-style":"default","site-sidebar-style":"default","ast-global-header-display":"","ast-banner-title-visibility":"","ast-main-header-display":"","ast-hfb-above-header-display":"","ast-hfb-below-header-display":"","ast-hfb-mobile-header-display":"","site-post-title":"","ast-breadcrumbs-content":"","ast-featured-img":"","footer-sml-layout":"","theme-transparent-header-meta":"default","adv-header-id-meta":"","stick-header-meta":"","header-above-stick-meta":"","header-main-stick-meta":"","header-below-stick-meta":"","astra-migrate-meta-layouts":"set","ast-page-background-enabled":"default","ast-page-background-meta":{"desktop":{"background-color":"var(--ast-global-color-4)","background-image":"","background-repeat":"repeat","background-position":"center center","background-size":"auto","background-attachment":"scroll","background-type":"","background-media":"","overlay-type":"","overlay-color":"","overlay-opacity":"","overlay-gradient":""},"tablet":{"background-color":"","background-image":"","background-repeat":"repeat","background-position":"center center","background-size":"auto","background-attachment":"scroll","background-type":"","background-media":"","overlay-type":"","overlay-color":"","overlay-opacity":"","overlay-gradient":""},"mobile":{"background-color":"","background-image":"","background-repeat":"repeat","background-position":"center center","background-size":"auto","background-attachment":"scroll","background-type":"","background-media":"","overlay-type":"","overlay-color":"","overlay-opacity":"","overlay-gradient":""}},"ast-content-background-meta":{"desktop":{"background-color":"var(--ast-global-color-5)","background-image":"","background-repeat":"repeat","background-position":"center center","background-size":"auto","background-attachment":"scroll","background-type":"","background-media":"","overlay-type":"","overlay-color":"","overlay-opacity":"","overlay-gradient":""},"tablet":{"background-color":"var(--ast-global-color-5)","background-image":"","background-repeat":"repeat","background-position":"center center","background-size":"auto","background-attachment":"scroll","background-type":"","background-media":"","overlay-type":"","overlay-color":"","overlay-opacity":"","overlay-gradient":""},"mobile":{"background-color":"var(--ast-global-color-5)","background-image":"","background-repeat":"repeat","background-position":"center center","background-size":"auto","background-attachment":"scroll","background-type":"","background-media":"","overlay-type":"","overlay-color":"","overlay-opacity":"","overlay-gradient":""}},"footnotes":""},"categories":[8,138,1,107,29],"tags":[],"class_list":["post-11317","post","type-post","status-publish","format-standard","has-post-thumbnail","hentry","category-batxillerat","category-dep-llengues","category-general","category-noticies-del-centre","category-portada"],"post_mailing_queue_ids":[],"_links":{"self":[{"href":"https:\/\/agora.xtec.cat\/iestorredelpalau\/wp-json\/wp\/v2\/posts\/11317","targetHints":{"allow":["GET"]}}],"collection":[{"href":"https:\/\/agora.xtec.cat\/iestorredelpalau\/wp-json\/wp\/v2\/posts"}],"about":[{"href":"https:\/\/agora.xtec.cat\/iestorredelpalau\/wp-json\/wp\/v2\/types\/post"}],"author":[{"embeddable":true,"href":"https:\/\/agora.xtec.cat\/iestorredelpalau\/wp-json\/wp\/v2\/users\/1"}],"replies":[{"embeddable":true,"href":"https:\/\/agora.xtec.cat\/iestorredelpalau\/wp-json\/wp\/v2\/comments?post=11317"}],"version-history":[{"count":1,"href":"https:\/\/agora.xtec.cat\/iestorredelpalau\/wp-json\/wp\/v2\/posts\/11317\/revisions"}],"predecessor-version":[{"id":11319,"href":"https:\/\/agora.xtec.cat\/iestorredelpalau\/wp-json\/wp\/v2\/posts\/11317\/revisions\/11319"}],"wp:featuredmedia":[{"embeddable":true,"href":"https:\/\/agora.xtec.cat\/iestorredelpalau\/wp-json\/wp\/v2\/media\/11318"}],"wp:attachment":[{"href":"https:\/\/agora.xtec.cat\/iestorredelpalau\/wp-json\/wp\/v2\/media?parent=11317"}],"wp:term":[{"taxonomy":"category","embeddable":true,"href":"https:\/\/agora.xtec.cat\/iestorredelpalau\/wp-json\/wp\/v2\/categories?post=11317"},{"taxonomy":"post_tag","embeddable":true,"href":"https:\/\/agora.xtec.cat\/iestorredelpalau\/wp-json\/wp\/v2\/tags?post=11317"}],"curies":[{"name":"wp","href":"https:\/\/api.w.org\/{rel}","templated":true}]}}