{"id":11305,"date":"2026-04-21T16:49:13","date_gmt":"2026-04-21T14:49:13","guid":{"rendered":"https:\/\/agora.xtec.cat\/iestorredelpalau\/?p=11305"},"modified":"2026-04-21T16:49:13","modified_gmt":"2026-04-21T14:49:13","slug":"el-2n-batxillerat-escenic-presenta-desti-aeroport-per-sant-jordi","status":"publish","type":"post","link":"https:\/\/agora.xtec.cat\/iestorredelpalau\/general\/el-2n-batxillerat-escenic-presenta-desti-aeroport-per-sant-jordi\/","title":{"rendered":"El 2n Batxillerat Esc\u00e8nic presenta &#8220;Dest\u00ed, aeroport&#8221; per Sant Jordi"},"content":{"rendered":"<p data-path-to-node=\"3\">Aquest Sant Jordi, l&#8217;institut es vesteix de gala! Els alumnes de <b data-path-to-node=\"3\" data-index-in-node=\"65\">2n de Batxillerat d&#8217;Arts Esc\u00e8niques, <\/b>presenten la seva producci\u00f3 teatral d&#8217;enguany: <b data-path-to-node=\"3\" data-index-in-node=\"164\"><i data-path-to-node=\"3\" data-index-in-node=\"164\">Dest\u00ed, aeroport<\/i><\/b>.<\/p>\n<p data-path-to-node=\"4\">Despr\u00e9s de mesos de molta feina, assajos i creativitat, els nostres joves artistes pujaran a l&#8217;escenari del <b data-path-to-node=\"4\" data-index-in-node=\"108\">Teatre Principal<\/b> per compartir amb nosaltres una hist\u00f2ria que ens far\u00e0 viatjar sense moure&#8217;ns de la butaca. L&#8217;obra forma part de l&#8217;eix central dels actes de la diada de Sant Jordi al nostre centre.<\/p>\n<p data-path-to-node=\"6\">Per tal que tothom pugui gaudir de l&#8217;espectacle, s&#8217;han organitzat tres sessions:<\/p>\n<ul data-path-to-node=\"7\">\n<li>\n<p data-path-to-node=\"7,0,0\"><b data-path-to-node=\"7,0,0\" data-index-in-node=\"0\">Sessions matinals:<\/b> Exclusives per a l&#8217;alumnat del centre.<\/p>\n<\/li>\n<li>\n<p data-path-to-node=\"7,1,0\"><b data-path-to-node=\"7,1,0\" data-index-in-node=\"0\">Sessi\u00f3 de vespre (20:00 h):<\/b> Funci\u00f3 especial <b data-path-to-node=\"7,1,0\" data-index-in-node=\"44\">oberta a tota la ciutat<\/b>, familiars i amics.<\/p>\n<\/li>\n<\/ul>\n<p data-path-to-node=\"9\">L&#8217;entrada per a la funci\u00f3 de les 20:00 h \u00e9s gratu\u00efta, per\u00f2 l&#8217;aforament \u00e9s limitat. Totes les persones interessades a assistir-hi ja poden passar a recollir les seves <b data-path-to-node=\"9\" data-index-in-node=\"166\">invitacions a la consergeria<\/b> de l&#8217;institut.<\/p>\n<p data-path-to-node=\"10\">No us perdeu l&#8217;oportunitat de donar suport al talent local i gaudir de la m\u00e0gia del teatre en directe.<\/p>\n<p data-path-to-node=\"11\"><b data-path-to-node=\"11\" data-index-in-node=\"0\">Us hi esperem per enlairar aquest Sant Jordi!<\/b><\/p>\n<p data-path-to-node=\"11\"><a href=\"https:\/\/agora.xtec.cat\/iestorredelpalau\/wp-content\/uploads\/usu1331\/2026\/04\/IMG_3721-1.png\"><img loading=\"lazy\" decoding=\"async\" class=\"aligncenter  wp-image-11306\" src=\"https:\/\/agora.xtec.cat\/iestorredelpalau\/wp-content\/uploads\/usu1331\/2026\/04\/IMG_3721-1-724x1024.png\" alt=\"\" width=\"600\" height=\"849\" srcset=\"https:\/\/agora.xtec.cat\/iestorredelpalau\/wp-content\/uploads\/usu1331\/2026\/04\/IMG_3721-1-724x1024.png 724w, https:\/\/agora.xtec.cat\/iestorredelpalau\/wp-content\/uploads\/usu1331\/2026\/04\/IMG_3721-1-212x300.png 212w, https:\/\/agora.xtec.cat\/iestorredelpalau\/wp-content\/uploads\/usu1331\/2026\/04\/IMG_3721-1-768x1086.png 768w, https:\/\/agora.xtec.cat\/iestorredelpalau\/wp-content\/uploads\/usu1331\/2026\/04\/IMG_3721-1-1086x1536.png 1086w, https:\/\/agora.xtec.cat\/iestorredelpalau\/wp-content\/uploads\/usu1331\/2026\/04\/IMG_3721-1-1448x2048.png 1448w, https:\/\/agora.xtec.cat\/iestorredelpalau\/wp-content\/uploads\/usu1331\/2026\/04\/IMG_3721-1.png 1754w\" sizes=\"auto, (max-width: 600px) 100vw, 600px\" \/><\/a><\/p>\n","protected":false},"excerpt":{"rendered":"<p>Aquest Sant Jordi, l&#8217;institut es vesteix de gala! Els alumnes de 2n de Batxillerat d&#8217;Arts Esc\u00e8niques, presenten la seva producci\u00f3 teatral d&#8217;enguany: Dest\u00ed, aeroport. Despr\u00e9s de mesos de molta feina, assajos i creativitat, els nostres joves artistes pujaran a l&#8217;escenari del Teatre Principal per compartir amb nosaltres una hist\u00f2ria que ens far\u00e0 viatjar sense moure&#8217;ns [&hellip;]<\/p>\n","protected":false},"author":1,"featured_media":11306,"comment_status":"closed","ping_status":"closed","sticky":false,"template":"","format":"standard","meta":{"_bbp_topic_count":0,"_bbp_reply_count":0,"_bbp_total_topic_count":0,"_bbp_total_reply_count":0,"_bbp_voice_count":0,"_bbp_anonymous_reply_count":0,"_bbp_topic_count_hidden":0,"_bbp_reply_count_hidden":0,"_bbp_forum_subforum_count":0,"site-sidebar-layout":"default","site-content-layout":"","ast-site-content-layout":"default","site-content-style":"default","site-sidebar-style":"default","ast-global-header-display":"","ast-banner-title-visibility":"","ast-main-header-display":"","ast-hfb-above-header-display":"","ast-hfb-below-header-display":"","ast-hfb-mobile-header-display":"","site-post-title":"","ast-breadcrumbs-content":"","ast-featured-img":"","footer-sml-layout":"","theme-transparent-header-meta":"default","adv-header-id-meta":"","stick-header-meta":"","header-above-stick-meta":"","header-main-stick-meta":"","header-below-stick-meta":"","astra-migrate-meta-layouts":"set","ast-page-background-enabled":"default","ast-page-background-meta":{"desktop":{"background-color":"var(--ast-global-color-4)","background-image":"","background-repeat":"repeat","background-position":"center center","background-size":"auto","background-attachment":"scroll","background-type":"","background-media":"","overlay-type":"","overlay-color":"","overlay-opacity":"","overlay-gradient":""},"tablet":{"background-color":"","background-image":"","background-repeat":"repeat","background-position":"center center","background-size":"auto","background-attachment":"scroll","background-type":"","background-media":"","overlay-type":"","overlay-color":"","overlay-opacity":"","overlay-gradient":""},"mobile":{"background-color":"","background-image":"","background-repeat":"repeat","background-position":"center center","background-size":"auto","background-attachment":"scroll","background-type":"","background-media":"","overlay-type":"","overlay-color":"","overlay-opacity":"","overlay-gradient":""}},"ast-content-background-meta":{"desktop":{"background-color":"var(--ast-global-color-5)","background-image":"","background-repeat":"repeat","background-position":"center center","background-size":"auto","background-attachment":"scroll","background-type":"","background-media":"","overlay-type":"","overlay-color":"","overlay-opacity":"","overlay-gradient":""},"tablet":{"background-color":"var(--ast-global-color-5)","background-image":"","background-repeat":"repeat","background-position":"center center","background-size":"auto","background-attachment":"scroll","background-type":"","background-media":"","overlay-type":"","overlay-color":"","overlay-opacity":"","overlay-gradient":""},"mobile":{"background-color":"var(--ast-global-color-5)","background-image":"","background-repeat":"repeat","background-position":"center center","background-size":"auto","background-attachment":"scroll","background-type":"","background-media":"","overlay-type":"","overlay-color":"","overlay-opacity":"","overlay-gradient":""}},"footnotes":""},"categories":[8,150,1,107,29],"tags":[178,152],"class_list":["post-11305","post","type-post","status-publish","format-standard","has-post-thumbnail","hentry","category-batxillerat","category-dep-arts-esceniques","category-general","category-noticies-del-centre","category-portada","tag-2n-batxillerat-escenic","tag-dep-arts-esceniques"],"post_mailing_queue_ids":[],"_links":{"self":[{"href":"https:\/\/agora.xtec.cat\/iestorredelpalau\/wp-json\/wp\/v2\/posts\/11305","targetHints":{"allow":["GET"]}}],"collection":[{"href":"https:\/\/agora.xtec.cat\/iestorredelpalau\/wp-json\/wp\/v2\/posts"}],"about":[{"href":"https:\/\/agora.xtec.cat\/iestorredelpalau\/wp-json\/wp\/v2\/types\/post"}],"author":[{"embeddable":true,"href":"https:\/\/agora.xtec.cat\/iestorredelpalau\/wp-json\/wp\/v2\/users\/1"}],"replies":[{"embeddable":true,"href":"https:\/\/agora.xtec.cat\/iestorredelpalau\/wp-json\/wp\/v2\/comments?post=11305"}],"version-history":[{"count":1,"href":"https:\/\/agora.xtec.cat\/iestorredelpalau\/wp-json\/wp\/v2\/posts\/11305\/revisions"}],"predecessor-version":[{"id":11307,"href":"https:\/\/agora.xtec.cat\/iestorredelpalau\/wp-json\/wp\/v2\/posts\/11305\/revisions\/11307"}],"wp:featuredmedia":[{"embeddable":true,"href":"https:\/\/agora.xtec.cat\/iestorredelpalau\/wp-json\/wp\/v2\/media\/11306"}],"wp:attachment":[{"href":"https:\/\/agora.xtec.cat\/iestorredelpalau\/wp-json\/wp\/v2\/media?parent=11305"}],"wp:term":[{"taxonomy":"category","embeddable":true,"href":"https:\/\/agora.xtec.cat\/iestorredelpalau\/wp-json\/wp\/v2\/categories?post=11305"},{"taxonomy":"post_tag","embeddable":true,"href":"https:\/\/agora.xtec.cat\/iestorredelpalau\/wp-json\/wp\/v2\/tags?post=11305"}],"curies":[{"name":"wp","href":"https:\/\/api.w.org\/{rel}","templated":true}]}}