{"id":11245,"date":"2026-04-20T19:10:16","date_gmt":"2026-04-20T17:10:16","guid":{"rendered":"https:\/\/agora.xtec.cat\/iestorredelpalau\/?p=11245"},"modified":"2026-04-20T19:10:16","modified_gmt":"2026-04-20T17:10:16","slug":"el-projecte-sentim-en-sintonia-torna-a-engegar-amb-mes-forca-que-mai","status":"publish","type":"post","link":"https:\/\/agora.xtec.cat\/iestorredelpalau\/general\/el-projecte-sentim-en-sintonia-torna-a-engegar-amb-mes-forca-que-mai\/","title":{"rendered":"El projecte SENTIM: En sintonia torna a engegar amb m\u00e9s for\u00e7a que mai!"},"content":{"rendered":"<p style=\"text-align: justify;\">Ens plau anunciar que el projecte de r\u00e0dio del centre, SENTIM: En sintonia, ja ha tornat a caminar aquest nou trimestre amb una energia renovada i moltes ganes de donar veu al nostre alumnat.<\/p>\n<p style=\"text-align: justify;\">L\u2019alumnat de 3r C i 3r D ha gaudit d\u2019una sortida pedag\u00f2gica molt especial a les instal\u00b7lacions de R\u00e0dio Terrassa. Durant la visita, han pogut con\u00e8ixer de primera m\u00e0 el dia a dia dels professionals del mitj\u00e0, explorant els estudis, els equips t\u00e8cnics i els secrets que s\u2019amaguen darrere d\u2019un programa en directe. Aquesta experi\u00e8ncia ha estat la font d\u2019inspiraci\u00f3 perfecta perqu\u00e8, ben aviat, aquests grups comencin a produir els seus propis continguts posant en pr\u00e0ctica tot el que han apr\u00e8s.<\/p>\n<p style=\"text-align: justify;\">D\u2019altra banda, la feina no s\u2019atura! Els alumnes de 3r A i 3r B ja han passat pels micr\u00f2fons per locutar i enregistrar els seus programes de \u201cEn sintonia\u201d.<\/p>\n<p style=\"text-align: justify;\">Actualment, aquests treballs es troben en fase d\u2019edici\u00f3 i estaran disponibles per a tota la comunitat educativa en els propers dies.<\/p>\n<p style=\"text-align: justify;\">Estigueu molt atents i atentes, perqu\u00e8 la r\u00e0dio feta des de Torre del Palau torna a sonar!<\/p>\n<p>Seguirem informant&#8230; i preparant-nos per escoltar molt bona r\u00e0dio!<\/p>\n\r\n\t<div class=\"slideshow_container slideshow_container_style-light\" style=\"height: 500px; \" data-slideshow-id=\"11246\" data-style-name=\"style-light\" data-style-version=\"2.3.1\" >\r\n\r\n\t\t\t\t\t<div class=\"slideshow_loading_icon\"><\/div>\r\n\t\t\r\n\t\t<div class=\"slideshow_content\" style=\"display: none;\">\r\n\r\n\t\t\t<div class=\"slideshow_view\">\r\n\t\t\t\t<div class=\"slideshow_slide slideshow_slide_image\">\r\n\t\t\t\t\t\t\t\t\t\t\t<img src=\"https:\/\/agora.xtec.cat\/iestorredelpalau\/wp-content\/uploads\/usu1331\/2026\/04\/IMG20260414101109-1.jpg\" alt=\"IMG20260414101109 (1)\" width=\"2312\" height=\"1734\" \/>\r\n\t\t\t\t\t\t\t\t\t\t<div class=\"slideshow_description_box slideshow_transparent\">\r\n\t\t\t\t\t\t\t\t\t\t\t\t\t\t\t\t\t<\/div>\r\n\t\t\t\t<\/div>\r\n\r\n\t\t\t\t\t\t<div style=\"clear: both;\"><\/div><\/div><div class=\"slideshow_view\">\r\n\t\t\t\t<div class=\"slideshow_slide slideshow_slide_image\">\r\n\t\t\t\t\t\t\t\t\t\t\t<img src=\"https:\/\/agora.xtec.cat\/iestorredelpalau\/wp-content\/uploads\/usu1331\/2026\/04\/IMG20260414101045-1.jpg\" alt=\"IMG20260414101045 (1)\" width=\"2312\" height=\"1734\" \/>\r\n\t\t\t\t\t\t\t\t\t\t<div class=\"slideshow_description_box slideshow_transparent\">\r\n\t\t\t\t\t\t\t\t\t\t\t\t\t\t\t\t\t<\/div>\r\n\t\t\t\t<\/div>\r\n\r\n\t\t\t\t\t\t<div style=\"clear: both;\"><\/div><\/div><div class=\"slideshow_view\">\r\n\t\t\t\t<div class=\"slideshow_slide slideshow_slide_image\">\r\n\t\t\t\t\t\t\t\t\t\t\t<img src=\"https:\/\/agora.xtec.cat\/iestorredelpalau\/wp-content\/uploads\/usu1331\/2026\/04\/IMG20260414112629-1.jpg\" alt=\"IMG20260414112629 (1)\" width=\"2312\" height=\"1734\" \/>\r\n\t\t\t\t\t\t\t\t\t\t<div class=\"slideshow_description_box slideshow_transparent\">\r\n\t\t\t\t\t\t\t\t\t\t\t\t\t\t\t\t\t<\/div>\r\n\t\t\t\t<\/div>\r\n\r\n\t\t\t\t\t\t<div style=\"clear: both;\"><\/div><\/div>\r\n\t\t<\/div>\r\n\r\n\t\t<div class=\"slideshow_controlPanel slideshow_transparent\" style=\"display: none;\"><ul><li class=\"slideshow_togglePlay\" data-play-text=\"Visualitza\" data-pause-text=\"Pausa\"><\/li><\/ul><\/div>\r\n\r\n\t\t<div class=\"slideshow_button slideshow_previous slideshow_transparent\" role=\"button\" data-previous-text=\"Anterior\" style=\"display: none;\"><\/div>\r\n\t\t<div class=\"slideshow_button slideshow_next slideshow_transparent\" role=\"button\" data-next-text=\"Seg\u00fcent\" style=\"display: none;\"><\/div>\r\n\r\n\t\t<div class=\"slideshow_pagination\" style=\"display: none;\" data-go-to-text=\"V\u00e9s a la diapositiva\"><div class=\"slideshow_pagination_center\"><\/div><\/div>\r\n\r\n\t\t<!-- WordPress Slideshow Version 2.3.1 -->\r\n\r\n\t\t\t<\/div>\r\n\r\n\n","protected":false},"excerpt":{"rendered":"<p>Ens plau anunciar que el projecte de r\u00e0dio del centre, SENTIM: En sintonia, ja ha tornat a caminar aquest nou trimestre amb una energia renovada i moltes ganes de donar veu al nostre alumnat. L\u2019alumnat de 3r C i 3r D ha gaudit d\u2019una sortida pedag\u00f2gica molt especial a les instal\u00b7lacions de R\u00e0dio Terrassa. Durant [&hellip;]<\/p>\n","protected":false},"author":1,"featured_media":11247,"comment_status":"closed","ping_status":"closed","sticky":false,"template":"","format":"standard","meta":{"_bbp_topic_count":0,"_bbp_reply_count":0,"_bbp_total_topic_count":0,"_bbp_total_reply_count":0,"_bbp_voice_count":0,"_bbp_anonymous_reply_count":0,"_bbp_topic_count_hidden":0,"_bbp_reply_count_hidden":0,"_bbp_forum_subforum_count":0,"site-sidebar-layout":"default","site-content-layout":"","ast-site-content-layout":"default","site-content-style":"default","site-sidebar-style":"default","ast-global-header-display":"","ast-banner-title-visibility":"","ast-main-header-display":"","ast-hfb-above-header-display":"","ast-hfb-below-header-display":"","ast-hfb-mobile-header-display":"","site-post-title":"","ast-breadcrumbs-content":"","ast-featured-img":"","footer-sml-layout":"","theme-transparent-header-meta":"default","adv-header-id-meta":"","stick-header-meta":"","header-above-stick-meta":"","header-main-stick-meta":"","header-below-stick-meta":"","astra-migrate-meta-layouts":"set","ast-page-background-enabled":"default","ast-page-background-meta":{"desktop":{"background-color":"var(--ast-global-color-4)","background-image":"","background-repeat":"repeat","background-position":"center center","background-size":"auto","background-attachment":"scroll","background-type":"","background-media":"","overlay-type":"","overlay-color":"","overlay-opacity":"","overlay-gradient":""},"tablet":{"background-color":"","background-image":"","background-repeat":"repeat","background-position":"center center","background-size":"auto","background-attachment":"scroll","background-type":"","background-media":"","overlay-type":"","overlay-color":"","overlay-opacity":"","overlay-gradient":""},"mobile":{"background-color":"","background-image":"","background-repeat":"repeat","background-position":"center center","background-size":"auto","background-attachment":"scroll","background-type":"","background-media":"","overlay-type":"","overlay-color":"","overlay-opacity":"","overlay-gradient":""}},"ast-content-background-meta":{"desktop":{"background-color":"var(--ast-global-color-5)","background-image":"","background-repeat":"repeat","background-position":"center center","background-size":"auto","background-attachment":"scroll","background-type":"","background-media":"","overlay-type":"","overlay-color":"","overlay-opacity":"","overlay-gradient":""},"tablet":{"background-color":"var(--ast-global-color-5)","background-image":"","background-repeat":"repeat","background-position":"center center","background-size":"auto","background-attachment":"scroll","background-type":"","background-media":"","overlay-type":"","overlay-color":"","overlay-opacity":"","overlay-gradient":""},"mobile":{"background-color":"var(--ast-global-color-5)","background-image":"","background-repeat":"repeat","background-position":"center center","background-size":"auto","background-attachment":"scroll","background-type":"","background-media":"","overlay-type":"","overlay-color":"","overlay-opacity":"","overlay-gradient":""}},"footnotes":""},"categories":[6,1,107,29,195],"tags":[132,190],"class_list":["post-11245","post","type-post","status-publish","format-standard","has-post-thumbnail","hentry","category-eso-3","category-general","category-noticies-del-centre","category-portada","category-projectes","tag-3reso","tag-projecte-sentim"],"post_mailing_queue_ids":[],"_links":{"self":[{"href":"https:\/\/agora.xtec.cat\/iestorredelpalau\/wp-json\/wp\/v2\/posts\/11245","targetHints":{"allow":["GET"]}}],"collection":[{"href":"https:\/\/agora.xtec.cat\/iestorredelpalau\/wp-json\/wp\/v2\/posts"}],"about":[{"href":"https:\/\/agora.xtec.cat\/iestorredelpalau\/wp-json\/wp\/v2\/types\/post"}],"author":[{"embeddable":true,"href":"https:\/\/agora.xtec.cat\/iestorredelpalau\/wp-json\/wp\/v2\/users\/1"}],"replies":[{"embeddable":true,"href":"https:\/\/agora.xtec.cat\/iestorredelpalau\/wp-json\/wp\/v2\/comments?post=11245"}],"version-history":[{"count":1,"href":"https:\/\/agora.xtec.cat\/iestorredelpalau\/wp-json\/wp\/v2\/posts\/11245\/revisions"}],"predecessor-version":[{"id":11251,"href":"https:\/\/agora.xtec.cat\/iestorredelpalau\/wp-json\/wp\/v2\/posts\/11245\/revisions\/11251"}],"wp:featuredmedia":[{"embeddable":true,"href":"https:\/\/agora.xtec.cat\/iestorredelpalau\/wp-json\/wp\/v2\/media\/11247"}],"wp:attachment":[{"href":"https:\/\/agora.xtec.cat\/iestorredelpalau\/wp-json\/wp\/v2\/media?parent=11245"}],"wp:term":[{"taxonomy":"category","embeddable":true,"href":"https:\/\/agora.xtec.cat\/iestorredelpalau\/wp-json\/wp\/v2\/categories?post=11245"},{"taxonomy":"post_tag","embeddable":true,"href":"https:\/\/agora.xtec.cat\/iestorredelpalau\/wp-json\/wp\/v2\/tags?post=11245"}],"curies":[{"name":"wp","href":"https:\/\/api.w.org\/{rel}","templated":true}]}}