{"id":10799,"date":"2025-11-12T10:34:33","date_gmt":"2025-11-12T09:34:33","guid":{"rendered":"https:\/\/agora.xtec.cat\/iestorredelpalau\/?p=10799"},"modified":"2025-11-12T10:34:33","modified_gmt":"2025-11-12T09:34:33","slug":"el-batxillerat-humanistic-a-la-barcino-romana","status":"publish","type":"post","link":"https:\/\/agora.xtec.cat\/iestorredelpalau\/general\/el-batxillerat-humanistic-a-la-barcino-romana\/","title":{"rendered":"El Batxillerat human\u00edstic a la Barcino romana!"},"content":{"rendered":"<p style=\"text-align: justify;\">Els alumnes de <b>1r i 2n de Batxillerat de Llat\u00ed<\/b> i els estudiants de <b>M\u00f3n Cl\u00e0ssic<\/b> han realitzat recentment una enriquidora visita a les restes de <b>Barcino<\/b>, la Barcelona romana. Aquesta activitat ha perm\u00e8s als joves submergir-se directament en el patrimoni hist\u00f2ric que estudien a les aules.<\/p>\n<p style=\"text-align: justify;\">La jornada ha estat un \u00e8xit, oferint una visi\u00f3 de primera m\u00e0 de les estructures m\u00e9s emblem\u00e0tiques de l&#8217;antiga col\u00f2nia romana. Entre els elements que han pogut observar i analitzar s&#8217;hi troben:<\/p>\n<ul style=\"text-align: justify;\">\n<li><b>Les imponents muralles de Barcino<\/b>, que definien els l\u00edmits de la ciutat.<\/li>\n<li><b>Les columnes del Temple d&#8217;August<\/b>, testimoni de l&#8217;antic f\u00f2rum i centre neur\u00e0lgic de la vida p\u00fablica.<\/li>\n<li><b>Trams dels aq\u00fceductes<\/b>, evid\u00e8ncia de la sofisticada enginyeria hidr\u00e0ulica romana.<\/li>\n<\/ul>\n<p style=\"text-align: justify;\">M\u00e9s enll\u00e0 de l&#8217;aprenentatge acad\u00e8mic, la sortida tamb\u00e9 ha servit com a excel\u00b7lent <b>jornada de cohesi\u00f3<\/b> entre els dos nivells de la modalitat human\u00edstica. Els alumnes han gaudit d&#8217;un temps de conviv\u00e8ncia i d&#8217;intercanvi d&#8217;experi\u00e8ncies, refor\u00e7ant els lla\u00e7os i l&#8217;esperit de grup.<\/p>\n<p style=\"text-align: justify;\">Aquesta iniciativa subratlla la import\u00e0ncia de complementar la teoria amb la pr\u00e0ctica, connectant directament els textos cl\u00e0ssics i les lli\u00e7ons de la hist\u00f2ria amb les restes materials que encara perduren a la nostra ciutat.<\/p>\n<p style=\"text-align: justify;\">Departament de Cl\u00e0ssiques.<\/p>\n<p><a href=\"https:\/\/agora.xtec.cat\/iestorredelpalau\/wp-content\/uploads\/usu1331\/2025\/11\/unnamed.jpg\"><img loading=\"lazy\" decoding=\"async\" class=\"aligncenter  wp-image-10800\" src=\"https:\/\/agora.xtec.cat\/iestorredelpalau\/wp-content\/uploads\/usu1331\/2025\/11\/unnamed-768x1024.jpg\" alt=\"\" width=\"501\" height=\"668\" srcset=\"https:\/\/agora.xtec.cat\/iestorredelpalau\/wp-content\/uploads\/usu1331\/2025\/11\/unnamed-768x1024.jpg 768w, https:\/\/agora.xtec.cat\/iestorredelpalau\/wp-content\/uploads\/usu1331\/2025\/11\/unnamed-225x300.jpg 225w, https:\/\/agora.xtec.cat\/iestorredelpalau\/wp-content\/uploads\/usu1331\/2025\/11\/unnamed-1152x1536.jpg 1152w, https:\/\/agora.xtec.cat\/iestorredelpalau\/wp-content\/uploads\/usu1331\/2025\/11\/unnamed.jpg 1200w\" sizes=\"auto, (max-width: 501px) 100vw, 501px\" \/><\/a><\/p>\n","protected":false},"excerpt":{"rendered":"<p>Els alumnes de 1r i 2n de Batxillerat de Llat\u00ed i els estudiants de M\u00f3n Cl\u00e0ssic han realitzat recentment una enriquidora visita a les restes de Barcino, la Barcelona romana. Aquesta activitat ha perm\u00e8s als joves submergir-se directament en el patrimoni hist\u00f2ric que estudien a les aules. La jornada ha estat un \u00e8xit, oferint una [&hellip;]<\/p>\n","protected":false},"author":1,"featured_media":10800,"comment_status":"closed","ping_status":"closed","sticky":false,"template":"","format":"standard","meta":{"_bbp_topic_count":0,"_bbp_reply_count":0,"_bbp_total_topic_count":0,"_bbp_total_reply_count":0,"_bbp_voice_count":0,"_bbp_anonymous_reply_count":0,"_bbp_topic_count_hidden":0,"_bbp_reply_count_hidden":0,"_bbp_forum_subforum_count":0,"site-sidebar-layout":"default","site-content-layout":"","ast-site-content-layout":"","site-content-style":"default","site-sidebar-style":"default","ast-global-header-display":"","ast-banner-title-visibility":"","ast-main-header-display":"","ast-hfb-above-header-display":"","ast-hfb-below-header-display":"","ast-hfb-mobile-header-display":"","site-post-title":"","ast-breadcrumbs-content":"","ast-featured-img":"","footer-sml-layout":"","theme-transparent-header-meta":"","adv-header-id-meta":"","stick-header-meta":"","header-above-stick-meta":"","header-main-stick-meta":"","header-below-stick-meta":"","astra-migrate-meta-layouts":"default","ast-page-background-enabled":"default","ast-page-background-meta":{"desktop":{"background-color":"var(--ast-global-color-4)","background-image":"","background-repeat":"repeat","background-position":"center center","background-size":"auto","background-attachment":"scroll","background-type":"","background-media":"","overlay-type":"","overlay-color":"","overlay-opacity":"","overlay-gradient":""},"tablet":{"background-color":"","background-image":"","background-repeat":"repeat","background-position":"center center","background-size":"auto","background-attachment":"scroll","background-type":"","background-media":"","overlay-type":"","overlay-color":"","overlay-opacity":"","overlay-gradient":""},"mobile":{"background-color":"","background-image":"","background-repeat":"repeat","background-position":"center center","background-size":"auto","background-attachment":"scroll","background-type":"","background-media":"","overlay-type":"","overlay-color":"","overlay-opacity":"","overlay-gradient":""}},"ast-content-background-meta":{"desktop":{"background-color":"var(--ast-global-color-5)","background-image":"","background-repeat":"repeat","background-position":"center center","background-size":"auto","background-attachment":"scroll","background-type":"","background-media":"","overlay-type":"","overlay-color":"","overlay-opacity":"","overlay-gradient":""},"tablet":{"background-color":"var(--ast-global-color-5)","background-image":"","background-repeat":"repeat","background-position":"center center","background-size":"auto","background-attachment":"scroll","background-type":"","background-media":"","overlay-type":"","overlay-color":"","overlay-opacity":"","overlay-gradient":""},"mobile":{"background-color":"var(--ast-global-color-5)","background-image":"","background-repeat":"repeat","background-position":"center center","background-size":"auto","background-attachment":"scroll","background-type":"","background-media":"","overlay-type":"","overlay-color":"","overlay-opacity":"","overlay-gradient":""}},"footnotes":""},"categories":[8,1,107,29],"tags":[166,162],"class_list":["post-10799","post","type-post","status-publish","format-standard","has-post-thumbnail","hentry","category-batxillerat","category-general","category-noticies-del-centre","category-portada","tag-1r-batxillerat","tag-2n-batxillerat"],"post_mailing_queue_ids":[],"_links":{"self":[{"href":"https:\/\/agora.xtec.cat\/iestorredelpalau\/wp-json\/wp\/v2\/posts\/10799","targetHints":{"allow":["GET"]}}],"collection":[{"href":"https:\/\/agora.xtec.cat\/iestorredelpalau\/wp-json\/wp\/v2\/posts"}],"about":[{"href":"https:\/\/agora.xtec.cat\/iestorredelpalau\/wp-json\/wp\/v2\/types\/post"}],"author":[{"embeddable":true,"href":"https:\/\/agora.xtec.cat\/iestorredelpalau\/wp-json\/wp\/v2\/users\/1"}],"replies":[{"embeddable":true,"href":"https:\/\/agora.xtec.cat\/iestorredelpalau\/wp-json\/wp\/v2\/comments?post=10799"}],"version-history":[{"count":1,"href":"https:\/\/agora.xtec.cat\/iestorredelpalau\/wp-json\/wp\/v2\/posts\/10799\/revisions"}],"predecessor-version":[{"id":10801,"href":"https:\/\/agora.xtec.cat\/iestorredelpalau\/wp-json\/wp\/v2\/posts\/10799\/revisions\/10801"}],"wp:featuredmedia":[{"embeddable":true,"href":"https:\/\/agora.xtec.cat\/iestorredelpalau\/wp-json\/wp\/v2\/media\/10800"}],"wp:attachment":[{"href":"https:\/\/agora.xtec.cat\/iestorredelpalau\/wp-json\/wp\/v2\/media?parent=10799"}],"wp:term":[{"taxonomy":"category","embeddable":true,"href":"https:\/\/agora.xtec.cat\/iestorredelpalau\/wp-json\/wp\/v2\/categories?post=10799"},{"taxonomy":"post_tag","embeddable":true,"href":"https:\/\/agora.xtec.cat\/iestorredelpalau\/wp-json\/wp\/v2\/tags?post=10799"}],"curies":[{"name":"wp","href":"https:\/\/api.w.org\/{rel}","templated":true}]}}