{"id":10705,"date":"2025-09-24T11:26:26","date_gmt":"2025-09-24T09:26:26","guid":{"rendered":"https:\/\/agora.xtec.cat\/iestorredelpalau\/?p=10705"},"modified":"2025-10-28T17:38:51","modified_gmt":"2025-10-28T16:38:51","slug":"reunio-families-2025","status":"publish","type":"post","link":"https:\/\/agora.xtec.cat\/iestorredelpalau\/general\/reunio-families-2025\/","title":{"rendered":"REUNI\u00d3 FAM\u00cdLIES 2025"},"content":{"rendered":"<p><span style=\"font-weight: 400;\">Benvolgudes fam\u00edlies,\u00a0<\/span><\/p>\n<p><span style=\"font-weight: 400;\">El <\/span><b>dimecres 1 d&#8217;octubre <\/b><span style=\"font-weight: 400;\">farem <\/span><b>la reuni\u00f3 amb els tutors\/es i les fam\u00edlies<\/b><span style=\"font-weight: 400;\">.\u00a0<\/span><\/p>\n<p><span style=\"font-weight: 400;\">Els horaris s\u00f3n el seg\u00fcents:\u00a0\u00a0<\/span><\/p>\n<p><span style=\"font-weight: 400;\">&#8211; Primer i segon d&#8217;ESO: 18:00 hores.<\/span><\/p>\n<p><span style=\"font-weight: 400;\">&#8211; Tercer i quart d&#8217;ESO: 18:30 hores.<\/span><\/p>\n<p><span style=\"font-weight: 400;\">&#8211; 1r de Batxillerat art\u00edstic pl\u00e0stic: a les 18:00 hores (reuni\u00f3 amb les tutores) i a les 19:00 reuni\u00f3 per parlar del viatge a Flor\u00e8ncia.<\/span><\/p>\n<p><span style=\"font-weight: 400;\">&#8211; La resta de modalitats de 1r de Batxillerat: 19:00 hores.<\/span><\/p>\n<p><span style=\"font-weight: 400;\">&#8211; 2n de Batxillerat (totes les modalitats): 19:00 hores.\u00a0<\/span><\/p>\n<p><span style=\"font-weight: 400;\">En el document adjunt us indiquem les aules assignades per grup tutoria per fer la reuni\u00f3 i els tutors o tutores de cada grup.<\/span><\/p>\n<p><a href=\"https:\/\/drive.google.com\/file\/d\/13HtQPkaskY5hJA38voPJNepuX6Jscsjm\/view?usp=drive_link%C2%A0\"><span style=\"font-weight: 400;\">Grups tutories<\/span><\/a><\/p>\n<p><span style=\"font-weight: 400;\">Est\u00e0 indicat en diferents colors si les aules estan situades a la planta baixa, al primer pis o als m\u00f2duls de l&#8217;exterior de l&#8217;edifici principal.\u00a0<\/span><\/p>\n<p><span style=\"font-weight: 400;\">Direcci\u00f3 \/ INS Torre del Palau<\/span><\/p>\n<p><a href=\"https:\/\/agora.xtec.cat\/iestorredelpalau\/wp-content\/uploads\/usu1331\/2025\/09\/REUNIO-FAMILIES-2025.pdf\">REUNI\u00d3 FAM\u00cdLIES 2025<\/a><\/p>\n<p><a href=\"https:\/\/drive.google.com\/file\/d\/1o4KADuwOxb6HLnmsZNpZvnwPXdZ4giRR\/view?usp=drive_link\"><img loading=\"lazy\" decoding=\"async\" class=\"aligncenter wp-image-10754\" src=\"https:\/\/agora.xtec.cat\/iestorredelpalau\/wp-content\/uploads\/usu1331\/2025\/09\/REUNIO-FAMILIES-2025-1.png\" alt=\"\" width=\"650\" height=\"545\" srcset=\"https:\/\/agora.xtec.cat\/iestorredelpalau\/wp-content\/uploads\/usu1331\/2025\/09\/REUNIO-FAMILIES-2025-1.png 940w, https:\/\/agora.xtec.cat\/iestorredelpalau\/wp-content\/uploads\/usu1331\/2025\/09\/REUNIO-FAMILIES-2025-1-300x251.png 300w, https:\/\/agora.xtec.cat\/iestorredelpalau\/wp-content\/uploads\/usu1331\/2025\/09\/REUNIO-FAMILIES-2025-1-768x644.png 768w\" sizes=\"auto, (max-width: 650px) 100vw, 650px\" \/><\/a><\/p>\n<p>&nbsp;<\/p>\n<p>&nbsp;<\/p>\n<p>&nbsp;<\/p>\n","protected":false},"excerpt":{"rendered":"<p>Benvolgudes fam\u00edlies,\u00a0 El dimecres 1 d&#8217;octubre farem la reuni\u00f3 amb els tutors\/es i les fam\u00edlies.\u00a0 Els horaris s\u00f3n el seg\u00fcents:\u00a0\u00a0 &#8211; Primer i segon d&#8217;ESO: 18:00 hores. &#8211; Tercer i quart d&#8217;ESO: 18:30 hores. &#8211; 1r de Batxillerat art\u00edstic pl\u00e0stic: a les 18:00 hores (reuni\u00f3 amb les tutores) i a les 19:00 reuni\u00f3 per parlar [&hellip;]<\/p>\n","protected":false},"author":1,"featured_media":10754,"comment_status":"closed","ping_status":"closed","sticky":false,"template":"","format":"standard","meta":{"_bbp_topic_count":0,"_bbp_reply_count":0,"_bbp_total_topic_count":0,"_bbp_total_reply_count":0,"_bbp_voice_count":0,"_bbp_anonymous_reply_count":0,"_bbp_topic_count_hidden":0,"_bbp_reply_count_hidden":0,"_bbp_forum_subforum_count":0,"site-sidebar-layout":"default","site-content-layout":"","ast-site-content-layout":"","site-content-style":"default","site-sidebar-style":"default","ast-global-header-display":"","ast-banner-title-visibility":"","ast-main-header-display":"","ast-hfb-above-header-display":"","ast-hfb-below-header-display":"","ast-hfb-mobile-header-display":"","site-post-title":"","ast-breadcrumbs-content":"","ast-featured-img":"","footer-sml-layout":"","theme-transparent-header-meta":"","adv-header-id-meta":"","stick-header-meta":"","header-above-stick-meta":"","header-main-stick-meta":"","header-below-stick-meta":"","astra-migrate-meta-layouts":"default","ast-page-background-enabled":"default","ast-page-background-meta":{"desktop":{"background-color":"var(--ast-global-color-4)","background-image":"","background-repeat":"repeat","background-position":"center center","background-size":"auto","background-attachment":"scroll","background-type":"","background-media":"","overlay-type":"","overlay-color":"","overlay-opacity":"","overlay-gradient":""},"tablet":{"background-color":"","background-image":"","background-repeat":"repeat","background-position":"center center","background-size":"auto","background-attachment":"scroll","background-type":"","background-media":"","overlay-type":"","overlay-color":"","overlay-opacity":"","overlay-gradient":""},"mobile":{"background-color":"","background-image":"","background-repeat":"repeat","background-position":"center center","background-size":"auto","background-attachment":"scroll","background-type":"","background-media":"","overlay-type":"","overlay-color":"","overlay-opacity":"","overlay-gradient":""}},"ast-content-background-meta":{"desktop":{"background-color":"var(--ast-global-color-5)","background-image":"","background-repeat":"repeat","background-position":"center center","background-size":"auto","background-attachment":"scroll","background-type":"","background-media":"","overlay-type":"","overlay-color":"","overlay-opacity":"","overlay-gradient":""},"tablet":{"background-color":"var(--ast-global-color-5)","background-image":"","background-repeat":"repeat","background-position":"center center","background-size":"auto","background-attachment":"scroll","background-type":"","background-media":"","overlay-type":"","overlay-color":"","overlay-opacity":"","overlay-gradient":""},"mobile":{"background-color":"var(--ast-global-color-5)","background-image":"","background-repeat":"repeat","background-position":"center center","background-size":"auto","background-attachment":"scroll","background-type":"","background-media":"","overlay-type":"","overlay-color":"","overlay-opacity":"","overlay-gradient":""}},"footnotes":""},"categories":[1,107,29],"tags":[],"class_list":["post-10705","post","type-post","status-publish","format-standard","has-post-thumbnail","hentry","category-general","category-noticies-del-centre","category-portada"],"post_mailing_queue_ids":[],"_links":{"self":[{"href":"https:\/\/agora.xtec.cat\/iestorredelpalau\/wp-json\/wp\/v2\/posts\/10705","targetHints":{"allow":["GET"]}}],"collection":[{"href":"https:\/\/agora.xtec.cat\/iestorredelpalau\/wp-json\/wp\/v2\/posts"}],"about":[{"href":"https:\/\/agora.xtec.cat\/iestorredelpalau\/wp-json\/wp\/v2\/types\/post"}],"author":[{"embeddable":true,"href":"https:\/\/agora.xtec.cat\/iestorredelpalau\/wp-json\/wp\/v2\/users\/1"}],"replies":[{"embeddable":true,"href":"https:\/\/agora.xtec.cat\/iestorredelpalau\/wp-json\/wp\/v2\/comments?post=10705"}],"version-history":[{"count":6,"href":"https:\/\/agora.xtec.cat\/iestorredelpalau\/wp-json\/wp\/v2\/posts\/10705\/revisions"}],"predecessor-version":[{"id":10756,"href":"https:\/\/agora.xtec.cat\/iestorredelpalau\/wp-json\/wp\/v2\/posts\/10705\/revisions\/10756"}],"wp:featuredmedia":[{"embeddable":true,"href":"https:\/\/agora.xtec.cat\/iestorredelpalau\/wp-json\/wp\/v2\/media\/10754"}],"wp:attachment":[{"href":"https:\/\/agora.xtec.cat\/iestorredelpalau\/wp-json\/wp\/v2\/media?parent=10705"}],"wp:term":[{"taxonomy":"category","embeddable":true,"href":"https:\/\/agora.xtec.cat\/iestorredelpalau\/wp-json\/wp\/v2\/categories?post=10705"},{"taxonomy":"post_tag","embeddable":true,"href":"https:\/\/agora.xtec.cat\/iestorredelpalau\/wp-json\/wp\/v2\/tags?post=10705"}],"curies":[{"name":"wp","href":"https:\/\/api.w.org\/{rel}","templated":true}]}}