{"id":10701,"date":"2025-09-23T17:28:53","date_gmt":"2025-09-23T15:28:53","guid":{"rendered":"https:\/\/agora.xtec.cat\/iestorredelpalau\/?p=10701"},"modified":"2025-09-23T21:30:30","modified_gmt":"2025-09-23T19:30:30","slug":"visita-a-larxiu-comarcal-de-terrassa","status":"publish","type":"post","link":"https:\/\/agora.xtec.cat\/iestorredelpalau\/general\/visita-a-larxiu-comarcal-de-terrassa\/","title":{"rendered":"Visita a l&#8217;Arxiu Comarcal de Terrassa"},"content":{"rendered":"<p><b>L&#8217;alumnat de 1r d&#8217;ESO descobreix la hist\u00f2ria al Projecte Sentim.<\/b><\/p>\n<p style=\"text-align: justify;\">Avui, l&#8217;alumnat de 1r d&#8217;ESO ha participat en una sortida molt especial dins del marc del <b>Projecte Sentim<\/b>. La visita, realitzada a l&#8217;<b>Arxiu Comarcal de Terrassa<\/b>, ha perm\u00e8s als estudiants explorar de primera m\u00e0 com es conserva el nostre passat.<\/p>\n<p style=\"text-align: justify;\">El Projecte Sentim se centra en l&#8217;estudi de l&#8217;evoluci\u00f3 de la societat i el pas del temps, posant un \u00e8mfasi especial en el paper dels nostres avis i \u00e0vies. A l&#8217;arxiu, els nois i noies han pogut entendre el proc\u00e9s de conservaci\u00f3 de documents hist\u00f2rics, tant primaris com secundaris, que s\u00f3n fonamentals per a la investigaci\u00f3.<\/p>\n<p style=\"text-align: justify;\">Ha estat una jornada enriquidora on hem apr\u00e8s moltes coses i, a m\u00e9s, ens ho hem passat d&#8217;all\u00f2 m\u00e9s b\u00e9! Aquesta experi\u00e8ncia ens apropa m\u00e9s a la hist\u00f2ria i ens ajuda a valorar la import\u00e0ncia de preservar la nostra mem\u00f2ria col\u00b7lectiva.<\/p>\n<p style=\"text-align: justify;\">Estem molt contents de les activitats que es realitzen dins del Projecte Sentim i seguim aprenent amb entusiasme!<\/p>\n<p>Equip de professors i professores del Projecte Sentim de 1r d&#8217;ESO.<\/p>\n<p><a href=\"https:\/\/xac.gencat.cat\/ca\/llista_arxius_comarcals\/valles_occ\/\">Arxiu Comarcal de Terrassa<\/a><\/p>\n<p><a href=\"https:\/\/agora.xtec.cat\/iestorredelpalau\/wp-content\/uploads\/usu1331\/2025\/09\/20250922_120031-1.jpg\"><img loading=\"lazy\" decoding=\"async\" class=\"aligncenter wp-image-10702\" src=\"https:\/\/agora.xtec.cat\/iestorredelpalau\/wp-content\/uploads\/usu1331\/2025\/09\/20250922_120031-1-1024x768.jpg\" alt=\"\" width=\"501\" height=\"375\" srcset=\"https:\/\/agora.xtec.cat\/iestorredelpalau\/wp-content\/uploads\/usu1331\/2025\/09\/20250922_120031-1-1024x768.jpg 1024w, https:\/\/agora.xtec.cat\/iestorredelpalau\/wp-content\/uploads\/usu1331\/2025\/09\/20250922_120031-1-300x225.jpg 300w, https:\/\/agora.xtec.cat\/iestorredelpalau\/wp-content\/uploads\/usu1331\/2025\/09\/20250922_120031-1-768x576.jpg 768w, https:\/\/agora.xtec.cat\/iestorredelpalau\/wp-content\/uploads\/usu1331\/2025\/09\/20250922_120031-1-1536x1152.jpg 1536w, https:\/\/agora.xtec.cat\/iestorredelpalau\/wp-content\/uploads\/usu1331\/2025\/09\/20250922_120031-1-200x150.jpg 200w, https:\/\/agora.xtec.cat\/iestorredelpalau\/wp-content\/uploads\/usu1331\/2025\/09\/20250922_120031-1.jpg 1736w\" sizes=\"auto, (max-width: 501px) 100vw, 501px\" \/><\/a><\/p>\n","protected":false},"excerpt":{"rendered":"<p>L&#8217;alumnat de 1r d&#8217;ESO descobreix la hist\u00f2ria al Projecte Sentim. Avui, l&#8217;alumnat de 1r d&#8217;ESO ha participat en una sortida molt especial dins del marc del Projecte Sentim. La visita, realitzada a l&#8217;Arxiu Comarcal de Terrassa, ha perm\u00e8s als estudiants explorar de primera m\u00e0 com es conserva el nostre passat. El Projecte Sentim se centra [&hellip;]<\/p>\n","protected":false},"author":1,"featured_media":10702,"comment_status":"closed","ping_status":"closed","sticky":false,"template":"","format":"standard","meta":{"_bbp_topic_count":0,"_bbp_reply_count":0,"_bbp_total_topic_count":0,"_bbp_total_reply_count":0,"_bbp_voice_count":0,"_bbp_anonymous_reply_count":0,"_bbp_topic_count_hidden":0,"_bbp_reply_count_hidden":0,"_bbp_forum_subforum_count":0,"site-sidebar-layout":"default","site-content-layout":"","ast-site-content-layout":"","site-content-style":"default","site-sidebar-style":"default","ast-global-header-display":"","ast-banner-title-visibility":"","ast-main-header-display":"","ast-hfb-above-header-display":"","ast-hfb-below-header-display":"","ast-hfb-mobile-header-display":"","site-post-title":"","ast-breadcrumbs-content":"","ast-featured-img":"","footer-sml-layout":"","theme-transparent-header-meta":"","adv-header-id-meta":"","stick-header-meta":"","header-above-stick-meta":"","header-main-stick-meta":"","header-below-stick-meta":"","astra-migrate-meta-layouts":"default","ast-page-background-enabled":"default","ast-page-background-meta":{"desktop":{"background-color":"var(--ast-global-color-4)","background-image":"","background-repeat":"repeat","background-position":"center center","background-size":"auto","background-attachment":"scroll","background-type":"","background-media":"","overlay-type":"","overlay-color":"","overlay-opacity":"","overlay-gradient":""},"tablet":{"background-color":"","background-image":"","background-repeat":"repeat","background-position":"center center","background-size":"auto","background-attachment":"scroll","background-type":"","background-media":"","overlay-type":"","overlay-color":"","overlay-opacity":"","overlay-gradient":""},"mobile":{"background-color":"","background-image":"","background-repeat":"repeat","background-position":"center center","background-size":"auto","background-attachment":"scroll","background-type":"","background-media":"","overlay-type":"","overlay-color":"","overlay-opacity":"","overlay-gradient":""}},"ast-content-background-meta":{"desktop":{"background-color":"var(--ast-global-color-5)","background-image":"","background-repeat":"repeat","background-position":"center center","background-size":"auto","background-attachment":"scroll","background-type":"","background-media":"","overlay-type":"","overlay-color":"","overlay-opacity":"","overlay-gradient":""},"tablet":{"background-color":"var(--ast-global-color-5)","background-image":"","background-repeat":"repeat","background-position":"center center","background-size":"auto","background-attachment":"scroll","background-type":"","background-media":"","overlay-type":"","overlay-color":"","overlay-opacity":"","overlay-gradient":""},"mobile":{"background-color":"var(--ast-global-color-5)","background-image":"","background-repeat":"repeat","background-position":"center center","background-size":"auto","background-attachment":"scroll","background-type":"","background-media":"","overlay-type":"","overlay-color":"","overlay-opacity":"","overlay-gradient":""}},"footnotes":""},"categories":[4,1,107,29,195],"tags":[135,190],"class_list":["post-10701","post","type-post","status-publish","format-standard","has-post-thumbnail","hentry","category-eso-1","category-general","category-noticies-del-centre","category-portada","category-projectes","tag-1reso","tag-projecte-sentim"],"post_mailing_queue_ids":[],"_links":{"self":[{"href":"https:\/\/agora.xtec.cat\/iestorredelpalau\/wp-json\/wp\/v2\/posts\/10701","targetHints":{"allow":["GET"]}}],"collection":[{"href":"https:\/\/agora.xtec.cat\/iestorredelpalau\/wp-json\/wp\/v2\/posts"}],"about":[{"href":"https:\/\/agora.xtec.cat\/iestorredelpalau\/wp-json\/wp\/v2\/types\/post"}],"author":[{"embeddable":true,"href":"https:\/\/agora.xtec.cat\/iestorredelpalau\/wp-json\/wp\/v2\/users\/1"}],"replies":[{"embeddable":true,"href":"https:\/\/agora.xtec.cat\/iestorredelpalau\/wp-json\/wp\/v2\/comments?post=10701"}],"version-history":[{"count":2,"href":"https:\/\/agora.xtec.cat\/iestorredelpalau\/wp-json\/wp\/v2\/posts\/10701\/revisions"}],"predecessor-version":[{"id":10704,"href":"https:\/\/agora.xtec.cat\/iestorredelpalau\/wp-json\/wp\/v2\/posts\/10701\/revisions\/10704"}],"wp:featuredmedia":[{"embeddable":true,"href":"https:\/\/agora.xtec.cat\/iestorredelpalau\/wp-json\/wp\/v2\/media\/10702"}],"wp:attachment":[{"href":"https:\/\/agora.xtec.cat\/iestorredelpalau\/wp-json\/wp\/v2\/media?parent=10701"}],"wp:term":[{"taxonomy":"category","embeddable":true,"href":"https:\/\/agora.xtec.cat\/iestorredelpalau\/wp-json\/wp\/v2\/categories?post=10701"},{"taxonomy":"post_tag","embeddable":true,"href":"https:\/\/agora.xtec.cat\/iestorredelpalau\/wp-json\/wp\/v2\/tags?post=10701"}],"curies":[{"name":"wp","href":"https:\/\/api.w.org\/{rel}","templated":true}]}}