{"id":10678,"date":"2025-07-04T12:06:28","date_gmt":"2025-07-04T10:06:28","guid":{"rendered":"https:\/\/agora.xtec.cat\/iestorredelpalau\/?p=10678"},"modified":"2025-07-09T11:11:55","modified_gmt":"2025-07-09T09:11:55","slug":"reunio-informativa-dimarts-8-de-juliol","status":"publish","type":"post","link":"https:\/\/agora.xtec.cat\/iestorredelpalau\/general\/reunio-informativa-dimarts-8-de-juliol\/","title":{"rendered":"Reuni\u00f3 informativa dimarts 8 de juliol"},"content":{"rendered":"<p><span style=\"font-weight: 400;\">Benvolgudes fam\u00edlies,<\/span><\/p>\n<p><span style=\"font-weight: 400;\">Ens posem en contacte amb vosaltres per convocar-vos a una reuni\u00f3 informativa adre\u00e7ada a les fam\u00edlies de l\u2019alumnat que comen\u00e7ar\u00e0 <\/span><b>1r d\u2019ESO<\/b><span style=\"font-weight: 400;\"> el proper curs escolar.<\/span><\/p>\n<p><span style=\"font-weight: 400;\">La reuni\u00f3 tindr\u00e0 lloc a l\u2019institut el proper <\/span><b>dimarts 8 de juliol a les 18:00 h<\/b><span style=\"font-weight: 400;\">.<\/span><\/p>\n<p><span style=\"font-weight: 400;\">Durant la trobada us donarem informaci\u00f3 important sobre l\u2019organitzaci\u00f3 del curs, el funcionament del centre, les mat\u00e8ries, el material necessari i altres aspectes rellevants per a aquest nou per\u00edode educatiu. I ser\u00e0 una bona ocasi\u00f3 per resoldre dubtes.\u00a0<\/span><\/p>\n<p><span style=\"font-weight: 400;\">\u00c9s molt important la vostra assist\u00e8ncia per tal d\u2019afavorir una bona adaptaci\u00f3 del vostre fill o filla a aquesta nova etapa.<\/span><\/p>\n<p><span style=\"font-weight: 400;\">Us hi esperem!<\/span><\/p>\n<p><span style=\"font-weight: 400;\">Cordialment,<\/span><\/p>\n<p><span style=\"font-weight: 400;\">Equip directiu i coordinaci\u00f3 1r d\u2019ESO<\/span><\/p>\n<p><span style=\"font-weight: 400;\">Institut Torre del Palau<\/span><\/p>\n<p style=\"text-align: center;\">\u00a0 \u00a0 \u00a0<iframe loading=\"lazy\" src=\"https:\/\/drive.google.com\/file\/d\/1kFyqZQabyZ2VMW9PNC3ZMR09nzXPk69j\/preview\" width=\"640\" height=\"480\"><\/iframe><\/p>\n","protected":false},"excerpt":{"rendered":"<p>Benvolgudes fam\u00edlies, Ens posem en contacte amb vosaltres per convocar-vos a una reuni\u00f3 informativa adre\u00e7ada a les fam\u00edlies de l\u2019alumnat que comen\u00e7ar\u00e0 1r d\u2019ESO el proper curs escolar. La reuni\u00f3 tindr\u00e0 lloc a l\u2019institut el proper dimarts 8 de juliol a les 18:00 h. Durant la trobada us donarem informaci\u00f3 important sobre l\u2019organitzaci\u00f3 del curs, [&hellip;]<\/p>\n","protected":false},"author":1,"featured_media":10683,"comment_status":"closed","ping_status":"closed","sticky":false,"template":"","format":"standard","meta":{"_bbp_topic_count":0,"_bbp_reply_count":0,"_bbp_total_topic_count":0,"_bbp_total_reply_count":0,"_bbp_voice_count":0,"_bbp_anonymous_reply_count":0,"_bbp_topic_count_hidden":0,"_bbp_reply_count_hidden":0,"_bbp_forum_subforum_count":0,"site-sidebar-layout":"default","site-content-layout":"","ast-site-content-layout":"","site-content-style":"default","site-sidebar-style":"default","ast-global-header-display":"","ast-banner-title-visibility":"","ast-main-header-display":"","ast-hfb-above-header-display":"","ast-hfb-below-header-display":"","ast-hfb-mobile-header-display":"","site-post-title":"","ast-breadcrumbs-content":"","ast-featured-img":"","footer-sml-layout":"","theme-transparent-header-meta":"","adv-header-id-meta":"","stick-header-meta":"","header-above-stick-meta":"","header-main-stick-meta":"","header-below-stick-meta":"","astra-migrate-meta-layouts":"default","ast-page-background-enabled":"default","ast-page-background-meta":{"desktop":{"background-color":"var(--ast-global-color-4)","background-image":"","background-repeat":"repeat","background-position":"center center","background-size":"auto","background-attachment":"scroll","background-type":"","background-media":"","overlay-type":"","overlay-color":"","overlay-opacity":"","overlay-gradient":""},"tablet":{"background-color":"","background-image":"","background-repeat":"repeat","background-position":"center center","background-size":"auto","background-attachment":"scroll","background-type":"","background-media":"","overlay-type":"","overlay-color":"","overlay-opacity":"","overlay-gradient":""},"mobile":{"background-color":"","background-image":"","background-repeat":"repeat","background-position":"center center","background-size":"auto","background-attachment":"scroll","background-type":"","background-media":"","overlay-type":"","overlay-color":"","overlay-opacity":"","overlay-gradient":""}},"ast-content-background-meta":{"desktop":{"background-color":"var(--ast-global-color-5)","background-image":"","background-repeat":"repeat","background-position":"center center","background-size":"auto","background-attachment":"scroll","background-type":"","background-media":"","overlay-type":"","overlay-color":"","overlay-opacity":"","overlay-gradient":""},"tablet":{"background-color":"var(--ast-global-color-5)","background-image":"","background-repeat":"repeat","background-position":"center center","background-size":"auto","background-attachment":"scroll","background-type":"","background-media":"","overlay-type":"","overlay-color":"","overlay-opacity":"","overlay-gradient":""},"mobile":{"background-color":"var(--ast-global-color-5)","background-image":"","background-repeat":"repeat","background-position":"center center","background-size":"auto","background-attachment":"scroll","background-type":"","background-media":"","overlay-type":"","overlay-color":"","overlay-opacity":"","overlay-gradient":""}},"footnotes":""},"categories":[1,107,29],"tags":[],"class_list":["post-10678","post","type-post","status-publish","format-standard","has-post-thumbnail","hentry","category-general","category-noticies-del-centre","category-portada"],"post_mailing_queue_ids":[],"_links":{"self":[{"href":"https:\/\/agora.xtec.cat\/iestorredelpalau\/wp-json\/wp\/v2\/posts\/10678","targetHints":{"allow":["GET"]}}],"collection":[{"href":"https:\/\/agora.xtec.cat\/iestorredelpalau\/wp-json\/wp\/v2\/posts"}],"about":[{"href":"https:\/\/agora.xtec.cat\/iestorredelpalau\/wp-json\/wp\/v2\/types\/post"}],"author":[{"embeddable":true,"href":"https:\/\/agora.xtec.cat\/iestorredelpalau\/wp-json\/wp\/v2\/users\/1"}],"replies":[{"embeddable":true,"href":"https:\/\/agora.xtec.cat\/iestorredelpalau\/wp-json\/wp\/v2\/comments?post=10678"}],"version-history":[{"count":2,"href":"https:\/\/agora.xtec.cat\/iestorredelpalau\/wp-json\/wp\/v2\/posts\/10678\/revisions"}],"predecessor-version":[{"id":10684,"href":"https:\/\/agora.xtec.cat\/iestorredelpalau\/wp-json\/wp\/v2\/posts\/10678\/revisions\/10684"}],"wp:featuredmedia":[{"embeddable":true,"href":"https:\/\/agora.xtec.cat\/iestorredelpalau\/wp-json\/wp\/v2\/media\/10683"}],"wp:attachment":[{"href":"https:\/\/agora.xtec.cat\/iestorredelpalau\/wp-json\/wp\/v2\/media?parent=10678"}],"wp:term":[{"taxonomy":"category","embeddable":true,"href":"https:\/\/agora.xtec.cat\/iestorredelpalau\/wp-json\/wp\/v2\/categories?post=10678"},{"taxonomy":"post_tag","embeddable":true,"href":"https:\/\/agora.xtec.cat\/iestorredelpalau\/wp-json\/wp\/v2\/tags?post=10678"}],"curies":[{"name":"wp","href":"https:\/\/api.w.org\/{rel}","templated":true}]}}