{"id":10608,"date":"2025-06-22T20:35:29","date_gmt":"2025-06-22T18:35:29","guid":{"rendered":"https:\/\/agora.xtec.cat\/iestorredelpalau\/?p=10608"},"modified":"2025-06-22T20:35:29","modified_gmt":"2025-06-22T18:35:29","slug":"graduacio-4t-deso","status":"publish","type":"post","link":"https:\/\/agora.xtec.cat\/iestorredelpalau\/general\/graduacio-4t-deso\/","title":{"rendered":"GRADUACI\u00d3 4t D&#8217;ESO"},"content":{"rendered":"<p style=\"text-align: justify;\">Els alumnes de 4rt d\u2019ESO de l\u2019INS Torre del Palau han finalitzat una intensa setmana de treball en els seus projectes de recerca amb una celebraci\u00f3 molt especial: la seva graduaci\u00f3. Per acabar el curs amb una nota alegre i vibrant, l\u2019equip de professorat ha organitzat una festa Holi al pati de l\u2019institut.<\/p>\n<p style=\"text-align: justify;\">Despr\u00e9s de dies de dedicaci\u00f3, investigaci\u00f3 i presentacions, els alumnes s\u2019han reunit per celebrar els seus \u00e8xits i acomiadar-se d\u2019aquesta etapa. Amb l\u2019esperit de la tradicional festa Holi, l\u2019aire s\u2019ha omplert amb pols de colors brillants i s\u2019han divertit llen\u00e7ant-se pols i pintura uns als altres, simbolitzant l\u2019alegria i la unitat.<\/p>\n<p style=\"text-align: justify;\">Estem molt orgullosos dels alumnes de 4rt d\u2019ESO per la seva dedicaci\u00f3, perseveran\u00e7a i \u00e8xits en els seus projectes de recerca. La graduaci\u00f3 i la festa Holi s\u00f3n testimonis del seu treball durant tot l\u2019any i una celebraci\u00f3 merescuda per tots els seus aven\u00e7os i reptes superats.<\/p>\n<p style=\"text-align: justify;\">Felicitats als alumnes de 4rt d\u2019ESO per la seva graduaci\u00f3 i per aquesta inoblidable festa Holi. Desitgem a tots els graduats un futur brillant i ple d\u2019\u00e8xits en les seves futures etapes acad\u00e8miques i personals. Que les imatges captades en aquest dia especial serveixin com a records d\u2019aquesta etapa \u00fanica a l\u2019INS Torre del Palau.<\/p>\n<p style=\"text-align: justify;\">Equip docent 4T d&#8217;ESO.<\/p>\n<p><a href=\"https:\/\/photos.app.goo.gl\/XqAPxNub4tov3Xvn9\">https:\/\/photos.app.goo.gl\/XqAPxNub4tov3Xvn9<\/a><\/p>\n<p>&nbsp;<\/p>\n","protected":false},"excerpt":{"rendered":"<p>Els alumnes de 4rt d\u2019ESO de l\u2019INS Torre del Palau han finalitzat una intensa setmana de treball en els seus projectes de recerca amb una celebraci\u00f3 molt especial: la seva graduaci\u00f3. Per acabar el curs amb una nota alegre i vibrant, l\u2019equip de professorat ha organitzat una festa Holi al pati de l\u2019institut. Despr\u00e9s de [&hellip;]<\/p>\n","protected":false},"author":1,"featured_media":10634,"comment_status":"closed","ping_status":"closed","sticky":false,"template":"","format":"standard","meta":{"_bbp_topic_count":0,"_bbp_reply_count":0,"_bbp_total_topic_count":0,"_bbp_total_reply_count":0,"_bbp_voice_count":0,"_bbp_anonymous_reply_count":0,"_bbp_topic_count_hidden":0,"_bbp_reply_count_hidden":0,"_bbp_forum_subforum_count":0,"site-sidebar-layout":"default","site-content-layout":"","ast-site-content-layout":"","site-content-style":"default","site-sidebar-style":"default","ast-global-header-display":"","ast-banner-title-visibility":"","ast-main-header-display":"","ast-hfb-above-header-display":"","ast-hfb-below-header-display":"","ast-hfb-mobile-header-display":"","site-post-title":"","ast-breadcrumbs-content":"","ast-featured-img":"","footer-sml-layout":"","theme-transparent-header-meta":"","adv-header-id-meta":"","stick-header-meta":"","header-above-stick-meta":"","header-main-stick-meta":"","header-below-stick-meta":"","astra-migrate-meta-layouts":"default","ast-page-background-enabled":"default","ast-page-background-meta":{"desktop":{"background-color":"var(--ast-global-color-4)","background-image":"","background-repeat":"repeat","background-position":"center center","background-size":"auto","background-attachment":"scroll","background-type":"","background-media":"","overlay-type":"","overlay-color":"","overlay-opacity":"","overlay-gradient":""},"tablet":{"background-color":"","background-image":"","background-repeat":"repeat","background-position":"center center","background-size":"auto","background-attachment":"scroll","background-type":"","background-media":"","overlay-type":"","overlay-color":"","overlay-opacity":"","overlay-gradient":""},"mobile":{"background-color":"","background-image":"","background-repeat":"repeat","background-position":"center center","background-size":"auto","background-attachment":"scroll","background-type":"","background-media":"","overlay-type":"","overlay-color":"","overlay-opacity":"","overlay-gradient":""}},"ast-content-background-meta":{"desktop":{"background-color":"var(--ast-global-color-5)","background-image":"","background-repeat":"repeat","background-position":"center center","background-size":"auto","background-attachment":"scroll","background-type":"","background-media":"","overlay-type":"","overlay-color":"","overlay-opacity":"","overlay-gradient":""},"tablet":{"background-color":"var(--ast-global-color-5)","background-image":"","background-repeat":"repeat","background-position":"center center","background-size":"auto","background-attachment":"scroll","background-type":"","background-media":"","overlay-type":"","overlay-color":"","overlay-opacity":"","overlay-gradient":""},"mobile":{"background-color":"var(--ast-global-color-5)","background-image":"","background-repeat":"repeat","background-position":"center center","background-size":"auto","background-attachment":"scroll","background-type":"","background-media":"","overlay-type":"","overlay-color":"","overlay-opacity":"","overlay-gradient":""}},"footnotes":""},"categories":[7,1,107,29],"tags":[154],"class_list":["post-10608","post","type-post","status-publish","format-standard","has-post-thumbnail","hentry","category-eso-4","category-general","category-noticies-del-centre","category-portada","tag-4teso"],"post_mailing_queue_ids":[],"_links":{"self":[{"href":"https:\/\/agora.xtec.cat\/iestorredelpalau\/wp-json\/wp\/v2\/posts\/10608","targetHints":{"allow":["GET"]}}],"collection":[{"href":"https:\/\/agora.xtec.cat\/iestorredelpalau\/wp-json\/wp\/v2\/posts"}],"about":[{"href":"https:\/\/agora.xtec.cat\/iestorredelpalau\/wp-json\/wp\/v2\/types\/post"}],"author":[{"embeddable":true,"href":"https:\/\/agora.xtec.cat\/iestorredelpalau\/wp-json\/wp\/v2\/users\/1"}],"replies":[{"embeddable":true,"href":"https:\/\/agora.xtec.cat\/iestorredelpalau\/wp-json\/wp\/v2\/comments?post=10608"}],"version-history":[{"count":1,"href":"https:\/\/agora.xtec.cat\/iestorredelpalau\/wp-json\/wp\/v2\/posts\/10608\/revisions"}],"predecessor-version":[{"id":10635,"href":"https:\/\/agora.xtec.cat\/iestorredelpalau\/wp-json\/wp\/v2\/posts\/10608\/revisions\/10635"}],"wp:featuredmedia":[{"embeddable":true,"href":"https:\/\/agora.xtec.cat\/iestorredelpalau\/wp-json\/wp\/v2\/media\/10634"}],"wp:attachment":[{"href":"https:\/\/agora.xtec.cat\/iestorredelpalau\/wp-json\/wp\/v2\/media?parent=10608"}],"wp:term":[{"taxonomy":"category","embeddable":true,"href":"https:\/\/agora.xtec.cat\/iestorredelpalau\/wp-json\/wp\/v2\/categories?post=10608"},{"taxonomy":"post_tag","embeddable":true,"href":"https:\/\/agora.xtec.cat\/iestorredelpalau\/wp-json\/wp\/v2\/tags?post=10608"}],"curies":[{"name":"wp","href":"https:\/\/api.w.org\/{rel}","templated":true}]}}