{"id":10549,"date":"2025-06-16T21:10:23","date_gmt":"2025-06-16T19:10:23","guid":{"rendered":"https:\/\/agora.xtec.cat\/iestorredelpalau\/?p=10549"},"modified":"2025-06-16T21:10:23","modified_gmt":"2025-06-16T19:10:23","slug":"ja-podeu-escoltar-els-nous-programes-de-lequip-sentim-de-3r-deso","status":"publish","type":"post","link":"https:\/\/agora.xtec.cat\/iestorredelpalau\/general\/ja-podeu-escoltar-els-nous-programes-de-lequip-sentim-de-3r-deso\/","title":{"rendered":"Ja podeu escoltar els nous programes de l\u2019equip SENTIM de 3r d\u2019ESO!"},"content":{"rendered":"<p style=\"text-align: justify;\"><span style=\"font-weight: 400;\">L\u2019alumnat de 3r d\u2019ESO de l\u2019INS Torre del Palau ha publicat els seus nous programes de r\u00e0dio dins del projecte <\/span><b>En sintonia<\/b><span style=\"font-weight: 400;\">, una iniciativa del projecte SENTIM. Despr\u00e9s de setmanes de treball en equip, gui\u00f3, enregistrament i edici\u00f3, ja tenim a punt una nova temporada de continguts creats \u00edntegrament pels nostres alumnes.<\/span><\/p>\n<p style=\"text-align: justify;\"><span style=\"font-weight: 400;\">Els programes tracten temes d\u2019actualitat i not\u00edcies del nostre entorn m\u00e9s proper, i combinen informaci\u00f3, creativitat i una bona dosi d\u2019humor. S\u2019hi poden escoltar biografies en to d\u2019humor, entrevistes, seccions culturals i molt m\u00e9s.<\/span><\/p>\n<p style=\"text-align: justify;\"><span style=\"font-weight: 400;\">Convidem tota la comunitat educativa a escoltar-los i compartir-los. Podeu accedir als programes a trav\u00e9s de la web del centre i de les nostres xarxes socials. Us assegurem que us sorprendran!<\/span><\/p>\n<p style=\"text-align: justify;\"><span style=\"font-weight: 400;\">No us els perdeu&#8230; perqu\u00e8 a l\u2019INS Torre del Palau, estem en sintonia!\u00a0\u00a0<\/span><\/p>\n<p><a href=\"https:\/\/sites.google.com\/iestorredelpalau.cat\/en-sintonia-sentim-3r-eso\/avaluaci%C3%B3\/productes-finals?authuser=0\"><span style=\"font-weight: 400;\">https:\/\/sites.google.com\/iestorredelpalau.cat\/en-sintonia-sentim-3r-eso\/avaluaci%C3%B3\/productes-finals?authuser=0<\/span><\/a><\/p>\n","protected":false},"excerpt":{"rendered":"<p>L\u2019alumnat de 3r d\u2019ESO de l\u2019INS Torre del Palau ha publicat els seus nous programes de r\u00e0dio dins del projecte En sintonia, una iniciativa del projecte SENTIM. Despr\u00e9s de setmanes de treball en equip, gui\u00f3, enregistrament i edici\u00f3, ja tenim a punt una nova temporada de continguts creats \u00edntegrament pels nostres alumnes. Els programes tracten [&hellip;]<\/p>\n","protected":false},"author":1,"featured_media":10550,"comment_status":"closed","ping_status":"closed","sticky":false,"template":"","format":"standard","meta":{"_bbp_topic_count":0,"_bbp_reply_count":0,"_bbp_total_topic_count":0,"_bbp_total_reply_count":0,"_bbp_voice_count":0,"_bbp_anonymous_reply_count":0,"_bbp_topic_count_hidden":0,"_bbp_reply_count_hidden":0,"_bbp_forum_subforum_count":0,"site-sidebar-layout":"default","site-content-layout":"","ast-site-content-layout":"","site-content-style":"default","site-sidebar-style":"default","ast-global-header-display":"","ast-banner-title-visibility":"","ast-main-header-display":"","ast-hfb-above-header-display":"","ast-hfb-below-header-display":"","ast-hfb-mobile-header-display":"","site-post-title":"","ast-breadcrumbs-content":"","ast-featured-img":"","footer-sml-layout":"","theme-transparent-header-meta":"","adv-header-id-meta":"","stick-header-meta":"","header-above-stick-meta":"","header-main-stick-meta":"","header-below-stick-meta":"","astra-migrate-meta-layouts":"default","ast-page-background-enabled":"default","ast-page-background-meta":{"desktop":{"background-color":"var(--ast-global-color-4)","background-image":"","background-repeat":"repeat","background-position":"center center","background-size":"auto","background-attachment":"scroll","background-type":"","background-media":"","overlay-type":"","overlay-color":"","overlay-opacity":"","overlay-gradient":""},"tablet":{"background-color":"","background-image":"","background-repeat":"repeat","background-position":"center center","background-size":"auto","background-attachment":"scroll","background-type":"","background-media":"","overlay-type":"","overlay-color":"","overlay-opacity":"","overlay-gradient":""},"mobile":{"background-color":"","background-image":"","background-repeat":"repeat","background-position":"center center","background-size":"auto","background-attachment":"scroll","background-type":"","background-media":"","overlay-type":"","overlay-color":"","overlay-opacity":"","overlay-gradient":""}},"ast-content-background-meta":{"desktop":{"background-color":"var(--ast-global-color-5)","background-image":"","background-repeat":"repeat","background-position":"center center","background-size":"auto","background-attachment":"scroll","background-type":"","background-media":"","overlay-type":"","overlay-color":"","overlay-opacity":"","overlay-gradient":""},"tablet":{"background-color":"var(--ast-global-color-5)","background-image":"","background-repeat":"repeat","background-position":"center center","background-size":"auto","background-attachment":"scroll","background-type":"","background-media":"","overlay-type":"","overlay-color":"","overlay-opacity":"","overlay-gradient":""},"mobile":{"background-color":"var(--ast-global-color-5)","background-image":"","background-repeat":"repeat","background-position":"center center","background-size":"auto","background-attachment":"scroll","background-type":"","background-media":"","overlay-type":"","overlay-color":"","overlay-opacity":"","overlay-gradient":""}},"footnotes":""},"categories":[6,1,107,29,195],"tags":[132,190],"class_list":["post-10549","post","type-post","status-publish","format-standard","has-post-thumbnail","hentry","category-eso-3","category-general","category-noticies-del-centre","category-portada","category-projectes","tag-3reso","tag-projecte-sentim"],"post_mailing_queue_ids":[],"_links":{"self":[{"href":"https:\/\/agora.xtec.cat\/iestorredelpalau\/wp-json\/wp\/v2\/posts\/10549","targetHints":{"allow":["GET"]}}],"collection":[{"href":"https:\/\/agora.xtec.cat\/iestorredelpalau\/wp-json\/wp\/v2\/posts"}],"about":[{"href":"https:\/\/agora.xtec.cat\/iestorredelpalau\/wp-json\/wp\/v2\/types\/post"}],"author":[{"embeddable":true,"href":"https:\/\/agora.xtec.cat\/iestorredelpalau\/wp-json\/wp\/v2\/users\/1"}],"replies":[{"embeddable":true,"href":"https:\/\/agora.xtec.cat\/iestorredelpalau\/wp-json\/wp\/v2\/comments?post=10549"}],"version-history":[{"count":1,"href":"https:\/\/agora.xtec.cat\/iestorredelpalau\/wp-json\/wp\/v2\/posts\/10549\/revisions"}],"predecessor-version":[{"id":10551,"href":"https:\/\/agora.xtec.cat\/iestorredelpalau\/wp-json\/wp\/v2\/posts\/10549\/revisions\/10551"}],"wp:featuredmedia":[{"embeddable":true,"href":"https:\/\/agora.xtec.cat\/iestorredelpalau\/wp-json\/wp\/v2\/media\/10550"}],"wp:attachment":[{"href":"https:\/\/agora.xtec.cat\/iestorredelpalau\/wp-json\/wp\/v2\/media?parent=10549"}],"wp:term":[{"taxonomy":"category","embeddable":true,"href":"https:\/\/agora.xtec.cat\/iestorredelpalau\/wp-json\/wp\/v2\/categories?post=10549"},{"taxonomy":"post_tag","embeddable":true,"href":"https:\/\/agora.xtec.cat\/iestorredelpalau\/wp-json\/wp\/v2\/tags?post=10549"}],"curies":[{"name":"wp","href":"https:\/\/api.w.org\/{rel}","templated":true}]}}