{"id":10042,"date":"2025-03-03T19:39:47","date_gmt":"2025-03-03T18:39:47","guid":{"rendered":"https:\/\/agora.xtec.cat\/iestorredelpalau\/?p=10042"},"modified":"2025-03-03T19:39:47","modified_gmt":"2025-03-03T18:39:47","slug":"llancament-projecte-savis-de-lalumnat-de-primer-deso","status":"publish","type":"post","link":"https:\/\/agora.xtec.cat\/iestorredelpalau\/general\/llancament-projecte-savis-de-lalumnat-de-primer-deso\/","title":{"rendered":"LLAN\u00c7AMENT PROJECTE SAVIS DE L&#8217;ALUMNAT DE PRIMER D&#8217;ESO"},"content":{"rendered":"<p style=\"text-align: justify;\"><span style=\"font-weight: 400;\">L\u2019alumnat de primer d&#8217;ESO engega el projecte SENTIM-SAVIS amb la visita de la senyora Rosa Maria Ferrer, mare de les professores Elena i Elvira del nostre institut.\u00a0<\/span><\/p>\n<p style=\"text-align: justify;\"><span style=\"font-weight: 400;\">La seva pres\u00e8ncia va resultar una experi\u00e8ncia molt enriquidora per als estudiants, que van poder con\u00e8ixer de primera m\u00e0 la hist\u00f2ria de la seva vida.<\/span><\/p>\n<p style=\"text-align: justify;\"><span style=\"font-weight: 400;\">La Rosa Maria, una \u00e0via nascuda l&#8217;any 1944, va compartir amb els alumnes les seves viv\u00e8ncies i records, oferint-los una perspectiva \u00fanica de com era la vida en el passat. Va explicar com eren l&#8217;escola, les celebracions, els \u00e0pats, les seves primeres feines, i tamb\u00e9 va relatar les experi\u00e8ncies dels seus pares durant la Guerra Civil i la postguerra.<\/span><\/p>\n<p style=\"text-align: justify;\"><span style=\"font-weight: 400;\">Les seves hist\u00f2ries reals van captivar l&#8217;atenci\u00f3 dels alumnes, que van poder aprendre sobre una \u00e8poca passada a trav\u00e9s dels ulls d&#8217;una persona que la va viure en primera persona. La visita de la Rosa Maria va ser una oportunitat \u00fanica per als alumnes de connectar amb el passat i comprendre millor la hist\u00f2ria del seu pa\u00eds.<\/span><\/p>\n<p style=\"text-align: justify;\"><span style=\"font-weight: 400;\">El professorat del projecte SENTIM-SAVIS agraeix profundament la visita de la Rosa Maria Ferrer i la seva generositat en compartir les seves viv\u00e8ncies amb els alumnes.<\/span><\/p>\n<p style=\"text-align: justify;\"><span style=\"font-weight: 400;\">Professorat SENTIM.<\/span><\/p>\n<p style=\"text-align: justify;\"><span style=\"font-weight: 400;\"><a href=\"https:\/\/agora.xtec.cat\/iestorredelpalau\/wp-content\/uploads\/usu1331\/2025\/03\/Captura.png\"><img loading=\"lazy\" decoding=\"async\" class=\"aligncenter size-full wp-image-10043\" src=\"https:\/\/agora.xtec.cat\/iestorredelpalau\/wp-content\/uploads\/usu1331\/2025\/03\/Captura.png\" alt=\"\" width=\"507\" height=\"383\" srcset=\"https:\/\/agora.xtec.cat\/iestorredelpalau\/wp-content\/uploads\/usu1331\/2025\/03\/Captura.png 507w, https:\/\/agora.xtec.cat\/iestorredelpalau\/wp-content\/uploads\/usu1331\/2025\/03\/Captura-300x227.png 300w, https:\/\/agora.xtec.cat\/iestorredelpalau\/wp-content\/uploads\/usu1331\/2025\/03\/Captura-200x150.png 200w\" sizes=\"auto, (max-width: 507px) 100vw, 507px\" \/><\/a><\/span><\/p>\n","protected":false},"excerpt":{"rendered":"<p>L\u2019alumnat de primer d&#8217;ESO engega el projecte SENTIM-SAVIS amb la visita de la senyora Rosa Maria Ferrer, mare de les professores Elena i Elvira del nostre institut.\u00a0 La seva pres\u00e8ncia va resultar una experi\u00e8ncia molt enriquidora per als estudiants, que van poder con\u00e8ixer de primera m\u00e0 la hist\u00f2ria de la seva vida. La Rosa Maria, [&hellip;]<\/p>\n","protected":false},"author":1,"featured_media":10043,"comment_status":"closed","ping_status":"closed","sticky":false,"template":"","format":"standard","meta":{"_bbp_topic_count":0,"_bbp_reply_count":0,"_bbp_total_topic_count":0,"_bbp_total_reply_count":0,"_bbp_voice_count":0,"_bbp_anonymous_reply_count":0,"_bbp_topic_count_hidden":0,"_bbp_reply_count_hidden":0,"_bbp_forum_subforum_count":0,"site-sidebar-layout":"default","site-content-layout":"","ast-site-content-layout":"","site-content-style":"default","site-sidebar-style":"default","ast-global-header-display":"","ast-banner-title-visibility":"","ast-main-header-display":"","ast-hfb-above-header-display":"","ast-hfb-below-header-display":"","ast-hfb-mobile-header-display":"","site-post-title":"","ast-breadcrumbs-content":"","ast-featured-img":"","footer-sml-layout":"","theme-transparent-header-meta":"","adv-header-id-meta":"","stick-header-meta":"","header-above-stick-meta":"","header-main-stick-meta":"","header-below-stick-meta":"","astra-migrate-meta-layouts":"default","ast-page-background-enabled":"default","ast-page-background-meta":{"desktop":{"background-color":"var(--ast-global-color-4)","background-image":"","background-repeat":"repeat","background-position":"center center","background-size":"auto","background-attachment":"scroll","background-type":"","background-media":"","overlay-type":"","overlay-color":"","overlay-opacity":"","overlay-gradient":""},"tablet":{"background-color":"","background-image":"","background-repeat":"repeat","background-position":"center center","background-size":"auto","background-attachment":"scroll","background-type":"","background-media":"","overlay-type":"","overlay-color":"","overlay-opacity":"","overlay-gradient":""},"mobile":{"background-color":"","background-image":"","background-repeat":"repeat","background-position":"center center","background-size":"auto","background-attachment":"scroll","background-type":"","background-media":"","overlay-type":"","overlay-color":"","overlay-opacity":"","overlay-gradient":""}},"ast-content-background-meta":{"desktop":{"background-color":"var(--ast-global-color-5)","background-image":"","background-repeat":"repeat","background-position":"center center","background-size":"auto","background-attachment":"scroll","background-type":"","background-media":"","overlay-type":"","overlay-color":"","overlay-opacity":"","overlay-gradient":""},"tablet":{"background-color":"var(--ast-global-color-5)","background-image":"","background-repeat":"repeat","background-position":"center center","background-size":"auto","background-attachment":"scroll","background-type":"","background-media":"","overlay-type":"","overlay-color":"","overlay-opacity":"","overlay-gradient":""},"mobile":{"background-color":"var(--ast-global-color-5)","background-image":"","background-repeat":"repeat","background-position":"center center","background-size":"auto","background-attachment":"scroll","background-type":"","background-media":"","overlay-type":"","overlay-color":"","overlay-opacity":"","overlay-gradient":""}},"footnotes":""},"categories":[4,1,107,29,195],"tags":[135,190],"class_list":["post-10042","post","type-post","status-publish","format-standard","has-post-thumbnail","hentry","category-eso-1","category-general","category-noticies-del-centre","category-portada","category-projectes","tag-1reso","tag-projecte-sentim"],"post_mailing_queue_ids":[],"_links":{"self":[{"href":"https:\/\/agora.xtec.cat\/iestorredelpalau\/wp-json\/wp\/v2\/posts\/10042","targetHints":{"allow":["GET"]}}],"collection":[{"href":"https:\/\/agora.xtec.cat\/iestorredelpalau\/wp-json\/wp\/v2\/posts"}],"about":[{"href":"https:\/\/agora.xtec.cat\/iestorredelpalau\/wp-json\/wp\/v2\/types\/post"}],"author":[{"embeddable":true,"href":"https:\/\/agora.xtec.cat\/iestorredelpalau\/wp-json\/wp\/v2\/users\/1"}],"replies":[{"embeddable":true,"href":"https:\/\/agora.xtec.cat\/iestorredelpalau\/wp-json\/wp\/v2\/comments?post=10042"}],"version-history":[{"count":1,"href":"https:\/\/agora.xtec.cat\/iestorredelpalau\/wp-json\/wp\/v2\/posts\/10042\/revisions"}],"predecessor-version":[{"id":10044,"href":"https:\/\/agora.xtec.cat\/iestorredelpalau\/wp-json\/wp\/v2\/posts\/10042\/revisions\/10044"}],"wp:featuredmedia":[{"embeddable":true,"href":"https:\/\/agora.xtec.cat\/iestorredelpalau\/wp-json\/wp\/v2\/media\/10043"}],"wp:attachment":[{"href":"https:\/\/agora.xtec.cat\/iestorredelpalau\/wp-json\/wp\/v2\/media?parent=10042"}],"wp:term":[{"taxonomy":"category","embeddable":true,"href":"https:\/\/agora.xtec.cat\/iestorredelpalau\/wp-json\/wp\/v2\/categories?post=10042"},{"taxonomy":"post_tag","embeddable":true,"href":"https:\/\/agora.xtec.cat\/iestorredelpalau\/wp-json\/wp\/v2\/tags?post=10042"}],"curies":[{"name":"wp","href":"https:\/\/api.w.org\/{rel}","templated":true}]}}