{"id":7419,"date":"2026-09-03T11:33:09","date_gmt":"2026-09-03T09:33:09","guid":{"rendered":"https:\/\/agora.xtec.cat\/iestona\/?p=7419"},"modified":"2026-09-03T11:33:09","modified_gmt":"2026-09-03T09:33:09","slug":"els-professors-tambe-ens-formem","status":"publish","type":"post","link":"https:\/\/agora.xtec.cat\/iestona\/general\/els-professors-tambe-ens-formem\/","title":{"rendered":"ELS PROFESSORS TAMB\u00c9 ENS FORMEM!"},"content":{"rendered":"<p>Aquesta setmana, l\u2019equip docent ha iniciat una formaci\u00f3 de centre sobre intel\u00b7lig\u00e8ncia artificial. L\u2019objectiu \u00e9s actualitzar coneixements, descobrir noves eines educatives i reflexionar sobre les seves possibilitats i aplicacions a l\u2019aula.<\/p>\n<p>Durant les sessions, ens preparem per utilitzar la tecnologia de manera responsable i enriquir els processos d\u2019ensenyament i aprenentatge. Perqu\u00e8 l\u2019educaci\u00f3 avan\u00e7a, i els docents tamb\u00e9.<\/p>\n<p><a href=\"https:\/\/agora.xtec.cat\/iestona\/wp-content\/uploads\/usu2191\/2026\/09\/image1.jpeg\"><img loading=\"lazy\" decoding=\"async\" class=\"alignnone size-full wp-image-7420\" src=\"https:\/\/agora.xtec.cat\/iestona\/wp-content\/uploads\/usu2191\/2026\/09\/image1.jpeg\" alt=\"\" width=\"2016\" height=\"1512\" srcset=\"https:\/\/agora.xtec.cat\/iestona\/wp-content\/uploads\/usu2191\/2026\/09\/image1.jpeg 2016w, https:\/\/agora.xtec.cat\/iestona\/wp-content\/uploads\/usu2191\/2026\/09\/image1-300x225.jpeg 300w, https:\/\/agora.xtec.cat\/iestona\/wp-content\/uploads\/usu2191\/2026\/09\/image1-1024x768.jpeg 1024w, https:\/\/agora.xtec.cat\/iestona\/wp-content\/uploads\/usu2191\/2026\/09\/image1-768x576.jpeg 768w, https:\/\/agora.xtec.cat\/iestona\/wp-content\/uploads\/usu2191\/2026\/09\/image1-1536x1152.jpeg 1536w, https:\/\/agora.xtec.cat\/iestona\/wp-content\/uploads\/usu2191\/2026\/09\/image1-200x150.jpeg 200w\" sizes=\"auto, (max-width: 2016px) 100vw, 2016px\" \/><\/a><\/p>\n","protected":false},"excerpt":{"rendered":"<p>Aquesta setmana, l\u2019equip docent ha iniciat una formaci\u00f3 de centre sobre intel\u00b7lig\u00e8ncia artificial. L\u2019objectiu \u00e9s actualitzar coneixements, descobrir noves eines educatives i reflexionar sobre les seves possibilitats i aplicacions a l\u2019aula.<br \/>\nDurant les sessions, ens preparem per utilitzar la tecnologia de manera responsable i enriquir els&hellip;  <a href=\"https:\/\/agora.xtec.cat\/iestona\/general\/els-professors-tambe-ens-formem\/\" title=\"Read ELS PROFESSORS TAMB\u00c9 ENS FORMEM!\">Llegeix m\u00e9s\u00bb<\/a><\/p>\n","protected":false},"author":1,"featured_media":7421,"comment_status":"open","ping_status":"open","sticky":false,"template":"","format":"standard","meta":{"_bbp_topic_count":0,"_bbp_reply_count":0,"_bbp_total_topic_count":0,"_bbp_total_reply_count":0,"_bbp_voice_count":0,"_bbp_anonymous_reply_count":0,"_bbp_topic_count_hidden":0,"_bbp_reply_count_hidden":0,"_bbp_forum_subforum_count":0,"footnotes":""},"categories":[1],"tags":[],"class_list":["post-7419","post","type-post","status-publish","format-standard","has-post-thumbnail","hentry","category-general"],"post_mailing_queue_ids":[],"_links":{"self":[{"href":"https:\/\/agora.xtec.cat\/iestona\/wp-json\/wp\/v2\/posts\/7419","targetHints":{"allow":["GET"]}}],"collection":[{"href":"https:\/\/agora.xtec.cat\/iestona\/wp-json\/wp\/v2\/posts"}],"about":[{"href":"https:\/\/agora.xtec.cat\/iestona\/wp-json\/wp\/v2\/types\/post"}],"author":[{"embeddable":true,"href":"https:\/\/agora.xtec.cat\/iestona\/wp-json\/wp\/v2\/users\/1"}],"replies":[{"embeddable":true,"href":"https:\/\/agora.xtec.cat\/iestona\/wp-json\/wp\/v2\/comments?post=7419"}],"version-history":[{"count":1,"href":"https:\/\/agora.xtec.cat\/iestona\/wp-json\/wp\/v2\/posts\/7419\/revisions"}],"predecessor-version":[{"id":7422,"href":"https:\/\/agora.xtec.cat\/iestona\/wp-json\/wp\/v2\/posts\/7419\/revisions\/7422"}],"wp:featuredmedia":[{"embeddable":true,"href":"https:\/\/agora.xtec.cat\/iestona\/wp-json\/wp\/v2\/media\/7421"}],"wp:attachment":[{"href":"https:\/\/agora.xtec.cat\/iestona\/wp-json\/wp\/v2\/media?parent=7419"}],"wp:term":[{"taxonomy":"category","embeddable":true,"href":"https:\/\/agora.xtec.cat\/iestona\/wp-json\/wp\/v2\/categories?post=7419"},{"taxonomy":"post_tag","embeddable":true,"href":"https:\/\/agora.xtec.cat\/iestona\/wp-json\/wp\/v2\/tags?post=7419"}],"curies":[{"name":"wp","href":"https:\/\/api.w.org\/{rel}","templated":true}]}}