{"id":7415,"date":"2026-09-01T16:59:49","date_gmt":"2026-09-01T14:59:49","guid":{"rendered":"https:\/\/agora.xtec.cat\/iestona\/?p=7415"},"modified":"2026-09-01T17:07:48","modified_gmt":"2026-09-01T15:07:48","slug":"escalfant-motors-per-aquest-nou-curs","status":"publish","type":"post","link":"https:\/\/agora.xtec.cat\/iestona\/general\/escalfant-motors-per-aquest-nou-curs\/","title":{"rendered":"ESCALFANT MOTORS PER AQUEST NOU CURS!"},"content":{"rendered":"<p class=\"isSelectedEnd\">Despr\u00e9s d\u2019unes setmanes de descans, avui tornem a omplir l\u2019institut de vida!<\/p>\n<p>Tornem amb energia renovada, moltes ganes, noves idees i il\u00b7lusi\u00f3 per tot el que ens portar\u00e0 aquest nou curs. Hem comen\u00e7at retrobant-nos amb els companys i posant en marxa tots els preparatius per al curs 2026-27.<\/p>\n<p class=\"isSelectedEnd\">I ara nom\u00e9s ens falta el m\u00e9s important: <strong>vosaltres, els alumnes!<\/strong><\/p>\n<p>Us esperem amb molta alegria el dia 8 per comen\u00e7ar junts un nou curs.<br \/>\n<strong>Benvingut, curs 2026-27!\u00a0<\/strong><\/p>\n<p class=\"isSelectedEnd\"><a href=\"https:\/\/agora.xtec.cat\/iestona\/wp-content\/uploads\/usu2191\/2026\/09\/DSC06898.png\"><img loading=\"lazy\" decoding=\"async\" class=\"alignnone size-full wp-image-7416\" src=\"https:\/\/agora.xtec.cat\/iestona\/wp-content\/uploads\/usu2191\/2026\/09\/DSC06898.png\" alt=\"\" width=\"1200\" height=\"675\" srcset=\"https:\/\/agora.xtec.cat\/iestona\/wp-content\/uploads\/usu2191\/2026\/09\/DSC06898.png 1200w, https:\/\/agora.xtec.cat\/iestona\/wp-content\/uploads\/usu2191\/2026\/09\/DSC06898-300x169.png 300w, https:\/\/agora.xtec.cat\/iestona\/wp-content\/uploads\/usu2191\/2026\/09\/DSC06898-1024x576.png 1024w, https:\/\/agora.xtec.cat\/iestona\/wp-content\/uploads\/usu2191\/2026\/09\/DSC06898-768x432.png 768w\" sizes=\"auto, (max-width: 1200px) 100vw, 1200px\" \/><\/a><\/p>\n","protected":false},"excerpt":{"rendered":"<p>Despr\u00e9s d\u2019unes setmanes de descans, avui tornem a omplir l\u2019institut de vida!<br \/>\nTornem amb energia renovada, moltes ganes, noves idees i il\u00b7lusi\u00f3 per tot el que ens portar\u00e0 aquest nou curs. Hem comen\u00e7at retrobant-nos amb els companys i posant en marxa tots els preparatius per al&hellip;  <a href=\"https:\/\/agora.xtec.cat\/iestona\/general\/escalfant-motors-per-aquest-nou-curs\/\" title=\"Read ESCALFANT MOTORS PER AQUEST NOU CURS!\">Llegeix m\u00e9s\u00bb<\/a><\/p>\n","protected":false},"author":1,"featured_media":7416,"comment_status":"open","ping_status":"open","sticky":false,"template":"","format":"standard","meta":{"_bbp_topic_count":0,"_bbp_reply_count":0,"_bbp_total_topic_count":0,"_bbp_total_reply_count":0,"_bbp_voice_count":0,"_bbp_anonymous_reply_count":0,"_bbp_topic_count_hidden":0,"_bbp_reply_count_hidden":0,"_bbp_forum_subforum_count":0,"footnotes":""},"categories":[1],"tags":[],"class_list":["post-7415","post","type-post","status-publish","format-standard","has-post-thumbnail","hentry","category-general"],"post_mailing_queue_ids":[],"_links":{"self":[{"href":"https:\/\/agora.xtec.cat\/iestona\/wp-json\/wp\/v2\/posts\/7415","targetHints":{"allow":["GET"]}}],"collection":[{"href":"https:\/\/agora.xtec.cat\/iestona\/wp-json\/wp\/v2\/posts"}],"about":[{"href":"https:\/\/agora.xtec.cat\/iestona\/wp-json\/wp\/v2\/types\/post"}],"author":[{"embeddable":true,"href":"https:\/\/agora.xtec.cat\/iestona\/wp-json\/wp\/v2\/users\/1"}],"replies":[{"embeddable":true,"href":"https:\/\/agora.xtec.cat\/iestona\/wp-json\/wp\/v2\/comments?post=7415"}],"version-history":[{"count":2,"href":"https:\/\/agora.xtec.cat\/iestona\/wp-json\/wp\/v2\/posts\/7415\/revisions"}],"predecessor-version":[{"id":7418,"href":"https:\/\/agora.xtec.cat\/iestona\/wp-json\/wp\/v2\/posts\/7415\/revisions\/7418"}],"wp:featuredmedia":[{"embeddable":true,"href":"https:\/\/agora.xtec.cat\/iestona\/wp-json\/wp\/v2\/media\/7416"}],"wp:attachment":[{"href":"https:\/\/agora.xtec.cat\/iestona\/wp-json\/wp\/v2\/media?parent=7415"}],"wp:term":[{"taxonomy":"category","embeddable":true,"href":"https:\/\/agora.xtec.cat\/iestona\/wp-json\/wp\/v2\/categories?post=7415"},{"taxonomy":"post_tag","embeddable":true,"href":"https:\/\/agora.xtec.cat\/iestona\/wp-json\/wp\/v2\/tags?post=7415"}],"curies":[{"name":"wp","href":"https:\/\/api.w.org\/{rel}","templated":true}]}}