{"id":6575,"date":"2026-09-03T12:27:34","date_gmt":"2026-09-03T10:27:34","guid":{"rendered":"https:\/\/agora.xtec.cat\/iesterraalta\/?p=6575"},"modified":"2026-09-03T12:43:06","modified_gmt":"2026-09-03T10:43:06","slug":"6575","status":"publish","type":"post","link":"https:\/\/agora.xtec.cat\/iesterraalta\/general\/6575\/","title":{"rendered":"Gesti\u00f3 de vacants dels CFPM i CFPS: torn en l\u00ednia"},"content":{"rendered":"\n<p>Us informem que ja es troba disponible&nbsp;per als centres&nbsp;<strong>el gestor de cues virtual (torn en l\u00ednia)<\/strong>&nbsp;per a la gesti\u00f3&nbsp;de places vacants dels cicles de grau mitj\u00e0 de formaci\u00f3 professional&nbsp;(CFPM) i dels cicles de grau superior de formaci\u00f3 professional&nbsp;(CFPS).<\/p>\n\n\n\n<p>En cas de tenir places vacants en aquests ensenyaments, ser\u00e0 necessari que el centre activi el gestor de cues virtual a&nbsp;GEDAC mitjan\u00e7ant al&nbsp;<strong>m\u00f2dul d&#8217;Admissi\u00f3<\/strong>&nbsp;i clicar&nbsp;a l&#8217;opci\u00f3 de&nbsp;<strong>Participaci\u00f3 del centre en el torn en l\u00ednia<\/strong>.<\/p>\n\n\n\n<p>El dia&nbsp;<strong>7 de setembre<\/strong>, es&nbsp;publicar\u00e0 al web&nbsp;<a href=\"http:\/\/preinscripcio.gencat.cat\/\" target=\"_blank\" rel=\"noreferrer noopener\">preinscripcio.gencat.cat<\/a>&nbsp;les places vacants, per centre educatiu.<\/p>\n\n\n\n<p>Els alumnes un cop consultades les vacants hauran d&#8217;apuntar-se el&nbsp;<strong>7 de setembre<\/strong>&nbsp;al gestor de cues virtual (torn en l\u00ednia) mitjan\u00e7ant l\u2019enlla\u00e7 que hagi publicat el centre a la seva p\u00e0gina web.<\/p>\n\n\n\n<p><a href=\"https:\/\/aplicacions.gestioeducativa.gencat.cat\/ords\/pls\/apex\/f?p=20160079072543618:650:::NO:650:P650_CENTRE:4E05BB2C031FB6C9D12346F2E9E20BEA71E2886AE02E12EA\">https:\/\/aplicacions.gestioeducativa.gencat.cat\/ords\/pls\/apex\/f?p=20160079072543618:650:::NO:650:P650_CENTRE:4E05BB2C031FB6C9D12346F2E9E20BEA71E2886AE02E12EA<\/a><\/p>\n\n\n\n<p><\/p>\n","protected":false},"excerpt":{"rendered":"<p>Us informem que ja es troba disponible&nbsp;per als centres&nbsp;el gestor de cues virtual (torn en l\u00ednia)&nbsp;per a la gesti\u00f3&nbsp;de places vacants dels cicles de grau mitj\u00e0 de formaci\u00f3 professional&nbsp;(CFPM) i dels cicles de grau superior de formaci\u00f3 professional&nbsp;(CFPS). En cas de tenir places vacants en aquests ensenyaments, ser\u00e0 necessari que el centre activi el gestor [&hellip;]<\/p>\n","protected":false},"author":1,"featured_media":0,"comment_status":"open","ping_status":"open","sticky":false,"template":"","format":"standard","meta":{"_bbp_topic_count":0,"_bbp_reply_count":0,"_bbp_total_topic_count":0,"_bbp_total_reply_count":0,"_bbp_voice_count":0,"_bbp_anonymous_reply_count":0,"_bbp_topic_count_hidden":0,"_bbp_reply_count_hidden":0,"_bbp_forum_subforum_count":0,"site-sidebar-layout":"default","site-content-layout":"","ast-site-content-layout":"default","site-content-style":"default","site-sidebar-style":"default","ast-global-header-display":"","ast-banner-title-visibility":"","ast-main-header-display":"","ast-hfb-above-header-display":"","ast-hfb-below-header-display":"","ast-hfb-mobile-header-display":"","site-post-title":"","ast-breadcrumbs-content":"","ast-featured-img":"","footer-sml-layout":"","theme-transparent-header-meta":"","adv-header-id-meta":"","stick-header-meta":"","header-above-stick-meta":"","header-main-stick-meta":"","header-below-stick-meta":"","astra-migrate-meta-layouts":"set","ast-page-background-enabled":"default","ast-page-background-meta":{"desktop":{"background-color":"var(--ast-global-color-4)","background-image":"","background-repeat":"repeat","background-position":"center center","background-size":"auto","background-attachment":"scroll","background-type":"","background-media":"","overlay-type":"","overlay-color":"","overlay-opacity":"","overlay-gradient":""},"tablet":{"background-color":"","background-image":"","background-repeat":"repeat","background-position":"center center","background-size":"auto","background-attachment":"scroll","background-type":"","background-media":"","overlay-type":"","overlay-color":"","overlay-opacity":"","overlay-gradient":""},"mobile":{"background-color":"","background-image":"","background-repeat":"repeat","background-position":"center center","background-size":"auto","background-attachment":"scroll","background-type":"","background-media":"","overlay-type":"","overlay-color":"","overlay-opacity":"","overlay-gradient":""}},"ast-content-background-meta":{"desktop":{"background-color":"var(--ast-global-color-5)","background-image":"","background-repeat":"repeat","background-position":"center center","background-size":"auto","background-attachment":"scroll","background-type":"","background-media":"","overlay-type":"","overlay-color":"","overlay-opacity":"","overlay-gradient":""},"tablet":{"background-color":"var(--ast-global-color-5)","background-image":"","background-repeat":"repeat","background-position":"center center","background-size":"auto","background-attachment":"scroll","background-type":"","background-media":"","overlay-type":"","overlay-color":"","overlay-opacity":"","overlay-gradient":""},"mobile":{"background-color":"var(--ast-global-color-5)","background-image":"","background-repeat":"repeat","background-position":"center center","background-size":"auto","background-attachment":"scroll","background-type":"","background-media":"","overlay-type":"","overlay-color":"","overlay-opacity":"","overlay-gradient":""}},"footnotes":""},"categories":[30,1,29],"tags":[],"class_list":["post-6575","post","type-post","status-publish","format-standard","hentry","category-cicles-formatius","category-general","category-portada"],"post_mailing_queue_ids":[],"_links":{"self":[{"href":"https:\/\/agora.xtec.cat\/iesterraalta\/wp-json\/wp\/v2\/posts\/6575","targetHints":{"allow":["GET"]}}],"collection":[{"href":"https:\/\/agora.xtec.cat\/iesterraalta\/wp-json\/wp\/v2\/posts"}],"about":[{"href":"https:\/\/agora.xtec.cat\/iesterraalta\/wp-json\/wp\/v2\/types\/post"}],"author":[{"embeddable":true,"href":"https:\/\/agora.xtec.cat\/iesterraalta\/wp-json\/wp\/v2\/users\/1"}],"replies":[{"embeddable":true,"href":"https:\/\/agora.xtec.cat\/iesterraalta\/wp-json\/wp\/v2\/comments?post=6575"}],"version-history":[{"count":3,"href":"https:\/\/agora.xtec.cat\/iesterraalta\/wp-json\/wp\/v2\/posts\/6575\/revisions"}],"predecessor-version":[{"id":6579,"href":"https:\/\/agora.xtec.cat\/iesterraalta\/wp-json\/wp\/v2\/posts\/6575\/revisions\/6579"}],"wp:attachment":[{"href":"https:\/\/agora.xtec.cat\/iesterraalta\/wp-json\/wp\/v2\/media?parent=6575"}],"wp:term":[{"taxonomy":"category","embeddable":true,"href":"https:\/\/agora.xtec.cat\/iesterraalta\/wp-json\/wp\/v2\/categories?post=6575"},{"taxonomy":"post_tag","embeddable":true,"href":"https:\/\/agora.xtec.cat\/iesterraalta\/wp-json\/wp\/v2\/tags?post=6575"}],"curies":[{"name":"wp","href":"https:\/\/api.w.org\/{rel}","templated":true}]}}