{"id":6490,"date":"2026-04-01T09:34:16","date_gmt":"2026-04-01T07:34:16","guid":{"rendered":"https:\/\/agora.xtec.cat\/iesterraalta\/?p=6490"},"modified":"2026-04-09T09:39:23","modified_gmt":"2026-04-09T07:39:23","slug":"lalumnat-de-1r-deso-participa-al-lets-clean-up-europe-2026","status":"publish","type":"post","link":"https:\/\/agora.xtec.cat\/iesterraalta\/eso\/eso-1\/lalumnat-de-1r-deso-participa-al-lets-clean-up-europe-2026\/","title":{"rendered":"L&#8217;alumnat de 1r d&#8217;ESO participa al &#8220;Let&#8217;s Clean Up Europe 2026&#8221;"},"content":{"rendered":"<div><span style=\"color: #38761d;\">Com ja ve sent costum en l&#8217;INS Terra Alta i amb coher\u00e8ncia amb la<i>\u00a0Green School<\/i>\u00a0que som, l&#8217;alumnat de 1r d&#8217;ESO (amb col\u00b7laboraci\u00f3 amb l&#8217;Ajuntament de Gandesa), va participar en la Campanya del &#8220;<i>Let&#8217;s Clean Up Europe 2026<\/i>&#8220;.\u00a0<\/span><\/div>\n<div><span style=\"color: #38761d;\">Es tracta d&#8217;una acci\u00f3 comuna a tota Europa de sensibilitzaci\u00f3 per reduir la quantitat de residus que llencem de forma incontrolada a la natura. En aquest cas, l&#8217;objectiu va ser netejar el cam\u00ed des del municipi de Gandesa fins l&#8217;\u00c0rea Recreativa de la Fonteta inclosa. En arribar vam esmorzar i despr\u00e9s, mentre uns seleccionaven tot el material recollit pel cam\u00ed, d&#8217;altres continuaven netejant i un parell d&#8217;alumnes amb la professora N\u00faria Gisbert del Projecte STEAM van renovar els Hotels d&#8217;insectes confeccionats pel nostre alumnat. La tasca seg\u00fcent implica sempre pesar les diferents fraccions recollides (un total de 22,65 kg) i celebrar-ho amb la cl\u00e0ssica foto de grup.<\/span><\/div>\n<div><span style=\"color: #38761d;\">Enguany l&#8217;experi\u00e8ncia va ser encara m\u00e9s especial per l&#8217;abund\u00e0ncia d&#8217;aigua a la zona. Esperem que tot plegat hagi estat una llavor de sensibilitzaci\u00f3 vers cuidar l&#8217;entorn que doni fruits el m\u00e9s aviat possible. Gr\u00e0cies a tot(e)s!<\/span><\/div>\n<div><\/div>\n<div><a href=\"https:\/\/drive.google.com\/open?id=155Tp6rfJH-vjoccEGvlLxUDW8lCygm-u&amp;usp=gmail\">https:\/\/drive.google.com\/open?id=155Tp6rfJH-vjoccEGvlLxUDW8lCygm-u&amp;usp=gmail<\/a><\/div>\n<div><\/div>\n","protected":false},"excerpt":{"rendered":"<p>Com ja ve sent costum en l&#8217;INS Terra Alta i amb coher\u00e8ncia amb la\u00a0Green School\u00a0que som, l&#8217;alumnat de 1r d&#8217;ESO (amb col\u00b7laboraci\u00f3 amb l&#8217;Ajuntament de Gandesa), va participar en la Campanya del &#8220;Let&#8217;s Clean Up Europe 2026&#8220;.\u00a0 Es tracta d&#8217;una acci\u00f3 comuna a tota Europa de sensibilitzaci\u00f3 per reduir la quantitat de residus que llencem [&hellip;]<\/p>\n","protected":false},"author":1,"featured_media":0,"comment_status":"open","ping_status":"open","sticky":false,"template":"","format":"standard","meta":{"_bbp_topic_count":0,"_bbp_reply_count":0,"_bbp_total_topic_count":0,"_bbp_total_reply_count":0,"_bbp_voice_count":0,"_bbp_anonymous_reply_count":0,"_bbp_topic_count_hidden":0,"_bbp_reply_count_hidden":0,"_bbp_forum_subforum_count":0,"site-sidebar-layout":"default","site-content-layout":"","ast-site-content-layout":"default","site-content-style":"default","site-sidebar-style":"default","ast-global-header-display":"","ast-banner-title-visibility":"","ast-main-header-display":"","ast-hfb-above-header-display":"","ast-hfb-below-header-display":"","ast-hfb-mobile-header-display":"","site-post-title":"","ast-breadcrumbs-content":"","ast-featured-img":"","footer-sml-layout":"","theme-transparent-header-meta":"default","adv-header-id-meta":"","stick-header-meta":"","header-above-stick-meta":"","header-main-stick-meta":"","header-below-stick-meta":"","astra-migrate-meta-layouts":"set","ast-page-background-enabled":"default","ast-page-background-meta":{"desktop":{"background-color":"var(--ast-global-color-4)","background-image":"","background-repeat":"repeat","background-position":"center center","background-size":"auto","background-attachment":"scroll","background-type":"","background-media":"","overlay-type":"","overlay-color":"","overlay-opacity":"","overlay-gradient":""},"tablet":{"background-color":"","background-image":"","background-repeat":"repeat","background-position":"center center","background-size":"auto","background-attachment":"scroll","background-type":"","background-media":"","overlay-type":"","overlay-color":"","overlay-opacity":"","overlay-gradient":""},"mobile":{"background-color":"","background-image":"","background-repeat":"repeat","background-position":"center center","background-size":"auto","background-attachment":"scroll","background-type":"","background-media":"","overlay-type":"","overlay-color":"","overlay-opacity":"","overlay-gradient":""}},"ast-content-background-meta":{"desktop":{"background-color":"var(--ast-global-color-5)","background-image":"","background-repeat":"repeat","background-position":"center center","background-size":"auto","background-attachment":"scroll","background-type":"","background-media":"","overlay-type":"","overlay-color":"","overlay-opacity":"","overlay-gradient":""},"tablet":{"background-color":"var(--ast-global-color-5)","background-image":"","background-repeat":"repeat","background-position":"center center","background-size":"auto","background-attachment":"scroll","background-type":"","background-media":"","overlay-type":"","overlay-color":"","overlay-opacity":"","overlay-gradient":""},"mobile":{"background-color":"var(--ast-global-color-5)","background-image":"","background-repeat":"repeat","background-position":"center center","background-size":"auto","background-attachment":"scroll","background-type":"","background-media":"","overlay-type":"","overlay-color":"","overlay-opacity":"","overlay-gradient":""}},"footnotes":""},"categories":[284,4,29],"tags":[],"class_list":["post-6490","post","type-post","status-publish","format-standard","hentry","category-escola-verda","category-eso-1","category-portada"],"post_mailing_queue_ids":[],"_links":{"self":[{"href":"https:\/\/agora.xtec.cat\/iesterraalta\/wp-json\/wp\/v2\/posts\/6490","targetHints":{"allow":["GET"]}}],"collection":[{"href":"https:\/\/agora.xtec.cat\/iesterraalta\/wp-json\/wp\/v2\/posts"}],"about":[{"href":"https:\/\/agora.xtec.cat\/iesterraalta\/wp-json\/wp\/v2\/types\/post"}],"author":[{"embeddable":true,"href":"https:\/\/agora.xtec.cat\/iesterraalta\/wp-json\/wp\/v2\/users\/1"}],"replies":[{"embeddable":true,"href":"https:\/\/agora.xtec.cat\/iesterraalta\/wp-json\/wp\/v2\/comments?post=6490"}],"version-history":[{"count":1,"href":"https:\/\/agora.xtec.cat\/iesterraalta\/wp-json\/wp\/v2\/posts\/6490\/revisions"}],"predecessor-version":[{"id":6491,"href":"https:\/\/agora.xtec.cat\/iesterraalta\/wp-json\/wp\/v2\/posts\/6490\/revisions\/6491"}],"wp:attachment":[{"href":"https:\/\/agora.xtec.cat\/iesterraalta\/wp-json\/wp\/v2\/media?parent=6490"}],"wp:term":[{"taxonomy":"category","embeddable":true,"href":"https:\/\/agora.xtec.cat\/iesterraalta\/wp-json\/wp\/v2\/categories?post=6490"},{"taxonomy":"post_tag","embeddable":true,"href":"https:\/\/agora.xtec.cat\/iesterraalta\/wp-json\/wp\/v2\/tags?post=6490"}],"curies":[{"name":"wp","href":"https:\/\/api.w.org\/{rel}","templated":true}]}}