{"id":5581,"date":"2024-04-18T11:10:51","date_gmt":"2024-04-18T09:10:51","guid":{"rendered":"https:\/\/agora.xtec.cat\/iesterraalta\/?p=5581"},"modified":"2024-04-18T11:10:51","modified_gmt":"2024-04-18T09:10:51","slug":"els-dijous-anem-a-la-biblioteca","status":"publish","type":"post","link":"https:\/\/agora.xtec.cat\/iesterraalta\/general\/els-dijous-anem-a-la-biblioteca\/","title":{"rendered":"Els dijous anem a la biblioteca"},"content":{"rendered":"<p>L&#8217;alumnat nouvingut de l&#8217;Aula d&#8217;Acollida t\u00e9 una cita cada dijous a la biblioteca de Gandesa, un espai que compta amb molt bones instal\u00b7lacions i gran quantitat de material de lectura i altres recursos.<\/p>\n<p>A banda de proposar una lectura amb dificultat progressiva, enriquint i millorant la seva comprensi\u00f3 lectora i coneixement de la llengua catalana, la idea principal d&#8217;aquesta iniciativa pret\u00e9n que l&#8217;alumnat pugui adquirir l&#8217;h\u00e0bit i el gust per llegir aix\u00ed com per l&#8217;\u00fas d&#8217;aquest espai p\u00fablic.<\/p>\n<p>A m\u00e9s d&#8217;estimular la imaginaci\u00f3, la lectura com a h\u00e0bit ajuda a desenvolupar el llenguatge i millorar la capacitat de comprensi\u00f3. Afavoreix el desenvolupament cognitiu, la mem\u00f2ria, la concentraci\u00f3 i la creativitat, entre d&#8217;altres.<\/p>\n<p>D&#8217;aquesta manera, hem comen\u00e7at per inscriure tot l&#8217;alumnat a la xarxa de biblioteques de Catalunya per poder fer \u00fas aut\u00f2nomament d&#8217;aquesta eina i traure llibres i altres recursos pel seu compte. A partir d&#8217;aquest punt, cadasc\u00fa fa la recerca d&#8217;un llibre que sigui del seu gust, nivell i inter\u00e8s, per tal d&#8217;associar la idea de llegir amb un acte positiu per gaudir i, a continuaci\u00f3, incrementar el nivell al seu ritme.<\/p>\n<p>\u00abLes biblioteques estan plenes d&#8217;idees, tal vegada \u00e9s la m\u00e9s perillosa i poderosa de les armes\u00bb (Sarah J. Maas).<\/p>\n<p><a href=\"https:\/\/agora.xtec.cat\/iesterraalta\/wp-content\/uploads\/usu564\/2024\/04\/IMG_20240222_114638.jpg\"><img loading=\"lazy\" decoding=\"async\" class=\"aligncenter size-large wp-image-5584\" src=\"https:\/\/agora.xtec.cat\/iesterraalta\/wp-content\/uploads\/usu564\/2024\/04\/IMG_20240222_114638.jpg\" alt=\"\" width=\"1000\" height=\"563\" srcset=\"https:\/\/agora.xtec.cat\/iesterraalta\/wp-content\/uploads\/usu564\/2024\/04\/IMG_20240222_114638.jpg 1000w, https:\/\/agora.xtec.cat\/iesterraalta\/wp-content\/uploads\/usu564\/2024\/04\/IMG_20240222_114638-300x169.jpg 300w, https:\/\/agora.xtec.cat\/iesterraalta\/wp-content\/uploads\/usu564\/2024\/04\/IMG_20240222_114638-768x432.jpg 768w\" sizes=\"auto, (max-width: 1000px) 100vw, 1000px\" \/><\/a><a href=\"https:\/\/agora.xtec.cat\/iesterraalta\/wp-content\/uploads\/usu564\/2024\/04\/IMG_20240222_113345-rotated.jpg\"><br \/>\n<img loading=\"lazy\" decoding=\"async\" class=\"aligncenter size-full wp-image-5582\" src=\"https:\/\/agora.xtec.cat\/iesterraalta\/wp-content\/uploads\/usu564\/2024\/04\/IMG_20240222_113345-rotated.jpg\" alt=\"\" width=\"563\" height=\"1000\" srcset=\"https:\/\/agora.xtec.cat\/iesterraalta\/wp-content\/uploads\/usu564\/2024\/04\/IMG_20240222_113345-rotated.jpg 563w, https:\/\/agora.xtec.cat\/iesterraalta\/wp-content\/uploads\/usu564\/2024\/04\/IMG_20240222_113345-169x300.jpg 169w\" sizes=\"auto, (max-width: 563px) 100vw, 563px\" \/><\/a><\/p>\n<p><a href=\"https:\/\/agora.xtec.cat\/iesterraalta\/wp-content\/uploads\/usu564\/2024\/04\/IMG_20240222_114622.jpg\"><img loading=\"lazy\" decoding=\"async\" class=\"aligncenter size-large wp-image-5583\" src=\"https:\/\/agora.xtec.cat\/iesterraalta\/wp-content\/uploads\/usu564\/2024\/04\/IMG_20240222_114622.jpg\" alt=\"\" width=\"1000\" height=\"563\" srcset=\"https:\/\/agora.xtec.cat\/iesterraalta\/wp-content\/uploads\/usu564\/2024\/04\/IMG_20240222_114622.jpg 1000w, https:\/\/agora.xtec.cat\/iesterraalta\/wp-content\/uploads\/usu564\/2024\/04\/IMG_20240222_114622-300x169.jpg 300w, https:\/\/agora.xtec.cat\/iesterraalta\/wp-content\/uploads\/usu564\/2024\/04\/IMG_20240222_114622-768x432.jpg 768w\" sizes=\"auto, (max-width: 1000px) 100vw, 1000px\" \/><\/a><\/p>\n<p><a href=\"https:\/\/agora.xtec.cat\/iesterraalta\/wp-content\/uploads\/usu564\/2024\/04\/IMG_20240229_120307.jpg\"><img loading=\"lazy\" decoding=\"async\" class=\"aligncenter size-large wp-image-5585\" src=\"https:\/\/agora.xtec.cat\/iesterraalta\/wp-content\/uploads\/usu564\/2024\/04\/IMG_20240229_120307.jpg\" alt=\"\" width=\"1000\" height=\"563\" srcset=\"https:\/\/agora.xtec.cat\/iesterraalta\/wp-content\/uploads\/usu564\/2024\/04\/IMG_20240229_120307.jpg 1000w, https:\/\/agora.xtec.cat\/iesterraalta\/wp-content\/uploads\/usu564\/2024\/04\/IMG_20240229_120307-300x169.jpg 300w, https:\/\/agora.xtec.cat\/iesterraalta\/wp-content\/uploads\/usu564\/2024\/04\/IMG_20240229_120307-768x432.jpg 768w\" sizes=\"auto, (max-width: 1000px) 100vw, 1000px\" \/><\/a><\/p>\n<p><a href=\"https:\/\/agora.xtec.cat\/iesterraalta\/wp-content\/uploads\/usu564\/2024\/04\/IMG_20240208_105729.jpg\"><img loading=\"lazy\" decoding=\"async\" class=\"aligncenter size-large wp-image-5586\" src=\"https:\/\/agora.xtec.cat\/iesterraalta\/wp-content\/uploads\/usu564\/2024\/04\/IMG_20240208_105729.jpg\" alt=\"\" width=\"1000\" height=\"563\" srcset=\"https:\/\/agora.xtec.cat\/iesterraalta\/wp-content\/uploads\/usu564\/2024\/04\/IMG_20240208_105729.jpg 1000w, https:\/\/agora.xtec.cat\/iesterraalta\/wp-content\/uploads\/usu564\/2024\/04\/IMG_20240208_105729-300x169.jpg 300w, https:\/\/agora.xtec.cat\/iesterraalta\/wp-content\/uploads\/usu564\/2024\/04\/IMG_20240208_105729-768x432.jpg 768w\" sizes=\"auto, (max-width: 1000px) 100vw, 1000px\" \/><\/a><\/p>\n","protected":false},"excerpt":{"rendered":"<p>L&#8217;alumnat nouvingut de l&#8217;Aula d&#8217;Acollida t\u00e9 una cita cada dijous a la biblioteca de Gandesa, un espai que compta amb molt bones instal\u00b7lacions i gran quantitat de material de lectura i altres recursos. A banda de proposar una lectura amb dificultat progressiva, enriquint i millorant la seva comprensi\u00f3 lectora i coneixement de la llengua catalana, [&hellip;]<\/p>\n","protected":false},"author":1,"featured_media":5584,"comment_status":"open","ping_status":"closed","sticky":false,"template":"","format":"standard","meta":{"_bbp_topic_count":0,"_bbp_reply_count":0,"_bbp_total_topic_count":0,"_bbp_total_reply_count":0,"_bbp_voice_count":0,"_bbp_anonymous_reply_count":0,"_bbp_topic_count_hidden":0,"_bbp_reply_count_hidden":0,"_bbp_forum_subforum_count":0,"site-sidebar-layout":"default","site-content-layout":"","ast-site-content-layout":"","site-content-style":"default","site-sidebar-style":"default","ast-global-header-display":"","ast-banner-title-visibility":"","ast-main-header-display":"","ast-hfb-above-header-display":"","ast-hfb-below-header-display":"","ast-hfb-mobile-header-display":"","site-post-title":"","ast-breadcrumbs-content":"","ast-featured-img":"","footer-sml-layout":"","theme-transparent-header-meta":"","adv-header-id-meta":"","stick-header-meta":"","header-above-stick-meta":"","header-main-stick-meta":"","header-below-stick-meta":"","astra-migrate-meta-layouts":"default","ast-page-background-enabled":"default","ast-page-background-meta":{"desktop":{"background-color":"var(--ast-global-color-4)","background-image":"","background-repeat":"repeat","background-position":"center center","background-size":"auto","background-attachment":"scroll","background-type":"","background-media":"","overlay-type":"","overlay-color":"","overlay-opacity":"","overlay-gradient":""},"tablet":{"background-color":"","background-image":"","background-repeat":"repeat","background-position":"center center","background-size":"auto","background-attachment":"scroll","background-type":"","background-media":"","overlay-type":"","overlay-color":"","overlay-opacity":"","overlay-gradient":""},"mobile":{"background-color":"","background-image":"","background-repeat":"repeat","background-position":"center center","background-size":"auto","background-attachment":"scroll","background-type":"","background-media":"","overlay-type":"","overlay-color":"","overlay-opacity":"","overlay-gradient":""}},"ast-content-background-meta":{"desktop":{"background-color":"var(--ast-global-color-5)","background-image":"","background-repeat":"repeat","background-position":"center center","background-size":"auto","background-attachment":"scroll","background-type":"","background-media":"","overlay-type":"","overlay-color":"","overlay-opacity":"","overlay-gradient":""},"tablet":{"background-color":"var(--ast-global-color-5)","background-image":"","background-repeat":"repeat","background-position":"center center","background-size":"auto","background-attachment":"scroll","background-type":"","background-media":"","overlay-type":"","overlay-color":"","overlay-opacity":"","overlay-gradient":""},"mobile":{"background-color":"var(--ast-global-color-5)","background-image":"","background-repeat":"repeat","background-position":"center center","background-size":"auto","background-attachment":"scroll","background-type":"","background-media":"","overlay-type":"","overlay-color":"","overlay-opacity":"","overlay-gradient":""}},"footnotes":""},"categories":[325,1,29],"tags":[],"class_list":["post-5581","post","type-post","status-publish","format-standard","has-post-thumbnail","hentry","category-aula-dacollida","category-general","category-portada"],"post_mailing_queue_ids":[],"_links":{"self":[{"href":"https:\/\/agora.xtec.cat\/iesterraalta\/wp-json\/wp\/v2\/posts\/5581","targetHints":{"allow":["GET"]}}],"collection":[{"href":"https:\/\/agora.xtec.cat\/iesterraalta\/wp-json\/wp\/v2\/posts"}],"about":[{"href":"https:\/\/agora.xtec.cat\/iesterraalta\/wp-json\/wp\/v2\/types\/post"}],"author":[{"embeddable":true,"href":"https:\/\/agora.xtec.cat\/iesterraalta\/wp-json\/wp\/v2\/users\/1"}],"replies":[{"embeddable":true,"href":"https:\/\/agora.xtec.cat\/iesterraalta\/wp-json\/wp\/v2\/comments?post=5581"}],"version-history":[{"count":1,"href":"https:\/\/agora.xtec.cat\/iesterraalta\/wp-json\/wp\/v2\/posts\/5581\/revisions"}],"predecessor-version":[{"id":5587,"href":"https:\/\/agora.xtec.cat\/iesterraalta\/wp-json\/wp\/v2\/posts\/5581\/revisions\/5587"}],"wp:featuredmedia":[{"embeddable":true,"href":"https:\/\/agora.xtec.cat\/iesterraalta\/wp-json\/wp\/v2\/media\/5584"}],"wp:attachment":[{"href":"https:\/\/agora.xtec.cat\/iesterraalta\/wp-json\/wp\/v2\/media?parent=5581"}],"wp:term":[{"taxonomy":"category","embeddable":true,"href":"https:\/\/agora.xtec.cat\/iesterraalta\/wp-json\/wp\/v2\/categories?post=5581"},{"taxonomy":"post_tag","embeddable":true,"href":"https:\/\/agora.xtec.cat\/iesterraalta\/wp-json\/wp\/v2\/tags?post=5581"}],"curies":[{"name":"wp","href":"https:\/\/api.w.org\/{rel}","templated":true}]}}