{"id":5347,"date":"2024-02-01T13:52:10","date_gmt":"2024-02-01T12:52:10","guid":{"rendered":"https:\/\/agora.xtec.cat\/iesterraalta\/?p=5347"},"modified":"2024-02-01T13:56:32","modified_gmt":"2024-02-01T12:56:32","slug":"dia-internacional-en-memoria-de-les-victimes-de-lholocaust","status":"publish","type":"post","link":"https:\/\/agora.xtec.cat\/iesterraalta\/general\/dia-internacional-en-memoria-de-les-victimes-de-lholocaust\/","title":{"rendered":"DIA INTERNACIONAL EN MEM\u00d2RIA DE LES V\u00cdCTIMES DE L&#8217;HOLOCAUST"},"content":{"rendered":"<p>El dimecres 31 de gener, els alumnes de 1r de Batxillerat B van participar en els actes del Dia Internacional en Mem\u00f2ria de les V\u00edctimes de l&#8217;Holocaust que cada any commemora el 27 de gener de 1945, dia de l&#8217;alliberament del camp d&#8217;Auschwitz. Aquest any ha tingut lloc a Flix, municipi que ha acollit el projecte d&#8217;aquest any anomenat &#8220;La fragilitat de la llibertat&#8221;. El nostre alumnat pr\u00e8viament havia col\u00b7laborat en aquest projecte, treballant un personatge de la resist\u00e8ncia contra els nazis, concretament, Dietrich Bonhoeffer, un pastor protestant alemany que va salvar la vida de molts jueus i va treballar per a la resist\u00e8ncia, sent assassinat pels nazis als 39 anys d&#8217;edat, poc abans de l&#8217;alliberament. A partir de les fitxes biogr\u00e0fiques dels personatges que l&#8217;alumnat ha confeccionat i de les quals han llegit uns fragments, l&#8217;artista Roc Blackblock ha creat un mural al casc urb\u00e0 de Flix, que hem pogut admirar i que ens ha sorpr\u00e8s per la seva qualitat art\u00edstica i humana. A l&#8217;acte hi ha acudit centres de secund\u00e0ria de tot Catalunya, amb especial pres\u00e8ncia de molts instituts de les Terres de l&#8217;Ebre, tots plegats coordinats per la xarxa DEMD de Catalunya, impulsora amb altres institucions de la Mem\u00f2ria Democr\u00e0tica en el nostre territori. Traslladem el nostre agra\u00efment a tothom qui ha fet possible un dia tan especial i de tanta trascend\u00e8ncia en l&#8217;educaci\u00f3 per la pau, moltes gr\u00e0cies.<\/p>\n<p><a href=\"https:\/\/agora.xtec.cat\/iesterraalta\/wp-content\/uploads\/usu564\/2024\/02\/Dia_Internacional_Victimes_Holocaust_2.jpg\"><img loading=\"lazy\" decoding=\"async\" class=\"aligncenter size-large wp-image-5349\" src=\"https:\/\/agora.xtec.cat\/iesterraalta\/wp-content\/uploads\/usu564\/2024\/02\/Dia_Internacional_Victimes_Holocaust_2-664x1024.jpg\" alt=\"\" width=\"664\" height=\"1024\" srcset=\"https:\/\/agora.xtec.cat\/iesterraalta\/wp-content\/uploads\/usu564\/2024\/02\/Dia_Internacional_Victimes_Holocaust_2-664x1024.jpg 664w, https:\/\/agora.xtec.cat\/iesterraalta\/wp-content\/uploads\/usu564\/2024\/02\/Dia_Internacional_Victimes_Holocaust_2-195x300.jpg 195w, https:\/\/agora.xtec.cat\/iesterraalta\/wp-content\/uploads\/usu564\/2024\/02\/Dia_Internacional_Victimes_Holocaust_2-768x1184.jpg 768w, https:\/\/agora.xtec.cat\/iesterraalta\/wp-content\/uploads\/usu564\/2024\/02\/Dia_Internacional_Victimes_Holocaust_2.jpg 891w\" sizes=\"auto, (max-width: 664px) 100vw, 664px\" \/><\/a><\/p>\n<p><a href=\"https:\/\/agora.xtec.cat\/iesterraalta\/wp-content\/uploads\/usu564\/2024\/02\/Dia_Internacional_Victimes_Holocaust_1.jpg\"><img loading=\"lazy\" decoding=\"async\" class=\"aligncenter size-large wp-image-5350\" src=\"https:\/\/agora.xtec.cat\/iesterraalta\/wp-content\/uploads\/usu564\/2024\/02\/Dia_Internacional_Victimes_Holocaust_1-1024x896.jpg\" alt=\"\" width=\"1024\" height=\"896\" srcset=\"https:\/\/agora.xtec.cat\/iesterraalta\/wp-content\/uploads\/usu564\/2024\/02\/Dia_Internacional_Victimes_Holocaust_1-1024x896.jpg 1024w, https:\/\/agora.xtec.cat\/iesterraalta\/wp-content\/uploads\/usu564\/2024\/02\/Dia_Internacional_Victimes_Holocaust_1-300x262.jpg 300w, https:\/\/agora.xtec.cat\/iesterraalta\/wp-content\/uploads\/usu564\/2024\/02\/Dia_Internacional_Victimes_Holocaust_1-768x672.jpg 768w, https:\/\/agora.xtec.cat\/iesterraalta\/wp-content\/uploads\/usu564\/2024\/02\/Dia_Internacional_Victimes_Holocaust_1.jpg 1262w\" sizes=\"auto, (max-width: 1024px) 100vw, 1024px\" \/><\/a><\/p>\n","protected":false},"excerpt":{"rendered":"<p>El dimecres 31 de gener, els alumnes de 1r de Batxillerat B van participar en els actes del Dia Internacional en Mem\u00f2ria de les V\u00edctimes de l&#8217;Holocaust que cada any commemora el 27 de gener de 1945, dia de l&#8217;alliberament del camp d&#8217;Auschwitz. Aquest any ha tingut lloc a Flix, municipi que ha acollit el [&hellip;]<\/p>\n","protected":false},"author":1,"featured_media":5350,"comment_status":"open","ping_status":"closed","sticky":false,"template":"","format":"standard","meta":{"_bbp_topic_count":0,"_bbp_reply_count":0,"_bbp_total_topic_count":0,"_bbp_total_reply_count":0,"_bbp_voice_count":0,"_bbp_anonymous_reply_count":0,"_bbp_topic_count_hidden":0,"_bbp_reply_count_hidden":0,"_bbp_forum_subforum_count":0,"site-sidebar-layout":"default","site-content-layout":"","ast-site-content-layout":"","site-content-style":"default","site-sidebar-style":"default","ast-global-header-display":"","ast-banner-title-visibility":"","ast-main-header-display":"","ast-hfb-above-header-display":"","ast-hfb-below-header-display":"","ast-hfb-mobile-header-display":"","site-post-title":"","ast-breadcrumbs-content":"","ast-featured-img":"","footer-sml-layout":"","theme-transparent-header-meta":"","adv-header-id-meta":"","stick-header-meta":"","header-above-stick-meta":"","header-main-stick-meta":"","header-below-stick-meta":"","astra-migrate-meta-layouts":"default","ast-page-background-enabled":"default","ast-page-background-meta":{"desktop":{"background-color":"var(--ast-global-color-4)","background-image":"","background-repeat":"repeat","background-position":"center center","background-size":"auto","background-attachment":"scroll","background-type":"","background-media":"","overlay-type":"","overlay-color":"","overlay-opacity":"","overlay-gradient":""},"tablet":{"background-color":"","background-image":"","background-repeat":"repeat","background-position":"center center","background-size":"auto","background-attachment":"scroll","background-type":"","background-media":"","overlay-type":"","overlay-color":"","overlay-opacity":"","overlay-gradient":""},"mobile":{"background-color":"","background-image":"","background-repeat":"repeat","background-position":"center center","background-size":"auto","background-attachment":"scroll","background-type":"","background-media":"","overlay-type":"","overlay-color":"","overlay-opacity":"","overlay-gradient":""}},"ast-content-background-meta":{"desktop":{"background-color":"var(--ast-global-color-5)","background-image":"","background-repeat":"repeat","background-position":"center center","background-size":"auto","background-attachment":"scroll","background-type":"","background-media":"","overlay-type":"","overlay-color":"","overlay-opacity":"","overlay-gradient":""},"tablet":{"background-color":"var(--ast-global-color-5)","background-image":"","background-repeat":"repeat","background-position":"center center","background-size":"auto","background-attachment":"scroll","background-type":"","background-media":"","overlay-type":"","overlay-color":"","overlay-opacity":"","overlay-gradient":""},"mobile":{"background-color":"var(--ast-global-color-5)","background-image":"","background-repeat":"repeat","background-position":"center center","background-size":"auto","background-attachment":"scroll","background-type":"","background-media":"","overlay-type":"","overlay-color":"","overlay-opacity":"","overlay-gradient":""}},"footnotes":""},"categories":[8,1,29],"tags":[133],"class_list":["post-5347","post","type-post","status-publish","format-standard","has-post-thumbnail","hentry","category-batxillerat","category-general","category-portada","tag-memoria-historica"],"post_mailing_queue_ids":[],"_links":{"self":[{"href":"https:\/\/agora.xtec.cat\/iesterraalta\/wp-json\/wp\/v2\/posts\/5347","targetHints":{"allow":["GET"]}}],"collection":[{"href":"https:\/\/agora.xtec.cat\/iesterraalta\/wp-json\/wp\/v2\/posts"}],"about":[{"href":"https:\/\/agora.xtec.cat\/iesterraalta\/wp-json\/wp\/v2\/types\/post"}],"author":[{"embeddable":true,"href":"https:\/\/agora.xtec.cat\/iesterraalta\/wp-json\/wp\/v2\/users\/1"}],"replies":[{"embeddable":true,"href":"https:\/\/agora.xtec.cat\/iesterraalta\/wp-json\/wp\/v2\/comments?post=5347"}],"version-history":[{"count":1,"href":"https:\/\/agora.xtec.cat\/iesterraalta\/wp-json\/wp\/v2\/posts\/5347\/revisions"}],"predecessor-version":[{"id":5351,"href":"https:\/\/agora.xtec.cat\/iesterraalta\/wp-json\/wp\/v2\/posts\/5347\/revisions\/5351"}],"wp:featuredmedia":[{"embeddable":true,"href":"https:\/\/agora.xtec.cat\/iesterraalta\/wp-json\/wp\/v2\/media\/5350"}],"wp:attachment":[{"href":"https:\/\/agora.xtec.cat\/iesterraalta\/wp-json\/wp\/v2\/media?parent=5347"}],"wp:term":[{"taxonomy":"category","embeddable":true,"href":"https:\/\/agora.xtec.cat\/iesterraalta\/wp-json\/wp\/v2\/categories?post=5347"},{"taxonomy":"post_tag","embeddable":true,"href":"https:\/\/agora.xtec.cat\/iesterraalta\/wp-json\/wp\/v2\/tags?post=5347"}],"curies":[{"name":"wp","href":"https:\/\/api.w.org\/{rel}","templated":true}]}}