{"id":4688,"date":"2023-06-16T11:56:25","date_gmt":"2023-06-16T09:56:25","guid":{"rendered":"https:\/\/agora.xtec.cat\/iesterraalta\/?p=4688"},"modified":"2023-06-16T11:56:25","modified_gmt":"2023-06-16T09:56:25","slug":"treball-de-sintesi-3r-eso-els-secrets-del-cel-del-montsec","status":"publish","type":"post","link":"https:\/\/agora.xtec.cat\/iesterraalta\/general\/treball-de-sintesi-3r-eso-els-secrets-del-cel-del-montsec\/","title":{"rendered":"Treball de S\u00edntesi 3r ESO Els Secrets del Cel del Montsec"},"content":{"rendered":"<p>Els passats 6 i 7 de juny l&#8217;alumnat de 3r ESO va realitzar l&#8217;estada a l&#8217;alberg de Tremp dins del projecte final de curs: el Treball de S\u00edntesi. En aquesta edici\u00f3 hem estrenat el tema &#8220;Els Secrets del Cel del Montsec. Aquest treball de s\u00edntesi ens ha perm\u00e8s, a trav\u00e9s de l\u2019observatori astron\u00f2mic d&#8217;\u00c0ger i els diferents tallers realitzats a l&#8217;alberg, mirar m\u00e9s enll\u00e0 del nostre planeta i donar resposta a l&#8217;eterna preocupaci\u00f3 de l&#8217;\u00e9sser hum\u00e0 pels misteris de l\u2019univers.<\/p>\n<p>Per altra banda, ens ha perm\u00e8s prendre consci\u00e8ncia de la nostra realitat immediata a trav\u00e9s de l\u2019observatori meteorol\u00f2gic i comprovar la import\u00e0ncia de l\u2019observaci\u00f3 i els seus efectes en sectors com l\u2019agricultura, l\u2019aviaci\u00f3, la n\u00e0utica i, fins i tot, la medicina i l&#8217;arquitectura.<\/p>\n<p>Tamb\u00e9 hem treballat, com Escola Verda que som, la conscienciaci\u00f3 sobre la responsabilitat i la import\u00e0ncia de fer un consum energ\u00e8tic m\u00e9s sostenible per poder assegurar-nos un futur no pas m\u00e9s enll\u00e0 del nostre estimat planeta Terra.<\/p>\n<div class=\"ast-oembed-container \" style=\"height: 100%;\"><iframe loading=\"lazy\" title=\"Treball de S\u00edntesi 3r ESO Els Secrets del Cel del Montsec\" width=\"500\" height=\"281\" src=\"https:\/\/www.youtube.com\/embed\/4c_0AwjdW4o?feature=oembed\" frameborder=\"0\" allow=\"accelerometer; autoplay; clipboard-write; encrypted-media; gyroscope; picture-in-picture; web-share\" referrerpolicy=\"strict-origin-when-cross-origin\" allowfullscreen><\/iframe><\/div>\n","protected":false},"excerpt":{"rendered":"<p>Els passats 6 i 7 de juny l&#8217;alumnat de 3r ESO va realitzar l&#8217;estada a l&#8217;alberg de Tremp dins del projecte final de curs: el Treball de S\u00edntesi. En aquesta edici\u00f3 hem estrenat el tema &#8220;Els Secrets del Cel del Montsec. Aquest treball de s\u00edntesi ens ha perm\u00e8s, a trav\u00e9s de l\u2019observatori astron\u00f2mic d&#8217;\u00c0ger i [&hellip;]<\/p>\n","protected":false},"author":1,"featured_media":4646,"comment_status":"open","ping_status":"closed","sticky":false,"template":"","format":"standard","meta":{"_bbp_topic_count":0,"_bbp_reply_count":0,"_bbp_total_topic_count":0,"_bbp_total_reply_count":0,"_bbp_voice_count":0,"_bbp_anonymous_reply_count":0,"_bbp_topic_count_hidden":0,"_bbp_reply_count_hidden":0,"_bbp_forum_subforum_count":0,"site-sidebar-layout":"default","site-content-layout":"","ast-site-content-layout":"","site-content-style":"default","site-sidebar-style":"default","ast-global-header-display":"","ast-banner-title-visibility":"","ast-main-header-display":"","ast-hfb-above-header-display":"","ast-hfb-below-header-display":"","ast-hfb-mobile-header-display":"","site-post-title":"","ast-breadcrumbs-content":"","ast-featured-img":"","footer-sml-layout":"","theme-transparent-header-meta":"","adv-header-id-meta":"","stick-header-meta":"","header-above-stick-meta":"","header-main-stick-meta":"","header-below-stick-meta":"","astra-migrate-meta-layouts":"default","ast-page-background-enabled":"default","ast-page-background-meta":{"desktop":{"background-color":"var(--ast-global-color-4)","background-image":"","background-repeat":"repeat","background-position":"center center","background-size":"auto","background-attachment":"scroll","background-type":"","background-media":"","overlay-type":"","overlay-color":"","overlay-opacity":"","overlay-gradient":""},"tablet":{"background-color":"","background-image":"","background-repeat":"repeat","background-position":"center center","background-size":"auto","background-attachment":"scroll","background-type":"","background-media":"","overlay-type":"","overlay-color":"","overlay-opacity":"","overlay-gradient":""},"mobile":{"background-color":"","background-image":"","background-repeat":"repeat","background-position":"center center","background-size":"auto","background-attachment":"scroll","background-type":"","background-media":"","overlay-type":"","overlay-color":"","overlay-opacity":"","overlay-gradient":""}},"ast-content-background-meta":{"desktop":{"background-color":"var(--ast-global-color-5)","background-image":"","background-repeat":"repeat","background-position":"center center","background-size":"auto","background-attachment":"scroll","background-type":"","background-media":"","overlay-type":"","overlay-color":"","overlay-opacity":"","overlay-gradient":""},"tablet":{"background-color":"var(--ast-global-color-5)","background-image":"","background-repeat":"repeat","background-position":"center center","background-size":"auto","background-attachment":"scroll","background-type":"","background-media":"","overlay-type":"","overlay-color":"","overlay-opacity":"","overlay-gradient":""},"mobile":{"background-color":"var(--ast-global-color-5)","background-image":"","background-repeat":"repeat","background-position":"center center","background-size":"auto","background-attachment":"scroll","background-type":"","background-media":"","overlay-type":"","overlay-color":"","overlay-opacity":"","overlay-gradient":""}},"footnotes":""},"categories":[6,1,29],"tags":[213],"class_list":["post-4688","post","type-post","status-publish","format-standard","has-post-thumbnail","hentry","category-eso-3","category-general","category-portada","tag-eso"],"post_mailing_queue_ids":[],"_links":{"self":[{"href":"https:\/\/agora.xtec.cat\/iesterraalta\/wp-json\/wp\/v2\/posts\/4688","targetHints":{"allow":["GET"]}}],"collection":[{"href":"https:\/\/agora.xtec.cat\/iesterraalta\/wp-json\/wp\/v2\/posts"}],"about":[{"href":"https:\/\/agora.xtec.cat\/iesterraalta\/wp-json\/wp\/v2\/types\/post"}],"author":[{"embeddable":true,"href":"https:\/\/agora.xtec.cat\/iesterraalta\/wp-json\/wp\/v2\/users\/1"}],"replies":[{"embeddable":true,"href":"https:\/\/agora.xtec.cat\/iesterraalta\/wp-json\/wp\/v2\/comments?post=4688"}],"version-history":[{"count":1,"href":"https:\/\/agora.xtec.cat\/iesterraalta\/wp-json\/wp\/v2\/posts\/4688\/revisions"}],"predecessor-version":[{"id":4689,"href":"https:\/\/agora.xtec.cat\/iesterraalta\/wp-json\/wp\/v2\/posts\/4688\/revisions\/4689"}],"wp:featuredmedia":[{"embeddable":true,"href":"https:\/\/agora.xtec.cat\/iesterraalta\/wp-json\/wp\/v2\/media\/4646"}],"wp:attachment":[{"href":"https:\/\/agora.xtec.cat\/iesterraalta\/wp-json\/wp\/v2\/media?parent=4688"}],"wp:term":[{"taxonomy":"category","embeddable":true,"href":"https:\/\/agora.xtec.cat\/iesterraalta\/wp-json\/wp\/v2\/categories?post=4688"},{"taxonomy":"post_tag","embeddable":true,"href":"https:\/\/agora.xtec.cat\/iesterraalta\/wp-json\/wp\/v2\/tags?post=4688"}],"curies":[{"name":"wp","href":"https:\/\/api.w.org\/{rel}","templated":true}]}}