{"id":4661,"date":"2023-06-16T11:27:32","date_gmt":"2023-06-16T09:27:32","guid":{"rendered":"https:\/\/agora.xtec.cat\/iesterraalta\/?p=4661"},"modified":"2023-06-22T12:51:55","modified_gmt":"2023-06-22T10:51:55","slug":"orientacio-academica-i-professional-4t-deso-22-23","status":"publish","type":"post","link":"https:\/\/agora.xtec.cat\/iesterraalta\/general\/orientacio-academica-i-professional-4t-deso-22-23\/","title":{"rendered":"Orientaci\u00f3 Acad\u00e8mica i Professional 4t d&#8217;ESO 22-23"},"content":{"rendered":"<p>Al llarg de tot el curs, l&#8217;alumnat de 4t d&#8217;ESO ha participat al projecte d&#8217;Orientaci\u00f3 Acad\u00e8mica i Professional de final d&#8217;etapa, coordinat pel Departament d&#8217;Orientaci\u00f3 Educativa de l&#8217;institut.<\/p>\n<p>El projecte ha constat de diverses activitats: sessions grupals, assessorament i orientaci\u00f3 individual i visita als cicles formatius del centre.<\/p>\n<p>Tamb\u00e9, com a novetat, s&#8217;ha organitzat la 1a Roda de les Professions, durant la qual professionals de diversos \u00e0mbits i sectors han realitzat xerrades a l&#8217;alumnat per tal d&#8217;acostar-los el m\u00f3n laboral, resoldre dubtes, explicar les seves traject\u00f2ries professionals i encoratjar-los a seguir formant-se. Aquestes xerrades es van obrir a la participaci\u00f3 de pares i mares de l&#8217;alumnat de 4t d&#8217;ESO per tal d&#8217;implicar a les fam\u00edlies en aquest projecte. La valoraci\u00f3 d&#8217;aquesta activitat ha estat molt positiva, ja que les xerrades han estat molt enriquidores i motivadores per a l&#8217;alumnat. Els professionals que ens han visitat han estat:<\/p>\n<p>&#8211; Maite Garde, arquitecta t\u00e8cnica de la Central Nuclear d&#8217;Asc\u00f3 i mare d&#8217;una alumna de 4t d&#8217;ESO<\/p>\n<p>&#8211; Ma Jes\u00fas Riba, mosso d&#8217;esquadra de la comissaria de Gandesa<\/p>\n<p>&#8211; Carlos Cervera, llicenciat en ADE i gerent de l&#8217;empresa de turisme actiu Matarranya Aventura<\/p>\n<p>&#8211; Sergi Baijet, guia de muntanya i gerent de l&#8217;empresa de turisme actiu Les Roques Natura<\/p>\n<p>&#8211; Lycenia Curtido, administrativa Celler Her\u00e8ncia Alt\u00e9s.<\/p>\n<p>Des del Departament d&#8217;Orientaci\u00f3 Educativa encoratgem a les fam\u00edlies a participar m\u00e9s a les properes edicions de la Roda de les Professions, perqu\u00e8 considerem que s\u00f3n una part fonamental en el proc\u00e9s de tria i en la continu\u00eftat formativa dels seus fills i filles.<\/p>\n<p><a href=\"https:\/\/agora.xtec.cat\/iesterraalta\/wp-content\/uploads\/usu564\/2023\/06\/Xerrada-Ma-Jesus-Riba.jpg\"><img loading=\"lazy\" decoding=\"async\" class=\"aligncenter size-large wp-image-4753\" src=\"https:\/\/agora.xtec.cat\/iesterraalta\/wp-content\/uploads\/usu564\/2023\/06\/Xerrada-Ma-Jesus-Riba-1024x828.jpg\" alt=\"\" width=\"1024\" height=\"828\" srcset=\"https:\/\/agora.xtec.cat\/iesterraalta\/wp-content\/uploads\/usu564\/2023\/06\/Xerrada-Ma-Jesus-Riba-1024x828.jpg 1024w, https:\/\/agora.xtec.cat\/iesterraalta\/wp-content\/uploads\/usu564\/2023\/06\/Xerrada-Ma-Jesus-Riba-300x242.jpg 300w, https:\/\/agora.xtec.cat\/iesterraalta\/wp-content\/uploads\/usu564\/2023\/06\/Xerrada-Ma-Jesus-Riba-768x621.jpg 768w, https:\/\/agora.xtec.cat\/iesterraalta\/wp-content\/uploads\/usu564\/2023\/06\/Xerrada-Ma-Jesus-Riba-1536x1241.jpg 1536w, https:\/\/agora.xtec.cat\/iesterraalta\/wp-content\/uploads\/usu564\/2023\/06\/Xerrada-Ma-Jesus-Riba.jpg 2048w\" sizes=\"auto, (max-width: 1024px) 100vw, 1024px\" \/><\/a><\/p>\n<p><a href=\"https:\/\/agora.xtec.cat\/iesterraalta\/wp-content\/uploads\/usu564\/2023\/06\/Visita-CFGM-Gestio-Administrativa.jpg\"><img loading=\"lazy\" decoding=\"async\" class=\"aligncenter size-large wp-image-4754\" src=\"https:\/\/agora.xtec.cat\/iesterraalta\/wp-content\/uploads\/usu564\/2023\/06\/Visita-CFGM-Gestio-Administrativa-1024x769.jpg\" alt=\"\" width=\"1024\" height=\"769\" srcset=\"https:\/\/agora.xtec.cat\/iesterraalta\/wp-content\/uploads\/usu564\/2023\/06\/Visita-CFGM-Gestio-Administrativa-1024x769.jpg 1024w, https:\/\/agora.xtec.cat\/iesterraalta\/wp-content\/uploads\/usu564\/2023\/06\/Visita-CFGM-Gestio-Administrativa-300x225.jpg 300w, https:\/\/agora.xtec.cat\/iesterraalta\/wp-content\/uploads\/usu564\/2023\/06\/Visita-CFGM-Gestio-Administrativa-768x577.jpg 768w, https:\/\/agora.xtec.cat\/iesterraalta\/wp-content\/uploads\/usu564\/2023\/06\/Visita-CFGM-Gestio-Administrativa-1536x1154.jpg 1536w, https:\/\/agora.xtec.cat\/iesterraalta\/wp-content\/uploads\/usu564\/2023\/06\/Visita-CFGM-Gestio-Administrativa-200x150.jpg 200w, https:\/\/agora.xtec.cat\/iesterraalta\/wp-content\/uploads\/usu564\/2023\/06\/Visita-CFGM-Gestio-Administrativa.jpg 2048w\" sizes=\"auto, (max-width: 1024px) 100vw, 1024px\" \/><\/a><\/p>\n<p><a href=\"https:\/\/agora.xtec.cat\/iesterraalta\/wp-content\/uploads\/usu564\/2023\/06\/Xerrada-Carlos-Cervera-i-Sergi-Baijet.jpg\"><img loading=\"lazy\" decoding=\"async\" class=\"aligncenter size-large wp-image-4755\" src=\"https:\/\/agora.xtec.cat\/iesterraalta\/wp-content\/uploads\/usu564\/2023\/06\/Xerrada-Carlos-Cervera-i-Sergi-Baijet-1024x646.jpg\" alt=\"\" width=\"1024\" height=\"646\" srcset=\"https:\/\/agora.xtec.cat\/iesterraalta\/wp-content\/uploads\/usu564\/2023\/06\/Xerrada-Carlos-Cervera-i-Sergi-Baijet-1024x646.jpg 1024w, https:\/\/agora.xtec.cat\/iesterraalta\/wp-content\/uploads\/usu564\/2023\/06\/Xerrada-Carlos-Cervera-i-Sergi-Baijet-300x189.jpg 300w, https:\/\/agora.xtec.cat\/iesterraalta\/wp-content\/uploads\/usu564\/2023\/06\/Xerrada-Carlos-Cervera-i-Sergi-Baijet-768x484.jpg 768w, https:\/\/agora.xtec.cat\/iesterraalta\/wp-content\/uploads\/usu564\/2023\/06\/Xerrada-Carlos-Cervera-i-Sergi-Baijet-1536x968.jpg 1536w, https:\/\/agora.xtec.cat\/iesterraalta\/wp-content\/uploads\/usu564\/2023\/06\/Xerrada-Carlos-Cervera-i-Sergi-Baijet.jpg 2048w\" sizes=\"auto, (max-width: 1024px) 100vw, 1024px\" \/><\/a><\/p>\n<p><a href=\"https:\/\/agora.xtec.cat\/iesterraalta\/wp-content\/uploads\/usu564\/2023\/06\/Visita-CFGM-Manteniment-electromecanic.jpg\"><img loading=\"lazy\" decoding=\"async\" class=\"aligncenter size-large wp-image-4756\" src=\"https:\/\/agora.xtec.cat\/iesterraalta\/wp-content\/uploads\/usu564\/2023\/06\/Visita-CFGM-Manteniment-electromecanic-1024x769.jpg\" alt=\"\" width=\"1024\" height=\"769\" srcset=\"https:\/\/agora.xtec.cat\/iesterraalta\/wp-content\/uploads\/usu564\/2023\/06\/Visita-CFGM-Manteniment-electromecanic-1024x769.jpg 1024w, https:\/\/agora.xtec.cat\/iesterraalta\/wp-content\/uploads\/usu564\/2023\/06\/Visita-CFGM-Manteniment-electromecanic-300x225.jpg 300w, https:\/\/agora.xtec.cat\/iesterraalta\/wp-content\/uploads\/usu564\/2023\/06\/Visita-CFGM-Manteniment-electromecanic-768x577.jpg 768w, https:\/\/agora.xtec.cat\/iesterraalta\/wp-content\/uploads\/usu564\/2023\/06\/Visita-CFGM-Manteniment-electromecanic-1536x1154.jpg 1536w, https:\/\/agora.xtec.cat\/iesterraalta\/wp-content\/uploads\/usu564\/2023\/06\/Visita-CFGM-Manteniment-electromecanic-200x150.jpg 200w, https:\/\/agora.xtec.cat\/iesterraalta\/wp-content\/uploads\/usu564\/2023\/06\/Visita-CFGM-Manteniment-electromecanic.jpg 2048w\" sizes=\"auto, (max-width: 1024px) 100vw, 1024px\" \/><\/a><\/p>\n<p><a href=\"https:\/\/agora.xtec.cat\/iesterraalta\/wp-content\/uploads\/usu564\/2023\/06\/BONA-Presentacio-Pla-Orientacio-22-23.png\"><img loading=\"lazy\" decoding=\"async\" class=\"aligncenter size-large wp-image-4757\" src=\"https:\/\/agora.xtec.cat\/iesterraalta\/wp-content\/uploads\/usu564\/2023\/06\/BONA-Presentacio-Pla-Orientacio-22-23.png\" alt=\"\" width=\"960\" height=\"540\" srcset=\"https:\/\/agora.xtec.cat\/iesterraalta\/wp-content\/uploads\/usu564\/2023\/06\/BONA-Presentacio-Pla-Orientacio-22-23.png 960w, https:\/\/agora.xtec.cat\/iesterraalta\/wp-content\/uploads\/usu564\/2023\/06\/BONA-Presentacio-Pla-Orientacio-22-23-300x169.png 300w, https:\/\/agora.xtec.cat\/iesterraalta\/wp-content\/uploads\/usu564\/2023\/06\/BONA-Presentacio-Pla-Orientacio-22-23-768x432.png 768w\" sizes=\"auto, (max-width: 960px) 100vw, 960px\" \/><\/a><\/p>\n<p><a href=\"https:\/\/agora.xtec.cat\/iesterraalta\/wp-content\/uploads\/usu564\/2023\/06\/Xerrada-Ma-Jesus-Riba-2.jpg\"><img loading=\"lazy\" decoding=\"async\" class=\"aligncenter size-large wp-image-4758\" src=\"https:\/\/agora.xtec.cat\/iesterraalta\/wp-content\/uploads\/usu564\/2023\/06\/Xerrada-Ma-Jesus-Riba-2-660x1024.jpg\" alt=\"\" width=\"660\" height=\"1024\" srcset=\"https:\/\/agora.xtec.cat\/iesterraalta\/wp-content\/uploads\/usu564\/2023\/06\/Xerrada-Ma-Jesus-Riba-2-660x1024.jpg 660w, https:\/\/agora.xtec.cat\/iesterraalta\/wp-content\/uploads\/usu564\/2023\/06\/Xerrada-Ma-Jesus-Riba-2-193x300.jpg 193w, https:\/\/agora.xtec.cat\/iesterraalta\/wp-content\/uploads\/usu564\/2023\/06\/Xerrada-Ma-Jesus-Riba-2-768x1192.jpg 768w, https:\/\/agora.xtec.cat\/iesterraalta\/wp-content\/uploads\/usu564\/2023\/06\/Xerrada-Ma-Jesus-Riba-2.jpg 921w\" sizes=\"auto, (max-width: 660px) 100vw, 660px\" \/><\/a><\/p>\n<p><a href=\"https:\/\/agora.xtec.cat\/iesterraalta\/wp-content\/uploads\/usu564\/2023\/06\/Xerrada-Maite-Garde.jpg\"><img loading=\"lazy\" decoding=\"async\" class=\"aligncenter size-large wp-image-4759\" src=\"https:\/\/agora.xtec.cat\/iesterraalta\/wp-content\/uploads\/usu564\/2023\/06\/Xerrada-Maite-Garde-1024x461.jpg\" alt=\"\" width=\"1024\" height=\"461\" srcset=\"https:\/\/agora.xtec.cat\/iesterraalta\/wp-content\/uploads\/usu564\/2023\/06\/Xerrada-Maite-Garde-1024x461.jpg 1024w, https:\/\/agora.xtec.cat\/iesterraalta\/wp-content\/uploads\/usu564\/2023\/06\/Xerrada-Maite-Garde-300x135.jpg 300w, https:\/\/agora.xtec.cat\/iesterraalta\/wp-content\/uploads\/usu564\/2023\/06\/Xerrada-Maite-Garde-768x346.jpg 768w, https:\/\/agora.xtec.cat\/iesterraalta\/wp-content\/uploads\/usu564\/2023\/06\/Xerrada-Maite-Garde.jpg 1287w\" sizes=\"auto, (max-width: 1024px) 100vw, 1024px\" \/><\/a><\/p>\n","protected":false},"excerpt":{"rendered":"<p>Al llarg de tot el curs, l&#8217;alumnat de 4t d&#8217;ESO ha participat al projecte d&#8217;Orientaci\u00f3 Acad\u00e8mica i Professional de final d&#8217;etapa, coordinat pel Departament d&#8217;Orientaci\u00f3 Educativa de l&#8217;institut. El projecte ha constat de diverses activitats: sessions grupals, assessorament i orientaci\u00f3 individual i visita als cicles formatius del centre. Tamb\u00e9, com a novetat, s&#8217;ha organitzat la [&hellip;]<\/p>\n","protected":false},"author":1,"featured_media":4757,"comment_status":"open","ping_status":"closed","sticky":false,"template":"","format":"standard","meta":{"_bbp_topic_count":0,"_bbp_reply_count":0,"_bbp_total_topic_count":0,"_bbp_total_reply_count":0,"_bbp_voice_count":0,"_bbp_anonymous_reply_count":0,"_bbp_topic_count_hidden":0,"_bbp_reply_count_hidden":0,"_bbp_forum_subforum_count":0,"site-sidebar-layout":"default","site-content-layout":"","ast-site-content-layout":"","site-content-style":"default","site-sidebar-style":"default","ast-global-header-display":"","ast-banner-title-visibility":"","ast-main-header-display":"","ast-hfb-above-header-display":"","ast-hfb-below-header-display":"","ast-hfb-mobile-header-display":"","site-post-title":"","ast-breadcrumbs-content":"","ast-featured-img":"","footer-sml-layout":"","theme-transparent-header-meta":"","adv-header-id-meta":"","stick-header-meta":"","header-above-stick-meta":"","header-main-stick-meta":"","header-below-stick-meta":"","astra-migrate-meta-layouts":"default","ast-page-background-enabled":"default","ast-page-background-meta":{"desktop":{"background-color":"var(--ast-global-color-4)","background-image":"","background-repeat":"repeat","background-position":"center center","background-size":"auto","background-attachment":"scroll","background-type":"","background-media":"","overlay-type":"","overlay-color":"","overlay-opacity":"","overlay-gradient":""},"tablet":{"background-color":"","background-image":"","background-repeat":"repeat","background-position":"center center","background-size":"auto","background-attachment":"scroll","background-type":"","background-media":"","overlay-type":"","overlay-color":"","overlay-opacity":"","overlay-gradient":""},"mobile":{"background-color":"","background-image":"","background-repeat":"repeat","background-position":"center center","background-size":"auto","background-attachment":"scroll","background-type":"","background-media":"","overlay-type":"","overlay-color":"","overlay-opacity":"","overlay-gradient":""}},"ast-content-background-meta":{"desktop":{"background-color":"var(--ast-global-color-5)","background-image":"","background-repeat":"repeat","background-position":"center center","background-size":"auto","background-attachment":"scroll","background-type":"","background-media":"","overlay-type":"","overlay-color":"","overlay-opacity":"","overlay-gradient":""},"tablet":{"background-color":"var(--ast-global-color-5)","background-image":"","background-repeat":"repeat","background-position":"center center","background-size":"auto","background-attachment":"scroll","background-type":"","background-media":"","overlay-type":"","overlay-color":"","overlay-opacity":"","overlay-gradient":""},"mobile":{"background-color":"var(--ast-global-color-5)","background-image":"","background-repeat":"repeat","background-position":"center center","background-size":"auto","background-attachment":"scroll","background-type":"","background-media":"","overlay-type":"","overlay-color":"","overlay-opacity":"","overlay-gradient":""}},"footnotes":""},"categories":[7,1,29],"tags":[283,318],"class_list":["post-4661","post","type-post","status-publish","format-standard","has-post-thumbnail","hentry","category-eso-4","category-general","category-portada","tag-finaletapa","tag-orientacio-educativa"],"post_mailing_queue_ids":[],"_links":{"self":[{"href":"https:\/\/agora.xtec.cat\/iesterraalta\/wp-json\/wp\/v2\/posts\/4661","targetHints":{"allow":["GET"]}}],"collection":[{"href":"https:\/\/agora.xtec.cat\/iesterraalta\/wp-json\/wp\/v2\/posts"}],"about":[{"href":"https:\/\/agora.xtec.cat\/iesterraalta\/wp-json\/wp\/v2\/types\/post"}],"author":[{"embeddable":true,"href":"https:\/\/agora.xtec.cat\/iesterraalta\/wp-json\/wp\/v2\/users\/1"}],"replies":[{"embeddable":true,"href":"https:\/\/agora.xtec.cat\/iesterraalta\/wp-json\/wp\/v2\/comments?post=4661"}],"version-history":[{"count":2,"href":"https:\/\/agora.xtec.cat\/iesterraalta\/wp-json\/wp\/v2\/posts\/4661\/revisions"}],"predecessor-version":[{"id":4760,"href":"https:\/\/agora.xtec.cat\/iesterraalta\/wp-json\/wp\/v2\/posts\/4661\/revisions\/4760"}],"wp:featuredmedia":[{"embeddable":true,"href":"https:\/\/agora.xtec.cat\/iesterraalta\/wp-json\/wp\/v2\/media\/4757"}],"wp:attachment":[{"href":"https:\/\/agora.xtec.cat\/iesterraalta\/wp-json\/wp\/v2\/media?parent=4661"}],"wp:term":[{"taxonomy":"category","embeddable":true,"href":"https:\/\/agora.xtec.cat\/iesterraalta\/wp-json\/wp\/v2\/categories?post=4661"},{"taxonomy":"post_tag","embeddable":true,"href":"https:\/\/agora.xtec.cat\/iesterraalta\/wp-json\/wp\/v2\/tags?post=4661"}],"curies":[{"name":"wp","href":"https:\/\/api.w.org\/{rel}","templated":true}]}}