{"id":4583,"date":"2023-05-09T10:48:23","date_gmt":"2023-05-09T08:48:23","guid":{"rendered":"https:\/\/agora.xtec.cat\/iesterraalta\/?p=4583"},"modified":"2023-05-09T10:49:41","modified_gmt":"2023-05-09T08:49:41","slug":"esmorzar-solidari-fundacio-la-nineta-dels-ulls","status":"publish","type":"post","link":"https:\/\/agora.xtec.cat\/iesterraalta\/general\/esmorzar-solidari-fundacio-la-nineta-dels-ulls\/","title":{"rendered":"Esmorzar solidari fundaci\u00f3 &#8220;La Nineta Dels Ulls&#8221;"},"content":{"rendered":"<p>La &#8220;La Nineta Dels Ulls&#8221; \u00e9s una fundaci\u00f3 que t\u00e9 per missi\u00f3 potenciar la recerca del retinoblastoma (el c\u00e0ncer ocular m\u00e9s freq\u00fcent en infants menors de 3 anys). Aquest any han celebrat la segona jornada de les superhero\u00efnes i els superherois, i des de l&#8217;Institut Terra Alta hem volgut participar-hi amb diferents iniciatives. Durant el mes de febrer l&#8217;alumnat de 1r d&#8217;ESO va fer una de les activitats que ens proposen des de la fundaci\u00f3, &#8220;Quin \u00e9s el teu superpoder?&#8221;. L&#8217;alumnat de 3r tamb\u00e9 va participar-hi. Dintre del servei comunitari que fan aquest curs, van organitzar dos esmorzars solidaris per a tot el centre per a recaptar diners per a la fundaci\u00f3, els divendres 31 de mar\u00e7 i 21 d&#8217;abriL, on es va recaptar un total de 206,5\u20ac! Molt\u00edssimes gr\u00e0cies a totes i tots per la vostra col\u00b7laboraci\u00f3!<\/p>\n<p><a href=\"https:\/\/agora.xtec.cat\/iesterraalta\/wp-content\/uploads\/usu564\/2023\/05\/WhatsApp-Image-2023-03-04-at-09.50.58-1.jpg\"><img loading=\"lazy\" decoding=\"async\" class=\"aligncenter size-large wp-image-4587\" src=\"https:\/\/agora.xtec.cat\/iesterraalta\/wp-content\/uploads\/usu564\/2023\/05\/WhatsApp-Image-2023-03-04-at-09.50.58-1-1024x768.jpg\" alt=\"\" width=\"1024\" height=\"768\" srcset=\"https:\/\/agora.xtec.cat\/iesterraalta\/wp-content\/uploads\/usu564\/2023\/05\/WhatsApp-Image-2023-03-04-at-09.50.58-1-1024x768.jpg 1024w, https:\/\/agora.xtec.cat\/iesterraalta\/wp-content\/uploads\/usu564\/2023\/05\/WhatsApp-Image-2023-03-04-at-09.50.58-1-300x225.jpg 300w, https:\/\/agora.xtec.cat\/iesterraalta\/wp-content\/uploads\/usu564\/2023\/05\/WhatsApp-Image-2023-03-04-at-09.50.58-1-768x576.jpg 768w, https:\/\/agora.xtec.cat\/iesterraalta\/wp-content\/uploads\/usu564\/2023\/05\/WhatsApp-Image-2023-03-04-at-09.50.58-1-1536x1152.jpg 1536w, https:\/\/agora.xtec.cat\/iesterraalta\/wp-content\/uploads\/usu564\/2023\/05\/WhatsApp-Image-2023-03-04-at-09.50.58-1-200x150.jpg 200w, https:\/\/agora.xtec.cat\/iesterraalta\/wp-content\/uploads\/usu564\/2023\/05\/WhatsApp-Image-2023-03-04-at-09.50.58-1.jpg 1600w\" sizes=\"auto, (max-width: 1024px) 100vw, 1024px\" \/><\/a><\/p>\n<p><a href=\"https:\/\/agora.xtec.cat\/iesterraalta\/wp-content\/uploads\/usu564\/2023\/05\/WhatsApp-Image-2023-03-04-at-09.50.59-2-1.jpg\"><img loading=\"lazy\" decoding=\"async\" class=\"aligncenter size-large wp-image-4588\" src=\"https:\/\/agora.xtec.cat\/iesterraalta\/wp-content\/uploads\/usu564\/2023\/05\/WhatsApp-Image-2023-03-04-at-09.50.59-2-1-1024x768.jpg\" alt=\"\" width=\"1024\" height=\"768\" srcset=\"https:\/\/agora.xtec.cat\/iesterraalta\/wp-content\/uploads\/usu564\/2023\/05\/WhatsApp-Image-2023-03-04-at-09.50.59-2-1-1024x768.jpg 1024w, https:\/\/agora.xtec.cat\/iesterraalta\/wp-content\/uploads\/usu564\/2023\/05\/WhatsApp-Image-2023-03-04-at-09.50.59-2-1-300x225.jpg 300w, https:\/\/agora.xtec.cat\/iesterraalta\/wp-content\/uploads\/usu564\/2023\/05\/WhatsApp-Image-2023-03-04-at-09.50.59-2-1-768x576.jpg 768w, https:\/\/agora.xtec.cat\/iesterraalta\/wp-content\/uploads\/usu564\/2023\/05\/WhatsApp-Image-2023-03-04-at-09.50.59-2-1-1536x1152.jpg 1536w, https:\/\/agora.xtec.cat\/iesterraalta\/wp-content\/uploads\/usu564\/2023\/05\/WhatsApp-Image-2023-03-04-at-09.50.59-2-1-200x150.jpg 200w, https:\/\/agora.xtec.cat\/iesterraalta\/wp-content\/uploads\/usu564\/2023\/05\/WhatsApp-Image-2023-03-04-at-09.50.59-2-1.jpg 1600w\" sizes=\"auto, (max-width: 1024px) 100vw, 1024px\" \/><\/a><\/p>\n<p><a href=\"https:\/\/agora.xtec.cat\/iesterraalta\/wp-content\/uploads\/usu564\/2023\/05\/WhatsApp-Image-2023-03-04-at-09.51.00-3-1.jpg\"><img loading=\"lazy\" decoding=\"async\" class=\"aligncenter size-large wp-image-4589\" src=\"https:\/\/agora.xtec.cat\/iesterraalta\/wp-content\/uploads\/usu564\/2023\/05\/WhatsApp-Image-2023-03-04-at-09.51.00-3-1-768x1024.jpg\" alt=\"\" width=\"768\" height=\"1024\" srcset=\"https:\/\/agora.xtec.cat\/iesterraalta\/wp-content\/uploads\/usu564\/2023\/05\/WhatsApp-Image-2023-03-04-at-09.51.00-3-1-768x1024.jpg 768w, https:\/\/agora.xtec.cat\/iesterraalta\/wp-content\/uploads\/usu564\/2023\/05\/WhatsApp-Image-2023-03-04-at-09.51.00-3-1-225x300.jpg 225w, https:\/\/agora.xtec.cat\/iesterraalta\/wp-content\/uploads\/usu564\/2023\/05\/WhatsApp-Image-2023-03-04-at-09.51.00-3-1-1152x1536.jpg 1152w, https:\/\/agora.xtec.cat\/iesterraalta\/wp-content\/uploads\/usu564\/2023\/05\/WhatsApp-Image-2023-03-04-at-09.51.00-3-1.jpg 1200w\" sizes=\"auto, (max-width: 768px) 100vw, 768px\" \/><\/a><\/p>\n<p><a href=\"https:\/\/agora.xtec.cat\/iesterraalta\/wp-content\/uploads\/usu564\/2023\/05\/1682617209343.jpg\"><img loading=\"lazy\" decoding=\"async\" class=\"aligncenter size-large wp-image-4590\" src=\"https:\/\/agora.xtec.cat\/iesterraalta\/wp-content\/uploads\/usu564\/2023\/05\/1682617209343-461x1024.jpg\" alt=\"\" width=\"461\" height=\"1024\" srcset=\"https:\/\/agora.xtec.cat\/iesterraalta\/wp-content\/uploads\/usu564\/2023\/05\/1682617209343-461x1024.jpg 461w, https:\/\/agora.xtec.cat\/iesterraalta\/wp-content\/uploads\/usu564\/2023\/05\/1682617209343-135x300.jpg 135w, https:\/\/agora.xtec.cat\/iesterraalta\/wp-content\/uploads\/usu564\/2023\/05\/1682617209343-768x1707.jpg 768w, https:\/\/agora.xtec.cat\/iesterraalta\/wp-content\/uploads\/usu564\/2023\/05\/1682617209343-691x1536.jpg 691w, https:\/\/agora.xtec.cat\/iesterraalta\/wp-content\/uploads\/usu564\/2023\/05\/1682617209343-921x2048.jpg 921w, https:\/\/agora.xtec.cat\/iesterraalta\/wp-content\/uploads\/usu564\/2023\/05\/1682617209343.jpg 1040w\" sizes=\"auto, (max-width: 461px) 100vw, 461px\" \/><\/a><\/p>\n<p><a href=\"https:\/\/agora.xtec.cat\/iesterraalta\/wp-content\/uploads\/usu564\/2023\/05\/1682791162237.jpg\"><img loading=\"lazy\" decoding=\"async\" class=\"aligncenter size-large wp-image-4591\" src=\"https:\/\/agora.xtec.cat\/iesterraalta\/wp-content\/uploads\/usu564\/2023\/05\/1682791162237-461x1024.jpg\" alt=\"\" width=\"461\" height=\"1024\" srcset=\"https:\/\/agora.xtec.cat\/iesterraalta\/wp-content\/uploads\/usu564\/2023\/05\/1682791162237-461x1024.jpg 461w, https:\/\/agora.xtec.cat\/iesterraalta\/wp-content\/uploads\/usu564\/2023\/05\/1682791162237-135x300.jpg 135w, https:\/\/agora.xtec.cat\/iesterraalta\/wp-content\/uploads\/usu564\/2023\/05\/1682791162237-768x1707.jpg 768w, https:\/\/agora.xtec.cat\/iesterraalta\/wp-content\/uploads\/usu564\/2023\/05\/1682791162237-691x1536.jpg 691w, https:\/\/agora.xtec.cat\/iesterraalta\/wp-content\/uploads\/usu564\/2023\/05\/1682791162237-921x2048.jpg 921w, https:\/\/agora.xtec.cat\/iesterraalta\/wp-content\/uploads\/usu564\/2023\/05\/1682791162237.jpg 1040w\" sizes=\"auto, (max-width: 461px) 100vw, 461px\" \/><\/a><\/p>\n<p><a href=\"https:\/\/agora.xtec.cat\/iesterraalta\/wp-content\/uploads\/usu564\/2023\/05\/1682617209331.jpg\"><img loading=\"lazy\" decoding=\"async\" class=\"aligncenter size-large wp-image-4592\" src=\"https:\/\/agora.xtec.cat\/iesterraalta\/wp-content\/uploads\/usu564\/2023\/05\/1682617209331-1024x461.jpg\" alt=\"\" width=\"1024\" height=\"461\" srcset=\"https:\/\/agora.xtec.cat\/iesterraalta\/wp-content\/uploads\/usu564\/2023\/05\/1682617209331-1024x461.jpg 1024w, https:\/\/agora.xtec.cat\/iesterraalta\/wp-content\/uploads\/usu564\/2023\/05\/1682617209331-300x135.jpg 300w, https:\/\/agora.xtec.cat\/iesterraalta\/wp-content\/uploads\/usu564\/2023\/05\/1682617209331-768x345.jpg 768w, https:\/\/agora.xtec.cat\/iesterraalta\/wp-content\/uploads\/usu564\/2023\/05\/1682617209331-1536x691.jpg 1536w, https:\/\/agora.xtec.cat\/iesterraalta\/wp-content\/uploads\/usu564\/2023\/05\/1682617209331-2048x921.jpg 2048w\" sizes=\"auto, (max-width: 1024px) 100vw, 1024px\" \/><\/a><\/p>\n","protected":false},"excerpt":{"rendered":"<p>La &#8220;La Nineta Dels Ulls&#8221; \u00e9s una fundaci\u00f3 que t\u00e9 per missi\u00f3 potenciar la recerca del retinoblastoma (el c\u00e0ncer ocular m\u00e9s freq\u00fcent en infants menors de 3 anys). Aquest any han celebrat la segona jornada de les superhero\u00efnes i els superherois, i des de l&#8217;Institut Terra Alta hem volgut participar-hi amb diferents iniciatives. Durant el [&hellip;]<\/p>\n","protected":false},"author":1,"featured_media":4591,"comment_status":"open","ping_status":"closed","sticky":false,"template":"","format":"standard","meta":{"_bbp_topic_count":0,"_bbp_reply_count":0,"_bbp_total_topic_count":0,"_bbp_total_reply_count":0,"_bbp_voice_count":0,"_bbp_anonymous_reply_count":0,"_bbp_topic_count_hidden":0,"_bbp_reply_count_hidden":0,"_bbp_forum_subforum_count":0,"site-sidebar-layout":"default","site-content-layout":"","ast-site-content-layout":"","site-content-style":"default","site-sidebar-style":"default","ast-global-header-display":"","ast-banner-title-visibility":"","ast-main-header-display":"","ast-hfb-above-header-display":"","ast-hfb-below-header-display":"","ast-hfb-mobile-header-display":"","site-post-title":"","ast-breadcrumbs-content":"","ast-featured-img":"","footer-sml-layout":"","theme-transparent-header-meta":"","adv-header-id-meta":"","stick-header-meta":"","header-above-stick-meta":"","header-main-stick-meta":"","header-below-stick-meta":"","astra-migrate-meta-layouts":"default","ast-page-background-enabled":"default","ast-page-background-meta":{"desktop":{"background-color":"var(--ast-global-color-4)","background-image":"","background-repeat":"repeat","background-position":"center center","background-size":"auto","background-attachment":"scroll","background-type":"","background-media":"","overlay-type":"","overlay-color":"","overlay-opacity":"","overlay-gradient":""},"tablet":{"background-color":"","background-image":"","background-repeat":"repeat","background-position":"center center","background-size":"auto","background-attachment":"scroll","background-type":"","background-media":"","overlay-type":"","overlay-color":"","overlay-opacity":"","overlay-gradient":""},"mobile":{"background-color":"","background-image":"","background-repeat":"repeat","background-position":"center center","background-size":"auto","background-attachment":"scroll","background-type":"","background-media":"","overlay-type":"","overlay-color":"","overlay-opacity":"","overlay-gradient":""}},"ast-content-background-meta":{"desktop":{"background-color":"var(--ast-global-color-5)","background-image":"","background-repeat":"repeat","background-position":"center center","background-size":"auto","background-attachment":"scroll","background-type":"","background-media":"","overlay-type":"","overlay-color":"","overlay-opacity":"","overlay-gradient":""},"tablet":{"background-color":"var(--ast-global-color-5)","background-image":"","background-repeat":"repeat","background-position":"center center","background-size":"auto","background-attachment":"scroll","background-type":"","background-media":"","overlay-type":"","overlay-color":"","overlay-opacity":"","overlay-gradient":""},"mobile":{"background-color":"var(--ast-global-color-5)","background-image":"","background-repeat":"repeat","background-position":"center center","background-size":"auto","background-attachment":"scroll","background-type":"","background-media":"","overlay-type":"","overlay-color":"","overlay-opacity":"","overlay-gradient":""}},"footnotes":""},"categories":[3,1,29],"tags":[316],"class_list":["post-4583","post","type-post","status-publish","format-standard","has-post-thumbnail","hentry","category-eso","category-general","category-portada","tag-jornada-de-les-superheroines-i-els-superherois"],"post_mailing_queue_ids":[],"_links":{"self":[{"href":"https:\/\/agora.xtec.cat\/iesterraalta\/wp-json\/wp\/v2\/posts\/4583","targetHints":{"allow":["GET"]}}],"collection":[{"href":"https:\/\/agora.xtec.cat\/iesterraalta\/wp-json\/wp\/v2\/posts"}],"about":[{"href":"https:\/\/agora.xtec.cat\/iesterraalta\/wp-json\/wp\/v2\/types\/post"}],"author":[{"embeddable":true,"href":"https:\/\/agora.xtec.cat\/iesterraalta\/wp-json\/wp\/v2\/users\/1"}],"replies":[{"embeddable":true,"href":"https:\/\/agora.xtec.cat\/iesterraalta\/wp-json\/wp\/v2\/comments?post=4583"}],"version-history":[{"count":1,"href":"https:\/\/agora.xtec.cat\/iesterraalta\/wp-json\/wp\/v2\/posts\/4583\/revisions"}],"predecessor-version":[{"id":4593,"href":"https:\/\/agora.xtec.cat\/iesterraalta\/wp-json\/wp\/v2\/posts\/4583\/revisions\/4593"}],"wp:featuredmedia":[{"embeddable":true,"href":"https:\/\/agora.xtec.cat\/iesterraalta\/wp-json\/wp\/v2\/media\/4591"}],"wp:attachment":[{"href":"https:\/\/agora.xtec.cat\/iesterraalta\/wp-json\/wp\/v2\/media?parent=4583"}],"wp:term":[{"taxonomy":"category","embeddable":true,"href":"https:\/\/agora.xtec.cat\/iesterraalta\/wp-json\/wp\/v2\/categories?post=4583"},{"taxonomy":"post_tag","embeddable":true,"href":"https:\/\/agora.xtec.cat\/iesterraalta\/wp-json\/wp\/v2\/tags?post=4583"}],"curies":[{"name":"wp","href":"https:\/\/api.w.org\/{rel}","templated":true}]}}