{"id":4524,"date":"2023-04-26T17:00:45","date_gmt":"2023-04-26T15:00:45","guid":{"rendered":"https:\/\/agora.xtec.cat\/iesterraalta\/?p=4524"},"modified":"2023-04-26T17:00:45","modified_gmt":"2023-04-26T15:00:45","slug":"corarts","status":"publish","type":"post","link":"https:\/\/agora.xtec.cat\/iesterraalta\/general\/corarts\/","title":{"rendered":"CorArts"},"content":{"rendered":"<p>L&#8217;alumnat de 1r i 2n d&#8217;ESO de l&#8217;institut Terra Alta van participar al CorArts el passat 18 d&#8217;abril a l&#8217;Auditori Felip Pedrell de Tortosa. El CorArts 2023 es consolida com la trobada musical m\u00e9s important de Catalunya en l&#8217;\u00e0mbit de l&#8217;educaci\u00f3 secund\u00e0ria. M\u00e9s de tres mil cantaires de tots els racons del pa\u00eds participaran d&#8217;una desena de concerts disseminats per tot el territori amb l&#8217;acompanyament de grups instrumentals de diversos conservatoris i escoles de m\u00fasica. Aquest any es continua amb la cantada que es va encetar l&#8217;any passat, La veu de la Terra, que aborda una de les problem\u00e0tiques m\u00e9s urgents del nostre present: l&#8217;amena\u00e7a del canvi clim\u00e0tic.<a href=\"https:\/\/agora.xtec.cat\/iesterraalta\/wp-content\/uploads\/usu564\/2023\/04\/20230418_115056-scaled.jpg\"><img loading=\"lazy\" decoding=\"async\" class=\"aligncenter size-large wp-image-4525\" src=\"https:\/\/agora.xtec.cat\/iesterraalta\/wp-content\/uploads\/usu564\/2023\/04\/20230418_115056-1024x485.jpg\" alt=\"\" width=\"1024\" height=\"485\" srcset=\"https:\/\/agora.xtec.cat\/iesterraalta\/wp-content\/uploads\/usu564\/2023\/04\/20230418_115056-1024x485.jpg 1024w, https:\/\/agora.xtec.cat\/iesterraalta\/wp-content\/uploads\/usu564\/2023\/04\/20230418_115056-300x142.jpg 300w, https:\/\/agora.xtec.cat\/iesterraalta\/wp-content\/uploads\/usu564\/2023\/04\/20230418_115056-768x363.jpg 768w, https:\/\/agora.xtec.cat\/iesterraalta\/wp-content\/uploads\/usu564\/2023\/04\/20230418_115056-1536x727.jpg 1536w, https:\/\/agora.xtec.cat\/iesterraalta\/wp-content\/uploads\/usu564\/2023\/04\/20230418_115056-2048x969.jpg 2048w\" sizes=\"auto, (max-width: 1024px) 100vw, 1024px\" \/><\/a><\/p>\n<p><a href=\"https:\/\/agora.xtec.cat\/iesterraalta\/wp-content\/uploads\/usu564\/2023\/04\/20230418_112235-scaled.jpg\"><img loading=\"lazy\" decoding=\"async\" class=\"aligncenter size-large wp-image-4526\" src=\"https:\/\/agora.xtec.cat\/iesterraalta\/wp-content\/uploads\/usu564\/2023\/04\/20230418_112235-1024x485.jpg\" alt=\"\" width=\"1024\" height=\"485\" srcset=\"https:\/\/agora.xtec.cat\/iesterraalta\/wp-content\/uploads\/usu564\/2023\/04\/20230418_112235-1024x485.jpg 1024w, https:\/\/agora.xtec.cat\/iesterraalta\/wp-content\/uploads\/usu564\/2023\/04\/20230418_112235-300x142.jpg 300w, https:\/\/agora.xtec.cat\/iesterraalta\/wp-content\/uploads\/usu564\/2023\/04\/20230418_112235-768x363.jpg 768w, https:\/\/agora.xtec.cat\/iesterraalta\/wp-content\/uploads\/usu564\/2023\/04\/20230418_112235-1536x727.jpg 1536w, https:\/\/agora.xtec.cat\/iesterraalta\/wp-content\/uploads\/usu564\/2023\/04\/20230418_112235-2048x969.jpg 2048w\" sizes=\"auto, (max-width: 1024px) 100vw, 1024px\" \/><\/a><\/p>\n<p><a href=\"https:\/\/agora.xtec.cat\/iesterraalta\/wp-content\/uploads\/usu564\/2023\/04\/20230418_105029-scaled.jpg\"><img loading=\"lazy\" decoding=\"async\" class=\"aligncenter size-large wp-image-4527\" src=\"https:\/\/agora.xtec.cat\/iesterraalta\/wp-content\/uploads\/usu564\/2023\/04\/20230418_105029-1024x485.jpg\" alt=\"\" width=\"1024\" height=\"485\" srcset=\"https:\/\/agora.xtec.cat\/iesterraalta\/wp-content\/uploads\/usu564\/2023\/04\/20230418_105029-1024x485.jpg 1024w, https:\/\/agora.xtec.cat\/iesterraalta\/wp-content\/uploads\/usu564\/2023\/04\/20230418_105029-300x142.jpg 300w, https:\/\/agora.xtec.cat\/iesterraalta\/wp-content\/uploads\/usu564\/2023\/04\/20230418_105029-768x363.jpg 768w, https:\/\/agora.xtec.cat\/iesterraalta\/wp-content\/uploads\/usu564\/2023\/04\/20230418_105029-1536x727.jpg 1536w, https:\/\/agora.xtec.cat\/iesterraalta\/wp-content\/uploads\/usu564\/2023\/04\/20230418_105029-2048x969.jpg 2048w\" sizes=\"auto, (max-width: 1024px) 100vw, 1024px\" \/><\/a><\/p>\n","protected":false},"excerpt":{"rendered":"<p>L&#8217;alumnat de 1r i 2n d&#8217;ESO de l&#8217;institut Terra Alta van participar al CorArts el passat 18 d&#8217;abril a l&#8217;Auditori Felip Pedrell de Tortosa. El CorArts 2023 es consolida com la trobada musical m\u00e9s important de Catalunya en l&#8217;\u00e0mbit de l&#8217;educaci\u00f3 secund\u00e0ria. M\u00e9s de tres mil cantaires de tots els racons del pa\u00eds participaran d&#8217;una [&hellip;]<\/p>\n","protected":false},"author":1,"featured_media":4526,"comment_status":"open","ping_status":"closed","sticky":false,"template":"","format":"standard","meta":{"_bbp_topic_count":0,"_bbp_reply_count":0,"_bbp_total_topic_count":0,"_bbp_total_reply_count":0,"_bbp_voice_count":0,"_bbp_anonymous_reply_count":0,"_bbp_topic_count_hidden":0,"_bbp_reply_count_hidden":0,"_bbp_forum_subforum_count":0,"site-sidebar-layout":"default","site-content-layout":"","ast-site-content-layout":"","site-content-style":"default","site-sidebar-style":"default","ast-global-header-display":"","ast-banner-title-visibility":"","ast-main-header-display":"","ast-hfb-above-header-display":"","ast-hfb-below-header-display":"","ast-hfb-mobile-header-display":"","site-post-title":"","ast-breadcrumbs-content":"","ast-featured-img":"","footer-sml-layout":"","theme-transparent-header-meta":"","adv-header-id-meta":"","stick-header-meta":"","header-above-stick-meta":"","header-main-stick-meta":"","header-below-stick-meta":"","astra-migrate-meta-layouts":"default","ast-page-background-enabled":"default","ast-page-background-meta":{"desktop":{"background-color":"var(--ast-global-color-4)","background-image":"","background-repeat":"repeat","background-position":"center center","background-size":"auto","background-attachment":"scroll","background-type":"","background-media":"","overlay-type":"","overlay-color":"","overlay-opacity":"","overlay-gradient":""},"tablet":{"background-color":"","background-image":"","background-repeat":"repeat","background-position":"center center","background-size":"auto","background-attachment":"scroll","background-type":"","background-media":"","overlay-type":"","overlay-color":"","overlay-opacity":"","overlay-gradient":""},"mobile":{"background-color":"","background-image":"","background-repeat":"repeat","background-position":"center center","background-size":"auto","background-attachment":"scroll","background-type":"","background-media":"","overlay-type":"","overlay-color":"","overlay-opacity":"","overlay-gradient":""}},"ast-content-background-meta":{"desktop":{"background-color":"var(--ast-global-color-5)","background-image":"","background-repeat":"repeat","background-position":"center center","background-size":"auto","background-attachment":"scroll","background-type":"","background-media":"","overlay-type":"","overlay-color":"","overlay-opacity":"","overlay-gradient":""},"tablet":{"background-color":"var(--ast-global-color-5)","background-image":"","background-repeat":"repeat","background-position":"center center","background-size":"auto","background-attachment":"scroll","background-type":"","background-media":"","overlay-type":"","overlay-color":"","overlay-opacity":"","overlay-gradient":""},"mobile":{"background-color":"var(--ast-global-color-5)","background-image":"","background-repeat":"repeat","background-position":"center center","background-size":"auto","background-attachment":"scroll","background-type":"","background-media":"","overlay-type":"","overlay-color":"","overlay-opacity":"","overlay-gradient":""}},"footnotes":""},"categories":[1,29],"tags":[],"class_list":["post-4524","post","type-post","status-publish","format-standard","has-post-thumbnail","hentry","category-general","category-portada"],"post_mailing_queue_ids":[],"_links":{"self":[{"href":"https:\/\/agora.xtec.cat\/iesterraalta\/wp-json\/wp\/v2\/posts\/4524","targetHints":{"allow":["GET"]}}],"collection":[{"href":"https:\/\/agora.xtec.cat\/iesterraalta\/wp-json\/wp\/v2\/posts"}],"about":[{"href":"https:\/\/agora.xtec.cat\/iesterraalta\/wp-json\/wp\/v2\/types\/post"}],"author":[{"embeddable":true,"href":"https:\/\/agora.xtec.cat\/iesterraalta\/wp-json\/wp\/v2\/users\/1"}],"replies":[{"embeddable":true,"href":"https:\/\/agora.xtec.cat\/iesterraalta\/wp-json\/wp\/v2\/comments?post=4524"}],"version-history":[{"count":1,"href":"https:\/\/agora.xtec.cat\/iesterraalta\/wp-json\/wp\/v2\/posts\/4524\/revisions"}],"predecessor-version":[{"id":4528,"href":"https:\/\/agora.xtec.cat\/iesterraalta\/wp-json\/wp\/v2\/posts\/4524\/revisions\/4528"}],"wp:featuredmedia":[{"embeddable":true,"href":"https:\/\/agora.xtec.cat\/iesterraalta\/wp-json\/wp\/v2\/media\/4526"}],"wp:attachment":[{"href":"https:\/\/agora.xtec.cat\/iesterraalta\/wp-json\/wp\/v2\/media?parent=4524"}],"wp:term":[{"taxonomy":"category","embeddable":true,"href":"https:\/\/agora.xtec.cat\/iesterraalta\/wp-json\/wp\/v2\/categories?post=4524"},{"taxonomy":"post_tag","embeddable":true,"href":"https:\/\/agora.xtec.cat\/iesterraalta\/wp-json\/wp\/v2\/tags?post=4524"}],"curies":[{"name":"wp","href":"https:\/\/api.w.org\/{rel}","templated":true}]}}