{"id":4497,"date":"2023-04-19T19:33:28","date_gmt":"2023-04-19T17:33:28","guid":{"rendered":"https:\/\/agora.xtec.cat\/iesterraalta\/?p=4497"},"modified":"2023-04-19T19:37:53","modified_gmt":"2023-04-19T17:37:53","slug":"guanyadores-premi-tastets","status":"publish","type":"post","link":"https:\/\/agora.xtec.cat\/iesterraalta\/general\/guanyadores-premi-tastets\/","title":{"rendered":"GUANYADORES PREMI TASTETS"},"content":{"rendered":"<p>El dissabte 15 d&#8217;abril va tenir lloc el lliurament del Premi Tastets 2023 a la Cisterna del Vall d&#8217;Alcanar. Dos de les nostres alumnes van estar guardonades amb un dels premis Tastets de narrativa escolar que convoca \u00d2mnium de les Terres de l&#8217;Ebre en col\u00b7laboraci\u00f3 amb el Consorci per a la Normalitzaci\u00f3 Ling\u00fc\u00edstica. Mariona Navarro Folqu\u00e9, de 1r de Batxillerat, ha quedat segona classificada en la categoria de Batxillerat, amb la narraci\u00f3 Una nit estranyament silenciosa a Nova York. I Razan Mahdjoub Chatou, de 2n d&#8217;ESO, ha quedat tercera classificada en la categoria de 1r cicle de Secund\u00e0ria, amb la narraci\u00f3 Amb suor i ll\u00e0grimes.<\/p>\n<p><a href=\"https:\/\/agora.xtec.cat\/iesterraalta\/wp-content\/uploads\/usu564\/2023\/04\/Tastets-2023.jpg\"><img loading=\"lazy\" decoding=\"async\" class=\"aligncenter size-large wp-image-4498\" src=\"https:\/\/agora.xtec.cat\/iesterraalta\/wp-content\/uploads\/usu564\/2023\/04\/Tastets-2023-583x1024.jpg\" alt=\"\" width=\"583\" height=\"1024\" srcset=\"https:\/\/agora.xtec.cat\/iesterraalta\/wp-content\/uploads\/usu564\/2023\/04\/Tastets-2023-583x1024.jpg 583w, https:\/\/agora.xtec.cat\/iesterraalta\/wp-content\/uploads\/usu564\/2023\/04\/Tastets-2023-171x300.jpg 171w, https:\/\/agora.xtec.cat\/iesterraalta\/wp-content\/uploads\/usu564\/2023\/04\/Tastets-2023-768x1349.jpg 768w, https:\/\/agora.xtec.cat\/iesterraalta\/wp-content\/uploads\/usu564\/2023\/04\/Tastets-2023-875x1536.jpg 875w, https:\/\/agora.xtec.cat\/iesterraalta\/wp-content\/uploads\/usu564\/2023\/04\/Tastets-2023.jpg 1166w\" sizes=\"auto, (max-width: 583px) 100vw, 583px\" \/><\/a><\/p>\n<p><a href=\"https:\/\/agora.xtec.cat\/iesterraalta\/wp-content\/uploads\/usu564\/2023\/04\/Tastets-Mariona.jpg\"><img loading=\"lazy\" decoding=\"async\" class=\"aligncenter size-large wp-image-4499\" src=\"https:\/\/agora.xtec.cat\/iesterraalta\/wp-content\/uploads\/usu564\/2023\/04\/Tastets-Mariona-1024x768.jpg\" alt=\"\" width=\"1024\" height=\"768\" srcset=\"https:\/\/agora.xtec.cat\/iesterraalta\/wp-content\/uploads\/usu564\/2023\/04\/Tastets-Mariona-1024x768.jpg 1024w, https:\/\/agora.xtec.cat\/iesterraalta\/wp-content\/uploads\/usu564\/2023\/04\/Tastets-Mariona-300x225.jpg 300w, https:\/\/agora.xtec.cat\/iesterraalta\/wp-content\/uploads\/usu564\/2023\/04\/Tastets-Mariona-768x576.jpg 768w, https:\/\/agora.xtec.cat\/iesterraalta\/wp-content\/uploads\/usu564\/2023\/04\/Tastets-Mariona-1536x1152.jpg 1536w, https:\/\/agora.xtec.cat\/iesterraalta\/wp-content\/uploads\/usu564\/2023\/04\/Tastets-Mariona-200x150.jpg 200w, https:\/\/agora.xtec.cat\/iesterraalta\/wp-content\/uploads\/usu564\/2023\/04\/Tastets-Mariona.jpg 2048w\" sizes=\"auto, (max-width: 1024px) 100vw, 1024px\" \/><\/a><\/p>\n<p><a href=\"https:\/\/agora.xtec.cat\/iesterraalta\/wp-content\/uploads\/usu564\/2023\/04\/Tastets-Razan.jpg\"><img loading=\"lazy\" decoding=\"async\" class=\"aligncenter size-large wp-image-4500\" src=\"https:\/\/agora.xtec.cat\/iesterraalta\/wp-content\/uploads\/usu564\/2023\/04\/Tastets-Razan-1024x768.jpg\" alt=\"\" width=\"1024\" height=\"768\" srcset=\"https:\/\/agora.xtec.cat\/iesterraalta\/wp-content\/uploads\/usu564\/2023\/04\/Tastets-Razan-1024x768.jpg 1024w, https:\/\/agora.xtec.cat\/iesterraalta\/wp-content\/uploads\/usu564\/2023\/04\/Tastets-Razan-300x225.jpg 300w, https:\/\/agora.xtec.cat\/iesterraalta\/wp-content\/uploads\/usu564\/2023\/04\/Tastets-Razan-768x576.jpg 768w, https:\/\/agora.xtec.cat\/iesterraalta\/wp-content\/uploads\/usu564\/2023\/04\/Tastets-Razan-1536x1152.jpg 1536w, https:\/\/agora.xtec.cat\/iesterraalta\/wp-content\/uploads\/usu564\/2023\/04\/Tastets-Razan-200x150.jpg 200w, https:\/\/agora.xtec.cat\/iesterraalta\/wp-content\/uploads\/usu564\/2023\/04\/Tastets-Razan.jpg 2048w\" sizes=\"auto, (max-width: 1024px) 100vw, 1024px\" \/><\/a><\/p>\n","protected":false},"excerpt":{"rendered":"<p>El dissabte 15 d&#8217;abril va tenir lloc el lliurament del Premi Tastets 2023 a la Cisterna del Vall d&#8217;Alcanar. Dos de les nostres alumnes van estar guardonades amb un dels premis Tastets de narrativa escolar que convoca \u00d2mnium de les Terres de l&#8217;Ebre en col\u00b7laboraci\u00f3 amb el Consorci per a la Normalitzaci\u00f3 Ling\u00fc\u00edstica. Mariona Navarro [&hellip;]<\/p>\n","protected":false},"author":1,"featured_media":4498,"comment_status":"open","ping_status":"closed","sticky":false,"template":"","format":"standard","meta":{"_bbp_topic_count":0,"_bbp_reply_count":0,"_bbp_total_topic_count":0,"_bbp_total_reply_count":0,"_bbp_voice_count":0,"_bbp_anonymous_reply_count":0,"_bbp_topic_count_hidden":0,"_bbp_reply_count_hidden":0,"_bbp_forum_subforum_count":0,"site-sidebar-layout":"default","site-content-layout":"","ast-site-content-layout":"","site-content-style":"default","site-sidebar-style":"default","ast-global-header-display":"","ast-banner-title-visibility":"","ast-main-header-display":"","ast-hfb-above-header-display":"","ast-hfb-below-header-display":"","ast-hfb-mobile-header-display":"","site-post-title":"","ast-breadcrumbs-content":"","ast-featured-img":"","footer-sml-layout":"","theme-transparent-header-meta":"","adv-header-id-meta":"","stick-header-meta":"","header-above-stick-meta":"","header-main-stick-meta":"","header-below-stick-meta":"","astra-migrate-meta-layouts":"default","ast-page-background-enabled":"default","ast-page-background-meta":{"desktop":{"background-color":"var(--ast-global-color-4)","background-image":"","background-repeat":"repeat","background-position":"center center","background-size":"auto","background-attachment":"scroll","background-type":"","background-media":"","overlay-type":"","overlay-color":"","overlay-opacity":"","overlay-gradient":""},"tablet":{"background-color":"","background-image":"","background-repeat":"repeat","background-position":"center center","background-size":"auto","background-attachment":"scroll","background-type":"","background-media":"","overlay-type":"","overlay-color":"","overlay-opacity":"","overlay-gradient":""},"mobile":{"background-color":"","background-image":"","background-repeat":"repeat","background-position":"center center","background-size":"auto","background-attachment":"scroll","background-type":"","background-media":"","overlay-type":"","overlay-color":"","overlay-opacity":"","overlay-gradient":""}},"ast-content-background-meta":{"desktop":{"background-color":"var(--ast-global-color-5)","background-image":"","background-repeat":"repeat","background-position":"center center","background-size":"auto","background-attachment":"scroll","background-type":"","background-media":"","overlay-type":"","overlay-color":"","overlay-opacity":"","overlay-gradient":""},"tablet":{"background-color":"var(--ast-global-color-5)","background-image":"","background-repeat":"repeat","background-position":"center center","background-size":"auto","background-attachment":"scroll","background-type":"","background-media":"","overlay-type":"","overlay-color":"","overlay-opacity":"","overlay-gradient":""},"mobile":{"background-color":"var(--ast-global-color-5)","background-image":"","background-repeat":"repeat","background-position":"center center","background-size":"auto","background-attachment":"scroll","background-type":"","background-media":"","overlay-type":"","overlay-color":"","overlay-opacity":"","overlay-gradient":""}},"footnotes":""},"categories":[1,29],"tags":[],"class_list":["post-4497","post","type-post","status-publish","format-standard","has-post-thumbnail","hentry","category-general","category-portada"],"post_mailing_queue_ids":[],"_links":{"self":[{"href":"https:\/\/agora.xtec.cat\/iesterraalta\/wp-json\/wp\/v2\/posts\/4497","targetHints":{"allow":["GET"]}}],"collection":[{"href":"https:\/\/agora.xtec.cat\/iesterraalta\/wp-json\/wp\/v2\/posts"}],"about":[{"href":"https:\/\/agora.xtec.cat\/iesterraalta\/wp-json\/wp\/v2\/types\/post"}],"author":[{"embeddable":true,"href":"https:\/\/agora.xtec.cat\/iesterraalta\/wp-json\/wp\/v2\/users\/1"}],"replies":[{"embeddable":true,"href":"https:\/\/agora.xtec.cat\/iesterraalta\/wp-json\/wp\/v2\/comments?post=4497"}],"version-history":[{"count":1,"href":"https:\/\/agora.xtec.cat\/iesterraalta\/wp-json\/wp\/v2\/posts\/4497\/revisions"}],"predecessor-version":[{"id":4501,"href":"https:\/\/agora.xtec.cat\/iesterraalta\/wp-json\/wp\/v2\/posts\/4497\/revisions\/4501"}],"wp:featuredmedia":[{"embeddable":true,"href":"https:\/\/agora.xtec.cat\/iesterraalta\/wp-json\/wp\/v2\/media\/4498"}],"wp:attachment":[{"href":"https:\/\/agora.xtec.cat\/iesterraalta\/wp-json\/wp\/v2\/media?parent=4497"}],"wp:term":[{"taxonomy":"category","embeddable":true,"href":"https:\/\/agora.xtec.cat\/iesterraalta\/wp-json\/wp\/v2\/categories?post=4497"},{"taxonomy":"post_tag","embeddable":true,"href":"https:\/\/agora.xtec.cat\/iesterraalta\/wp-json\/wp\/v2\/tags?post=4497"}],"curies":[{"name":"wp","href":"https:\/\/api.w.org\/{rel}","templated":true}]}}