{"id":4403,"date":"2023-02-16T11:50:54","date_gmt":"2023-02-16T10:50:54","guid":{"rendered":"https:\/\/agora.xtec.cat\/iesterraalta\/?p=4403"},"modified":"2023-03-30T12:08:47","modified_gmt":"2023-03-30T10:08:47","slug":"21-radio-de-mati-manyana-on-tour","status":"publish","type":"post","link":"https:\/\/agora.xtec.cat\/iesterraalta\/general\/21-radio-de-mati-manyana-on-tour\/","title":{"rendered":"21 R\u00e0dio &#8211; &#8220;De mat\u00ed manyana &#8211; on TOUR&#8221;"},"content":{"rendered":"<p>El passat divendres, 10 de febrer, el programa despertador m\u00e9s matiner i viatger de les Terres de l\u2019Ebre, &#8220;De mat\u00ed manyana on TOUR&#8221;, presentat per David Benito i Caterina Aviny\u00f3, es va despla\u00e7ar a Gandesa per fer el programa en directe des de l&#8217;institut Terra Alta. Els alumnes van gaudir molt\u00edssim i van participar al programa responent diverses preguntes d&#8217;actualitat. Moltes gr\u00e0cies! A continuaci\u00f3 us deixem l&#8217;enlla\u00e7 del programa. No us ho perdeu! https:\/\/www.21radio.cat\/de-mati-manyana-on-tour-10-02-23\/<\/p>\n<p><a href=\"https:\/\/agora.xtec.cat\/iesterraalta\/wp-content\/uploads\/usu564\/2023\/02\/IMG_20230210_082649-scaled.jpg\"><img loading=\"lazy\" decoding=\"async\" class=\"aligncenter size-large wp-image-4404\" src=\"https:\/\/agora.xtec.cat\/iesterraalta\/wp-content\/uploads\/usu564\/2023\/02\/IMG_20230210_082649-1024x473.jpg\" alt=\"\" width=\"1024\" height=\"473\" srcset=\"https:\/\/agora.xtec.cat\/iesterraalta\/wp-content\/uploads\/usu564\/2023\/02\/IMG_20230210_082649-1024x473.jpg 1024w, https:\/\/agora.xtec.cat\/iesterraalta\/wp-content\/uploads\/usu564\/2023\/02\/IMG_20230210_082649-300x138.jpg 300w, https:\/\/agora.xtec.cat\/iesterraalta\/wp-content\/uploads\/usu564\/2023\/02\/IMG_20230210_082649-768x354.jpg 768w, https:\/\/agora.xtec.cat\/iesterraalta\/wp-content\/uploads\/usu564\/2023\/02\/IMG_20230210_082649-1536x709.jpg 1536w, https:\/\/agora.xtec.cat\/iesterraalta\/wp-content\/uploads\/usu564\/2023\/02\/IMG_20230210_082649-2048x945.jpg 2048w\" sizes=\"auto, (max-width: 1024px) 100vw, 1024px\" \/><\/a><\/p>\n<p><a href=\"https:\/\/agora.xtec.cat\/iesterraalta\/wp-content\/uploads\/usu564\/2023\/02\/IMG_20230210_082644-scaled.jpg\"><img loading=\"lazy\" decoding=\"async\" class=\"aligncenter size-large wp-image-4405\" src=\"https:\/\/agora.xtec.cat\/iesterraalta\/wp-content\/uploads\/usu564\/2023\/02\/IMG_20230210_082644-1024x473.jpg\" alt=\"\" width=\"1024\" height=\"473\" srcset=\"https:\/\/agora.xtec.cat\/iesterraalta\/wp-content\/uploads\/usu564\/2023\/02\/IMG_20230210_082644-1024x473.jpg 1024w, https:\/\/agora.xtec.cat\/iesterraalta\/wp-content\/uploads\/usu564\/2023\/02\/IMG_20230210_082644-300x138.jpg 300w, https:\/\/agora.xtec.cat\/iesterraalta\/wp-content\/uploads\/usu564\/2023\/02\/IMG_20230210_082644-768x354.jpg 768w, https:\/\/agora.xtec.cat\/iesterraalta\/wp-content\/uploads\/usu564\/2023\/02\/IMG_20230210_082644-1536x709.jpg 1536w, https:\/\/agora.xtec.cat\/iesterraalta\/wp-content\/uploads\/usu564\/2023\/02\/IMG_20230210_082644-2048x945.jpg 2048w\" sizes=\"auto, (max-width: 1024px) 100vw, 1024px\" \/><\/a><\/p>\n<p><a href=\"https:\/\/agora.xtec.cat\/iesterraalta\/wp-content\/uploads\/usu564\/2023\/02\/IMG_20230210_081703-scaled.jpg\"><img loading=\"lazy\" decoding=\"async\" class=\"aligncenter size-large wp-image-4406\" src=\"https:\/\/agora.xtec.cat\/iesterraalta\/wp-content\/uploads\/usu564\/2023\/02\/IMG_20230210_081703-1024x473.jpg\" alt=\"\" width=\"1024\" height=\"473\" srcset=\"https:\/\/agora.xtec.cat\/iesterraalta\/wp-content\/uploads\/usu564\/2023\/02\/IMG_20230210_081703-1024x473.jpg 1024w, https:\/\/agora.xtec.cat\/iesterraalta\/wp-content\/uploads\/usu564\/2023\/02\/IMG_20230210_081703-300x138.jpg 300w, https:\/\/agora.xtec.cat\/iesterraalta\/wp-content\/uploads\/usu564\/2023\/02\/IMG_20230210_081703-768x354.jpg 768w, https:\/\/agora.xtec.cat\/iesterraalta\/wp-content\/uploads\/usu564\/2023\/02\/IMG_20230210_081703-1536x709.jpg 1536w, https:\/\/agora.xtec.cat\/iesterraalta\/wp-content\/uploads\/usu564\/2023\/02\/IMG_20230210_081703-2048x945.jpg 2048w\" sizes=\"auto, (max-width: 1024px) 100vw, 1024px\" \/><\/a><\/p>\n<p><a href=\"https:\/\/agora.xtec.cat\/iesterraalta\/wp-content\/uploads\/usu564\/2023\/02\/IMG_20230210_080901-scaled.jpg\"><img loading=\"lazy\" decoding=\"async\" class=\"aligncenter size-large wp-image-4407\" src=\"https:\/\/agora.xtec.cat\/iesterraalta\/wp-content\/uploads\/usu564\/2023\/02\/IMG_20230210_080901-1024x473.jpg\" alt=\"\" width=\"1024\" height=\"473\" srcset=\"https:\/\/agora.xtec.cat\/iesterraalta\/wp-content\/uploads\/usu564\/2023\/02\/IMG_20230210_080901-1024x473.jpg 1024w, https:\/\/agora.xtec.cat\/iesterraalta\/wp-content\/uploads\/usu564\/2023\/02\/IMG_20230210_080901-300x138.jpg 300w, https:\/\/agora.xtec.cat\/iesterraalta\/wp-content\/uploads\/usu564\/2023\/02\/IMG_20230210_080901-768x354.jpg 768w, https:\/\/agora.xtec.cat\/iesterraalta\/wp-content\/uploads\/usu564\/2023\/02\/IMG_20230210_080901-1536x709.jpg 1536w, https:\/\/agora.xtec.cat\/iesterraalta\/wp-content\/uploads\/usu564\/2023\/02\/IMG_20230210_080901-2048x945.jpg 2048w\" sizes=\"auto, (max-width: 1024px) 100vw, 1024px\" \/><\/a><\/p>\n<p><a href=\"https:\/\/agora.xtec.cat\/iesterraalta\/wp-content\/uploads\/usu564\/2023\/02\/IMG_20230210_081339-scaled.jpg\"><img loading=\"lazy\" decoding=\"async\" class=\"aligncenter size-large wp-image-4408\" src=\"https:\/\/agora.xtec.cat\/iesterraalta\/wp-content\/uploads\/usu564\/2023\/02\/IMG_20230210_081339-1024x473.jpg\" alt=\"\" width=\"1024\" height=\"473\" srcset=\"https:\/\/agora.xtec.cat\/iesterraalta\/wp-content\/uploads\/usu564\/2023\/02\/IMG_20230210_081339-1024x473.jpg 1024w, https:\/\/agora.xtec.cat\/iesterraalta\/wp-content\/uploads\/usu564\/2023\/02\/IMG_20230210_081339-300x138.jpg 300w, https:\/\/agora.xtec.cat\/iesterraalta\/wp-content\/uploads\/usu564\/2023\/02\/IMG_20230210_081339-768x354.jpg 768w, https:\/\/agora.xtec.cat\/iesterraalta\/wp-content\/uploads\/usu564\/2023\/02\/IMG_20230210_081339-1536x709.jpg 1536w, https:\/\/agora.xtec.cat\/iesterraalta\/wp-content\/uploads\/usu564\/2023\/02\/IMG_20230210_081339-2048x945.jpg 2048w\" sizes=\"auto, (max-width: 1024px) 100vw, 1024px\" \/><\/a><\/p>\n<p><a href=\"https:\/\/agora.xtec.cat\/iesterraalta\/wp-content\/uploads\/usu564\/2023\/02\/IMG_20230210_080612-scaled.jpg\"><img loading=\"lazy\" decoding=\"async\" class=\"aligncenter size-large wp-image-4409\" src=\"https:\/\/agora.xtec.cat\/iesterraalta\/wp-content\/uploads\/usu564\/2023\/02\/IMG_20230210_080612-1024x472.jpg\" alt=\"\" width=\"1024\" height=\"472\" srcset=\"https:\/\/agora.xtec.cat\/iesterraalta\/wp-content\/uploads\/usu564\/2023\/02\/IMG_20230210_080612-1024x472.jpg 1024w, https:\/\/agora.xtec.cat\/iesterraalta\/wp-content\/uploads\/usu564\/2023\/02\/IMG_20230210_080612-300x138.jpg 300w, https:\/\/agora.xtec.cat\/iesterraalta\/wp-content\/uploads\/usu564\/2023\/02\/IMG_20230210_080612-768x354.jpg 768w, https:\/\/agora.xtec.cat\/iesterraalta\/wp-content\/uploads\/usu564\/2023\/02\/IMG_20230210_080612-1536x708.jpg 1536w, https:\/\/agora.xtec.cat\/iesterraalta\/wp-content\/uploads\/usu564\/2023\/02\/IMG_20230210_080612-2048x944.jpg 2048w\" sizes=\"auto, (max-width: 1024px) 100vw, 1024px\" \/><\/a><\/p>\n<p><a href=\"https:\/\/agora.xtec.cat\/iesterraalta\/wp-content\/uploads\/usu564\/2023\/02\/IMG_20230210_080601-scaled.jpg\"><img loading=\"lazy\" decoding=\"async\" class=\"aligncenter size-large wp-image-4410\" src=\"https:\/\/agora.xtec.cat\/iesterraalta\/wp-content\/uploads\/usu564\/2023\/02\/IMG_20230210_080601-1024x473.jpg\" alt=\"\" width=\"1024\" height=\"473\" srcset=\"https:\/\/agora.xtec.cat\/iesterraalta\/wp-content\/uploads\/usu564\/2023\/02\/IMG_20230210_080601-1024x473.jpg 1024w, https:\/\/agora.xtec.cat\/iesterraalta\/wp-content\/uploads\/usu564\/2023\/02\/IMG_20230210_080601-300x138.jpg 300w, https:\/\/agora.xtec.cat\/iesterraalta\/wp-content\/uploads\/usu564\/2023\/02\/IMG_20230210_080601-768x354.jpg 768w, https:\/\/agora.xtec.cat\/iesterraalta\/wp-content\/uploads\/usu564\/2023\/02\/IMG_20230210_080601-1536x709.jpg 1536w, https:\/\/agora.xtec.cat\/iesterraalta\/wp-content\/uploads\/usu564\/2023\/02\/IMG_20230210_080601-2048x945.jpg 2048w\" sizes=\"auto, (max-width: 1024px) 100vw, 1024px\" \/><\/a><\/p>\n","protected":false},"excerpt":{"rendered":"<p>El passat divendres, 10 de febrer, el programa despertador m\u00e9s matiner i viatger de les Terres de l\u2019Ebre, &#8220;De mat\u00ed manyana on TOUR&#8221;, presentat per David Benito i Caterina Aviny\u00f3, es va despla\u00e7ar a Gandesa per fer el programa en directe des de l&#8217;institut Terra Alta. Els alumnes van gaudir molt\u00edssim i van participar al [&hellip;]<\/p>\n","protected":false},"author":1,"featured_media":4407,"comment_status":"open","ping_status":"closed","sticky":false,"template":"","format":"standard","meta":{"_bbp_topic_count":0,"_bbp_reply_count":0,"_bbp_total_topic_count":0,"_bbp_total_reply_count":0,"_bbp_voice_count":0,"_bbp_anonymous_reply_count":0,"_bbp_topic_count_hidden":0,"_bbp_reply_count_hidden":0,"_bbp_forum_subforum_count":0,"site-sidebar-layout":"default","site-content-layout":"","ast-site-content-layout":"","site-content-style":"default","site-sidebar-style":"default","ast-global-header-display":"","ast-banner-title-visibility":"","ast-main-header-display":"","ast-hfb-above-header-display":"","ast-hfb-below-header-display":"","ast-hfb-mobile-header-display":"","site-post-title":"","ast-breadcrumbs-content":"","ast-featured-img":"","footer-sml-layout":"","theme-transparent-header-meta":"","adv-header-id-meta":"","stick-header-meta":"","header-above-stick-meta":"","header-main-stick-meta":"","header-below-stick-meta":"","astra-migrate-meta-layouts":"default","ast-page-background-enabled":"default","ast-page-background-meta":{"desktop":{"background-color":"var(--ast-global-color-4)","background-image":"","background-repeat":"repeat","background-position":"center center","background-size":"auto","background-attachment":"scroll","background-type":"","background-media":"","overlay-type":"","overlay-color":"","overlay-opacity":"","overlay-gradient":""},"tablet":{"background-color":"","background-image":"","background-repeat":"repeat","background-position":"center center","background-size":"auto","background-attachment":"scroll","background-type":"","background-media":"","overlay-type":"","overlay-color":"","overlay-opacity":"","overlay-gradient":""},"mobile":{"background-color":"","background-image":"","background-repeat":"repeat","background-position":"center center","background-size":"auto","background-attachment":"scroll","background-type":"","background-media":"","overlay-type":"","overlay-color":"","overlay-opacity":"","overlay-gradient":""}},"ast-content-background-meta":{"desktop":{"background-color":"var(--ast-global-color-5)","background-image":"","background-repeat":"repeat","background-position":"center center","background-size":"auto","background-attachment":"scroll","background-type":"","background-media":"","overlay-type":"","overlay-color":"","overlay-opacity":"","overlay-gradient":""},"tablet":{"background-color":"var(--ast-global-color-5)","background-image":"","background-repeat":"repeat","background-position":"center center","background-size":"auto","background-attachment":"scroll","background-type":"","background-media":"","overlay-type":"","overlay-color":"","overlay-opacity":"","overlay-gradient":""},"mobile":{"background-color":"var(--ast-global-color-5)","background-image":"","background-repeat":"repeat","background-position":"center center","background-size":"auto","background-attachment":"scroll","background-type":"","background-media":"","overlay-type":"","overlay-color":"","overlay-opacity":"","overlay-gradient":""}},"footnotes":""},"categories":[6,1,312,29],"tags":[213,130],"class_list":["post-4403","post","type-post","status-publish","format-standard","has-post-thumbnail","hentry","category-eso-3","category-general","category-ita-radio","category-portada","tag-eso","tag-participacio"],"post_mailing_queue_ids":[],"_links":{"self":[{"href":"https:\/\/agora.xtec.cat\/iesterraalta\/wp-json\/wp\/v2\/posts\/4403","targetHints":{"allow":["GET"]}}],"collection":[{"href":"https:\/\/agora.xtec.cat\/iesterraalta\/wp-json\/wp\/v2\/posts"}],"about":[{"href":"https:\/\/agora.xtec.cat\/iesterraalta\/wp-json\/wp\/v2\/types\/post"}],"author":[{"embeddable":true,"href":"https:\/\/agora.xtec.cat\/iesterraalta\/wp-json\/wp\/v2\/users\/1"}],"replies":[{"embeddable":true,"href":"https:\/\/agora.xtec.cat\/iesterraalta\/wp-json\/wp\/v2\/comments?post=4403"}],"version-history":[{"count":1,"href":"https:\/\/agora.xtec.cat\/iesterraalta\/wp-json\/wp\/v2\/posts\/4403\/revisions"}],"predecessor-version":[{"id":4411,"href":"https:\/\/agora.xtec.cat\/iesterraalta\/wp-json\/wp\/v2\/posts\/4403\/revisions\/4411"}],"wp:featuredmedia":[{"embeddable":true,"href":"https:\/\/agora.xtec.cat\/iesterraalta\/wp-json\/wp\/v2\/media\/4407"}],"wp:attachment":[{"href":"https:\/\/agora.xtec.cat\/iesterraalta\/wp-json\/wp\/v2\/media?parent=4403"}],"wp:term":[{"taxonomy":"category","embeddable":true,"href":"https:\/\/agora.xtec.cat\/iesterraalta\/wp-json\/wp\/v2\/categories?post=4403"},{"taxonomy":"post_tag","embeddable":true,"href":"https:\/\/agora.xtec.cat\/iesterraalta\/wp-json\/wp\/v2\/tags?post=4403"}],"curies":[{"name":"wp","href":"https:\/\/api.w.org\/{rel}","templated":true}]}}