{"id":4246,"date":"2022-07-01T21:00:40","date_gmt":"2022-07-01T19:00:40","guid":{"rendered":"https:\/\/agora.xtec.cat\/iesterraalta\/?p=4246"},"modified":"2022-07-01T21:07:41","modified_gmt":"2022-07-01T19:07:41","slug":"forum-de-joves-talents-de-catalunya","status":"publish","type":"post","link":"https:\/\/agora.xtec.cat\/iesterraalta\/general\/forum-de-joves-talents-de-catalunya\/","title":{"rendered":"F\u00f2rum de Joves Talents de Catalunya"},"content":{"rendered":"<p>L&#8217;alumna Laura Roig ha estat seleccionada entre 40 alumnes per anar al f\u00f2rum de joves talents de Catalunya a Berga &#8220;El bosc i el canvi clim\u00e0tic&#8221; que organitza la Universitat Polit\u00e8cnica de Catalunya. L&#8217;objectiu \u00e9s premiar als millors estudiants pre-universitaris de Catalunya per tal d&#8217;incentivar-los en la ci\u00e8ncia i la tecnologia indispensables per al desenvolupament de la societat.<\/p>\n<h3 class=\"sppb-addon-title\">F\u00d2RUM de Joves Talents de Catalunya 2022<\/h3>\n<div class=\"sppb-addon-content\"><strong>7a edici\u00f3 del F\u00d2RUM de Joves Talents de Catalunya<\/strong><\/div>\n<p><a href=\"https:\/\/agora.xtec.cat\/iesterraalta\/wp-content\/uploads\/usu564\/2022\/07\/WhatsApp-Image-2022-07-01-at-09.52.33.jpeg\"><img loading=\"lazy\" decoding=\"async\" class=\"alignleft size-large wp-image-4247\" src=\"https:\/\/agora.xtec.cat\/iesterraalta\/wp-content\/uploads\/usu564\/2022\/07\/WhatsApp-Image-2022-07-01-at-09.52.33-576x1024.jpeg\" alt=\"\" width=\"576\" height=\"1024\" srcset=\"https:\/\/agora.xtec.cat\/iesterraalta\/wp-content\/uploads\/usu564\/2022\/07\/WhatsApp-Image-2022-07-01-at-09.52.33-576x1024.jpeg 576w, https:\/\/agora.xtec.cat\/iesterraalta\/wp-content\/uploads\/usu564\/2022\/07\/WhatsApp-Image-2022-07-01-at-09.52.33-169x300.jpeg 169w, https:\/\/agora.xtec.cat\/iesterraalta\/wp-content\/uploads\/usu564\/2022\/07\/WhatsApp-Image-2022-07-01-at-09.52.33-768x1365.jpeg 768w, https:\/\/agora.xtec.cat\/iesterraalta\/wp-content\/uploads\/usu564\/2022\/07\/WhatsApp-Image-2022-07-01-at-09.52.33-864x1536.jpeg 864w, https:\/\/agora.xtec.cat\/iesterraalta\/wp-content\/uploads\/usu564\/2022\/07\/WhatsApp-Image-2022-07-01-at-09.52.33.jpeg 966w\" sizes=\"auto, (max-width: 576px) 100vw, 576px\" \/><\/a><\/p>\n","protected":false},"excerpt":{"rendered":"<p>L&#8217;alumna Laura Roig ha estat seleccionada entre 40 alumnes per anar al f\u00f2rum de joves talents de Catalunya a Berga &#8220;El bosc i el canvi clim\u00e0tic&#8221; que organitza la Universitat Polit\u00e8cnica de Catalunya. L&#8217;objectiu \u00e9s premiar als millors estudiants pre-universitaris de Catalunya per tal d&#8217;incentivar-los en la ci\u00e8ncia i la tecnologia indispensables per al desenvolupament [&hellip;]<\/p>\n","protected":false},"author":1,"featured_media":4247,"comment_status":"open","ping_status":"closed","sticky":false,"template":"","format":"standard","meta":{"_bbp_topic_count":0,"_bbp_reply_count":0,"_bbp_total_topic_count":0,"_bbp_total_reply_count":0,"_bbp_voice_count":0,"_bbp_anonymous_reply_count":0,"_bbp_topic_count_hidden":0,"_bbp_reply_count_hidden":0,"_bbp_forum_subforum_count":0,"site-sidebar-layout":"default","site-content-layout":"","ast-site-content-layout":"","site-content-style":"default","site-sidebar-style":"default","ast-global-header-display":"","ast-banner-title-visibility":"","ast-main-header-display":"","ast-hfb-above-header-display":"","ast-hfb-below-header-display":"","ast-hfb-mobile-header-display":"","site-post-title":"","ast-breadcrumbs-content":"","ast-featured-img":"","footer-sml-layout":"","theme-transparent-header-meta":"","adv-header-id-meta":"","stick-header-meta":"","header-above-stick-meta":"","header-main-stick-meta":"","header-below-stick-meta":"","astra-migrate-meta-layouts":"default","ast-page-background-enabled":"default","ast-page-background-meta":{"desktop":{"background-color":"var(--ast-global-color-4)","background-image":"","background-repeat":"repeat","background-position":"center center","background-size":"auto","background-attachment":"scroll","background-type":"","background-media":"","overlay-type":"","overlay-color":"","overlay-opacity":"","overlay-gradient":""},"tablet":{"background-color":"","background-image":"","background-repeat":"repeat","background-position":"center center","background-size":"auto","background-attachment":"scroll","background-type":"","background-media":"","overlay-type":"","overlay-color":"","overlay-opacity":"","overlay-gradient":""},"mobile":{"background-color":"","background-image":"","background-repeat":"repeat","background-position":"center center","background-size":"auto","background-attachment":"scroll","background-type":"","background-media":"","overlay-type":"","overlay-color":"","overlay-opacity":"","overlay-gradient":""}},"ast-content-background-meta":{"desktop":{"background-color":"var(--ast-global-color-5)","background-image":"","background-repeat":"repeat","background-position":"center center","background-size":"auto","background-attachment":"scroll","background-type":"","background-media":"","overlay-type":"","overlay-color":"","overlay-opacity":"","overlay-gradient":""},"tablet":{"background-color":"var(--ast-global-color-5)","background-image":"","background-repeat":"repeat","background-position":"center center","background-size":"auto","background-attachment":"scroll","background-type":"","background-media":"","overlay-type":"","overlay-color":"","overlay-opacity":"","overlay-gradient":""},"mobile":{"background-color":"var(--ast-global-color-5)","background-image":"","background-repeat":"repeat","background-position":"center center","background-size":"auto","background-attachment":"scroll","background-type":"","background-media":"","overlay-type":"","overlay-color":"","overlay-opacity":"","overlay-gradient":""}},"footnotes":""},"categories":[1,29],"tags":[],"class_list":["post-4246","post","type-post","status-publish","format-standard","has-post-thumbnail","hentry","category-general","category-portada"],"post_mailing_queue_ids":[],"_links":{"self":[{"href":"https:\/\/agora.xtec.cat\/iesterraalta\/wp-json\/wp\/v2\/posts\/4246","targetHints":{"allow":["GET"]}}],"collection":[{"href":"https:\/\/agora.xtec.cat\/iesterraalta\/wp-json\/wp\/v2\/posts"}],"about":[{"href":"https:\/\/agora.xtec.cat\/iesterraalta\/wp-json\/wp\/v2\/types\/post"}],"author":[{"embeddable":true,"href":"https:\/\/agora.xtec.cat\/iesterraalta\/wp-json\/wp\/v2\/users\/1"}],"replies":[{"embeddable":true,"href":"https:\/\/agora.xtec.cat\/iesterraalta\/wp-json\/wp\/v2\/comments?post=4246"}],"version-history":[{"count":2,"href":"https:\/\/agora.xtec.cat\/iesterraalta\/wp-json\/wp\/v2\/posts\/4246\/revisions"}],"predecessor-version":[{"id":4249,"href":"https:\/\/agora.xtec.cat\/iesterraalta\/wp-json\/wp\/v2\/posts\/4246\/revisions\/4249"}],"wp:featuredmedia":[{"embeddable":true,"href":"https:\/\/agora.xtec.cat\/iesterraalta\/wp-json\/wp\/v2\/media\/4247"}],"wp:attachment":[{"href":"https:\/\/agora.xtec.cat\/iesterraalta\/wp-json\/wp\/v2\/media?parent=4246"}],"wp:term":[{"taxonomy":"category","embeddable":true,"href":"https:\/\/agora.xtec.cat\/iesterraalta\/wp-json\/wp\/v2\/categories?post=4246"},{"taxonomy":"post_tag","embeddable":true,"href":"https:\/\/agora.xtec.cat\/iesterraalta\/wp-json\/wp\/v2\/tags?post=4246"}],"curies":[{"name":"wp","href":"https:\/\/api.w.org\/{rel}","templated":true}]}}