{"id":4063,"date":"2022-04-04T16:19:33","date_gmt":"2022-04-04T14:19:33","guid":{"rendered":"https:\/\/agora.xtec.cat\/iesterraalta\/?p=4063"},"modified":"2022-04-04T16:25:03","modified_gmt":"2022-04-04T14:25:03","slug":"beques-densenyaments-post-obligatoris-batxillerat-i-cicles-curs-2022-2023","status":"publish","type":"post","link":"https:\/\/agora.xtec.cat\/iesterraalta\/general\/beques-densenyaments-post-obligatoris-batxillerat-i-cicles-curs-2022-2023\/","title":{"rendered":"Beques d\u2019ensenyaments post-obligatoris (Batxillerat i Cicles) curs 2022-2023"},"content":{"rendered":"<p>En data 10 de mar\u00e7 de 2022 ha sortit publicada la <b>convocat\u00f2ria de beques d\u2019ensenyaments post-obligatoris (Batxillerat i Cicles) per al curs 2022-2023.<\/b><\/p>\n<p><b>La novetat principal<\/b>\u00a0\u00e9s l\u2019avan\u00e7ament del termini de presentaci\u00f3 que \u00e9s \u00fanic (fora d\u2019aquest termini no es podr\u00e0 sol\u00b7licitar beca):<\/p>\n<ul>\n<li>El termini de presentaci\u00f3 obligatori de sol\u00b7licituds <b>comen\u00e7a el 30 de mar\u00e7 de 2022 i finalitzar\u00e0 el proper 12 de maig de 2022 a les 24\u201900 h.<\/b> ambd\u00f3s inclosos.<\/li>\n<li>Els alumnes han de sol\u00b7licitar la beca dins del termini <b style=\"font-family: inherit; font-size: 1em;\">malgrat no s\u00e0piguen que estudiaran<\/b><span style=\"font-family: inherit; font-size: 1em;\">\u00a0en seguretat, han de posar el m\u00e9s probable,\u00a0 i hi haur\u00e0\u00a0<\/span><b style=\"font-family: inherit; font-size: 1em;\">una 2a. fase per modificar<\/b><span style=\"font-family: inherit; font-size: 1em;\">\u00a0i canviar pels que realment es cursen.\u00a0<\/span><\/li>\n<\/ul>\n<p>L\u2019acc\u00e9s a la tramitaci\u00f3 electr\u00f2nica de la sol\u00b7licitud el podeu trobar al seg\u00fcent enlla\u00e7:<\/p>\n<p><a href=\"https:\/\/educacio.gencat.cat\/ca\/serveis-tramits\/beques\/beques-postobligatoris\/\">Beques per a ensenyaments postobligatoris no universitaris. Departament d&#8217;Educaci\u00f3 (gencat.cat)<\/a><\/p>\n<p><a href=\"https:\/\/sede.educacion.gob.es\/\" target=\"_blank\" rel=\"noopener\" data-saferedirecturl=\"https:\/\/www.google.com\/url?q=https:\/\/sede.educacion.gob.es\/&amp;source=gmail&amp;ust=1649166511359000&amp;usg=AOvVaw2iBc-l3hW8ATppkpClOXHV\">https:\/\/sede.educacion.gob.es\/<\/a><wbr \/>\u00a0o\u00a0<a href=\"http:\/\/www.educacionyfp.gob.es\/\" target=\"_blank\" rel=\"noopener\" data-saferedirecturl=\"https:\/\/www.google.com\/url?q=http:\/\/www.educacionyfp.gob.es\/&amp;source=gmail&amp;ust=1649166511359000&amp;usg=AOvVaw3SP_nglJim9nKOqoUThpxC\">www.educacionyfp.gob.es<\/a><\/p>\n<p>Per qualsevol dubte o aclariment podeu adre\u00e7ar-vos a la Secretaria del centre.<\/p>\n<div class=\"yj6qo\"><\/div>\n<div class=\"adL\"><\/div>\n","protected":false},"excerpt":{"rendered":"<p>En data 10 de mar\u00e7 de 2022 ha sortit publicada la convocat\u00f2ria de beques d\u2019ensenyaments post-obligatoris (Batxillerat i Cicles) per al curs 2022-2023. La novetat principal\u00a0\u00e9s l\u2019avan\u00e7ament del termini de presentaci\u00f3 que \u00e9s \u00fanic (fora d\u2019aquest termini no es podr\u00e0 sol\u00b7licitar beca): El termini de presentaci\u00f3 obligatori de sol\u00b7licituds comen\u00e7a el 30 de mar\u00e7 de [&hellip;]<\/p>\n","protected":false},"author":1,"featured_media":4064,"comment_status":"open","ping_status":"closed","sticky":false,"template":"","format":"standard","meta":{"_bbp_topic_count":0,"_bbp_reply_count":0,"_bbp_total_topic_count":0,"_bbp_total_reply_count":0,"_bbp_voice_count":0,"_bbp_anonymous_reply_count":0,"_bbp_topic_count_hidden":0,"_bbp_reply_count_hidden":0,"_bbp_forum_subforum_count":0,"site-sidebar-layout":"default","site-content-layout":"","ast-site-content-layout":"","site-content-style":"default","site-sidebar-style":"default","ast-global-header-display":"","ast-banner-title-visibility":"","ast-main-header-display":"","ast-hfb-above-header-display":"","ast-hfb-below-header-display":"","ast-hfb-mobile-header-display":"","site-post-title":"","ast-breadcrumbs-content":"","ast-featured-img":"","footer-sml-layout":"","theme-transparent-header-meta":"","adv-header-id-meta":"","stick-header-meta":"","header-above-stick-meta":"","header-main-stick-meta":"","header-below-stick-meta":"","astra-migrate-meta-layouts":"default","ast-page-background-enabled":"default","ast-page-background-meta":{"desktop":{"background-color":"var(--ast-global-color-4)","background-image":"","background-repeat":"repeat","background-position":"center center","background-size":"auto","background-attachment":"scroll","background-type":"","background-media":"","overlay-type":"","overlay-color":"","overlay-opacity":"","overlay-gradient":""},"tablet":{"background-color":"","background-image":"","background-repeat":"repeat","background-position":"center center","background-size":"auto","background-attachment":"scroll","background-type":"","background-media":"","overlay-type":"","overlay-color":"","overlay-opacity":"","overlay-gradient":""},"mobile":{"background-color":"","background-image":"","background-repeat":"repeat","background-position":"center center","background-size":"auto","background-attachment":"scroll","background-type":"","background-media":"","overlay-type":"","overlay-color":"","overlay-opacity":"","overlay-gradient":""}},"ast-content-background-meta":{"desktop":{"background-color":"var(--ast-global-color-5)","background-image":"","background-repeat":"repeat","background-position":"center center","background-size":"auto","background-attachment":"scroll","background-type":"","background-media":"","overlay-type":"","overlay-color":"","overlay-opacity":"","overlay-gradient":""},"tablet":{"background-color":"var(--ast-global-color-5)","background-image":"","background-repeat":"repeat","background-position":"center center","background-size":"auto","background-attachment":"scroll","background-type":"","background-media":"","overlay-type":"","overlay-color":"","overlay-opacity":"","overlay-gradient":""},"mobile":{"background-color":"var(--ast-global-color-5)","background-image":"","background-repeat":"repeat","background-position":"center center","background-size":"auto","background-attachment":"scroll","background-type":"","background-media":"","overlay-type":"","overlay-color":"","overlay-opacity":"","overlay-gradient":""}},"footnotes":""},"categories":[1,29],"tags":[147,291,207],"class_list":["post-4063","post","type-post","status-publish","format-standard","has-post-thumbnail","hentry","category-general","category-portada","tag-batxillerat","tag-beca","tag-cicles-formatius"],"post_mailing_queue_ids":[],"_links":{"self":[{"href":"https:\/\/agora.xtec.cat\/iesterraalta\/wp-json\/wp\/v2\/posts\/4063","targetHints":{"allow":["GET"]}}],"collection":[{"href":"https:\/\/agora.xtec.cat\/iesterraalta\/wp-json\/wp\/v2\/posts"}],"about":[{"href":"https:\/\/agora.xtec.cat\/iesterraalta\/wp-json\/wp\/v2\/types\/post"}],"author":[{"embeddable":true,"href":"https:\/\/agora.xtec.cat\/iesterraalta\/wp-json\/wp\/v2\/users\/1"}],"replies":[{"embeddable":true,"href":"https:\/\/agora.xtec.cat\/iesterraalta\/wp-json\/wp\/v2\/comments?post=4063"}],"version-history":[{"count":2,"href":"https:\/\/agora.xtec.cat\/iesterraalta\/wp-json\/wp\/v2\/posts\/4063\/revisions"}],"predecessor-version":[{"id":4066,"href":"https:\/\/agora.xtec.cat\/iesterraalta\/wp-json\/wp\/v2\/posts\/4063\/revisions\/4066"}],"wp:featuredmedia":[{"embeddable":true,"href":"https:\/\/agora.xtec.cat\/iesterraalta\/wp-json\/wp\/v2\/media\/4064"}],"wp:attachment":[{"href":"https:\/\/agora.xtec.cat\/iesterraalta\/wp-json\/wp\/v2\/media?parent=4063"}],"wp:term":[{"taxonomy":"category","embeddable":true,"href":"https:\/\/agora.xtec.cat\/iesterraalta\/wp-json\/wp\/v2\/categories?post=4063"},{"taxonomy":"post_tag","embeddable":true,"href":"https:\/\/agora.xtec.cat\/iesterraalta\/wp-json\/wp\/v2\/tags?post=4063"}],"curies":[{"name":"wp","href":"https:\/\/api.w.org\/{rel}","templated":true}]}}