{"id":3242,"date":"2020-05-08T16:34:32","date_gmt":"2020-05-08T14:34:32","guid":{"rendered":"http:\/\/agora.xtec.cat\/iesterraalta\/?p=3242"},"modified":"2020-06-29T01:32:36","modified_gmt":"2020-06-28T23:32:36","slug":"preinscripcio-escolar-2020-2021","status":"publish","type":"post","link":"https:\/\/agora.xtec.cat\/iesterraalta\/general\/preinscripcio-escolar-2020-2021\/","title":{"rendered":"Preinscripci\u00f3 escolar 2020-2021 (Cicles Formatius\/Batxillerat)"},"content":{"rendered":"<p style=\"text-align: left;\">Ateses les circumst\u00e0ncies excepcionals d&#8217;aquest curs durant el per\u00edode de preinscripci\u00f3 i per tal de reduir la mobilitat de persones\u00a0 en els centres educatius, es promou l\u2019\u00fas de la sol\u00b7licitud en suport inform\u00e0tic. S\u2019elimina la necessitat de presentar la sol\u00b7licitud i la documentaci\u00f3 en paper al centre.<\/p>\n<p><strong>CICLES FORMATIUS:<\/strong><\/p>\n<p>La sol\u00b7licitud s&#8217;ha de presentar al registre electr\u00f2nic de la Generalitat mitjan\u00e7ant el formulari electr\u00f2nic. Per poder utilitzar el formulari electr\u00f2nic, cal identificar-se amb un certificat digital, com per exemple el DNI electr\u00f2nic, o el sistema alternatiu d&#8217;identificaci\u00f3\u00a0<a title=\"IdCat M\u00f2bil\" href=\"https:\/\/web.gencat.cat\/ca\/tramits\/com-tramitar-en-linia\/identificacio-digital\/id-cat-mobil\/\" target=\"_blank\" rel=\"noopener noreferrer\">idCAT M\u00f2bil<\/a>, i el n\u00famero d&#8217;identificaci\u00f3 de l&#8217;alumne\/a amb el qual consta al Registre d&#8217;Alumnes de Catalunya (RALC) i que es pot obtenir amb la\u00a0<a title=\"Consulta de l'identificador de l'alumne\" href=\"http:\/\/ensenyament.gencat.cat\/ca\/tramits\/tramits-temes\/identificador-alumne\">Consulta de l&#8217;identificador de l&#8217;alumne<\/a>. La direcci\u00f3 del centre on s&#8217;han cursat ensenyaments des del curs 2015-2016 tamb\u00e9 pot facilitar el n\u00famero identificador de l&#8217;alumne\/a a les fam\u00edlies i, en casos excepcionals i durant el per\u00edode de preinscripci\u00f3, es pot sol\u00b7licitar aquest identificador a les \u00e0rees territorials del Departament d&#8217;Educaci\u00f3, acreditant-se amb el DNI o document equivalent.<\/p>\n<p>&nbsp;<\/p>\n<p>El tr\u00e0mit de presentaci\u00f3 de la sol\u00b7licitud electr\u00f2nica s&#8217;acaba amb l&#8217;enviament del formulari i no s&#8217;ha de presentar cap c\u00f2pia al centre.<\/p>\n<p><strong>Si no es pot utilitzar el formulari electr\u00f2nic<\/strong> cal utilitzar el formulari amb suport inform\u00e0tic. En aquest cas, cal enviar les dades amb aquesta eina dins el termini previst. A continuaci\u00f3, cal enviar per correu electr\u00f2nic el resguard de la sol\u00b7licitud i, acompanyat de la documentaci\u00f3 acreditativa corresponent, a la b\u00fastia electr\u00f2nica oficial del centre demanat en primera opci\u00f3 dins el termini establert per presentar la documentaci\u00f3. Obriu l&#8217;enlla\u00e7 seg\u00fcent per accedir a la <a title=\"Sol\u00b7licitud amb suport inform\u00e0tic\" href=\"https:\/\/aplicacions.gestioeducativa.gencat.cat\/pls\/apex\/f?p=20160079072543618:CAT_AL_SI\" target=\"_blank\" rel=\"noopener noreferrer\">Sol\u00b7licitud amb suport inform\u00e0tic<\/a><\/p>\n<p>Nom\u00e9s es pot presentar una sol\u00b7licitud de preinscripci\u00f3 per persona per\u00f2 s&#8217;hi poden indicar peticions d&#8217;admissi\u00f3 en diversos centres, modalitats i r\u00e8gim, sempre ordenats per ordre de prefer\u00e8ncia.<\/p>\n<p>En els casos excepcionals en qu\u00e8 no es pugui enviar per correu electr\u00f2nic, els centres hauran d&#8217;organitzar la presentaci\u00f3 del resguard de sol\u00b7licitud i\/o la documentaci\u00f3 assignant una cita pr\u00e8via per a l&#8217;acc\u00e9s al centre. La informaci\u00f3 per poder sol\u00b7licitar la cita pr\u00e8via es pot consultar al web del centre corresponent.<\/p>\n<p><span style=\"color: #333399;\">Podeu fer consultes sobre preinscripci\u00f3 al correu e3006642@xtec.cat\u00a0<\/span><\/p>\n<p>&nbsp;<\/p>\n<p><strong>BATXILLERAT<\/strong><\/p>\n<p>Si s&#8217;emplena la\u00a0<strong>sol\u00b7licitud electr\u00f2nica<\/strong>, el tr\u00e0mit de presentaci\u00f3 s&#8217;acaba amb l&#8217;enviament del formulari i no s&#8217;ha de presentar cap c\u00f2pia al centre ni tampoc cap documentaci\u00f3 acreditativa de la persona sol\u00b7licitant ni de l&#8217;alumne.<\/p>\n<p>Si s&#8217;emplena la sol\u00b7licitud amb\u00a0<strong>suport inform\u00e0tic<\/strong>, cal enviar per correu electr\u00f2nic el resguard de la sol\u00b7licitud enviada per Internet a la b\u00fastia electr\u00f2nica oficial del centre demanat en primer lloc i en el termini establert. Si no s&#8217;ha pogut validar electr\u00f2nicament, tamb\u00e9 s&#8217;haur\u00e0 d&#8217;enviar per correu electr\u00f2nic la documentaci\u00f3 d&#8217;identificaci\u00f3 de la persona sol\u00b7licitant o de l&#8217;alumne. I si l&#8217;alumne\/a \u00e9s menor d&#8217;edat i no fa els 18 anys durant l&#8217;any 2020, caldr\u00e0 aportar una c\u00f2pia del llibre de fam\u00edlia. La documentaci\u00f3 s&#8217;ha d&#8217;enviar escanejada o fotografiada per les dues cares.<\/p>\n<p><strong>Calendari:<\/strong><\/p>\n<p>Termini per presentar la sol\u00b7licitud:\u00a0del 27 de maig al 3 de juny de\u00a02020<\/p>\n<p>Termini per presentar la documentaci\u00f3: fins el 4 de juny de 2020<\/p>\n<p>Consulteu el\u00a0<a title=\"calendari\" href=\"http:\/\/queestudiar.gencat.cat\/ca\/preinscripcio\/estudis\/batxillerat\/calendari\/\" target=\"_blank\" rel=\"noopener noreferrer\">calendari<\/a>\u00a0complet al web Estudiar a Catalunya.<\/p>\n<p><strong>Sol\u00b7licitud de preinscripci\u00f3<\/strong><\/p>\n<p><a href=\"https:\/\/accesvalidat.ensenyament.gencat.cat\/wayf\/wayf-IDP-SM.html?entityID=https%3A%2F%2Faccesvalidat.ensenyament.gencat.cat&amp;return=https%3A%2F%2Faccesvalidat.ensenyament.gencat.cat%2FShibboleth.sso%2FLogin%3FSAMLDS%3D1%26target%3Dhttps%253A%252F%252Faccesvalidat.ensenyament.gencat.cat%252Fpls%252Fapex%252Ff%253Fp%253D20160079072543618%253A102\" target=\"_blank\" rel=\"noopener noreferrer\">Sol\u00b7licitud electr\u00f2nica<\/a>: Cal identificar-se mitjan\u00e7ant un certificat digital, com per exemple el DNI electr\u00f2nic, o el sistema alternatiu d&#8217;identificaci\u00f3 idCAT M\u00f2bil, i el n\u00famero d&#8217;identificaci\u00f3 de l&#8217;alumne\/a amb el qual consta al Registre d&#8217;Alumnes de Catalunya (RALC).<br \/>\nEl tr\u00e0mit de presentaci\u00f3 de la sol\u00b7licitud electr\u00f2nica s&#8217;acaba amb l&#8217;enviament del formulari i no s&#8217;ha de presentar cap c\u00f2pia al centre.<\/p>\n<p><a title=\"Sol\u00b7licitar\" href=\"http:\/\/ensenyament.gencat.cat\/ca\/tramits\/tramits-temes\/9388-batxillerat?moda=1\" target=\"_blank\" rel=\"noopener noreferrer\">Sol\u00b7licitud<\/a>: El tr\u00e0mit de presentaci\u00f3 de la sol\u00b7licitud amb suport inform\u00e0tic s&#8217;acaba amb l&#8217;enviament per correu electr\u00f2nic del resguard acompanyat de la documentaci\u00f3 acreditativa corresponent, escanejada o fotografiada per les dues cares, a la b\u00fastia electr\u00f2nica oficial del centre demanat en primera opci\u00f3 dins el termini establert per presentar la documentaci\u00f3.<\/p>\n<p>En els casos excepcionals en qu\u00e8 no es pugui enviar per correu electr\u00f2nic, els centres hauran d&#8217;organitzar la presentaci\u00f3 del resguard de sol\u00b7licitud i\/o la documentaci\u00f3 assignant una cita pr\u00e8via per a l&#8217;acc\u00e9s al centre. La informaci\u00f3 per poder sol\u00b7licitar la cita pr\u00e8via es pot consultar al web del centre corresponent.<\/p>\n<p><strong>Documentaci\u00f3:<\/strong><\/p>\n<p>El resguard de la sol\u00b7licitud s&#8217;ha d&#8217;enviar per correu electr\u00f2nic a l&#8217;adre\u00e7a <strong>e3006642@xtec.cat<\/strong>, en tots els casos, acompanyat dels <strong>documents escanejats o fotografiats\u00a0<\/strong>seg\u00fcents:<\/p>\n<ul>\n<li>Documentaci\u00f3 d&#8217;identificaci\u00f3 de la persona sol\u00b7licitant o de l&#8217;alumne. I si l&#8217;alumne\/a \u00e9s menor d&#8217;edat i no fa els 18 anys durant l&#8217;any 2020, caldr\u00e0 aportar una c\u00f2pia del llibre de fam\u00edlia. La documentaci\u00f3 s&#8217;ha d&#8217;enviar escanejada o fotografiada per les dues cares.<\/li>\n<\/ul>\n<p><strong>Cita pr\u00e8via:<\/strong><\/p>\n<p>Per reservar la vostra cita per ser atesos presencialment obriu el seg\u00fcent enlla\u00e7 per triar dia i hora: <a href=\"https:\/\/aplicacions.gestioeducativa.gencat.cat\/pls\/apex\/f?p=CITA_PREVIA:4::::4:P4_TIPUS_CALENDARI,P4_DOMINI:01_Oblig,43006642\">https:\/\/aplicacions.gestioeducativa.gencat.cat\/pls\/apex\/f?p=CITA_PREVIA:4::::4:P4_TIPUS_CALENDARI,P4_DOMINI:01_Oblig,43006642<\/a><\/p>\n<p>O b\u00e9 truqueu al 977420195<\/p>\n<p>Per altra part teniu a la vostra disposici\u00f3 el projecte educatiu del centre des d&#8217;aquesta mateixa p\u00e0gina desplegant l&#8217;apartat &#8220;menu&#8221;. Tamb\u00e9 hi trobareu altres documents\u00a0 que poden ser del vostre inter\u00e8s.<\/p>\n<p>Podeu consultar l&#8217;oferta inicial de places des d&#8217;aquest enlla\u00e7: <a href=\"http:\/\/mapaescolar.gencat.cat\">mapaescolar.gencat.cat<\/a><\/p>\n<p>&nbsp;<\/p>\n<p><span style=\"color: #333399;\">Podeu fer consultes sobre preinscripci\u00f3 al correu e3006642@xtec.cat\u00a0<\/span><\/p>\n<p>&nbsp;<\/p>\n<p>&nbsp;<\/p>\n","protected":false},"excerpt":{"rendered":"<p>Ateses les circumst\u00e0ncies excepcionals d&#8217;aquest curs durant el per\u00edode de preinscripci\u00f3 i per tal de reduir la mobilitat de persones\u00a0 en els centres educatius, es promou l\u2019\u00fas de la sol\u00b7licitud en suport inform\u00e0tic. S\u2019elimina la necessitat de presentar la sol\u00b7licitud i la documentaci\u00f3 en paper al centre. CICLES FORMATIUS: La sol\u00b7licitud s&#8217;ha de presentar al [&hellip;]<\/p>\n","protected":false},"author":1,"featured_media":3251,"comment_status":"closed","ping_status":"closed","sticky":false,"template":"","format":"standard","meta":{"_bbp_topic_count":0,"_bbp_reply_count":0,"_bbp_total_topic_count":0,"_bbp_total_reply_count":0,"_bbp_voice_count":0,"_bbp_anonymous_reply_count":0,"_bbp_topic_count_hidden":0,"_bbp_reply_count_hidden":0,"_bbp_forum_subforum_count":0,"site-sidebar-layout":"default","site-content-layout":"","ast-site-content-layout":"","site-content-style":"default","site-sidebar-style":"default","ast-global-header-display":"","ast-banner-title-visibility":"","ast-main-header-display":"","ast-hfb-above-header-display":"","ast-hfb-below-header-display":"","ast-hfb-mobile-header-display":"","site-post-title":"","ast-breadcrumbs-content":"","ast-featured-img":"","footer-sml-layout":"","theme-transparent-header-meta":"","adv-header-id-meta":"","stick-header-meta":"","header-above-stick-meta":"","header-main-stick-meta":"","header-below-stick-meta":"","astra-migrate-meta-layouts":"default","ast-page-background-enabled":"default","ast-page-background-meta":{"desktop":{"background-color":"var(--ast-global-color-4)","background-image":"","background-repeat":"repeat","background-position":"center center","background-size":"auto","background-attachment":"scroll","background-type":"","background-media":"","overlay-type":"","overlay-color":"","overlay-opacity":"","overlay-gradient":""},"tablet":{"background-color":"","background-image":"","background-repeat":"repeat","background-position":"center center","background-size":"auto","background-attachment":"scroll","background-type":"","background-media":"","overlay-type":"","overlay-color":"","overlay-opacity":"","overlay-gradient":""},"mobile":{"background-color":"","background-image":"","background-repeat":"repeat","background-position":"center center","background-size":"auto","background-attachment":"scroll","background-type":"","background-media":"","overlay-type":"","overlay-color":"","overlay-opacity":"","overlay-gradient":""}},"ast-content-background-meta":{"desktop":{"background-color":"var(--ast-global-color-5)","background-image":"","background-repeat":"repeat","background-position":"center center","background-size":"auto","background-attachment":"scroll","background-type":"","background-media":"","overlay-type":"","overlay-color":"","overlay-opacity":"","overlay-gradient":""},"tablet":{"background-color":"var(--ast-global-color-5)","background-image":"","background-repeat":"repeat","background-position":"center center","background-size":"auto","background-attachment":"scroll","background-type":"","background-media":"","overlay-type":"","overlay-color":"","overlay-opacity":"","overlay-gradient":""},"mobile":{"background-color":"var(--ast-global-color-5)","background-image":"","background-repeat":"repeat","background-position":"center center","background-size":"auto","background-attachment":"scroll","background-type":"","background-media":"","overlay-type":"","overlay-color":"","overlay-opacity":"","overlay-gradient":""}},"footnotes":""},"categories":[1,29],"tags":[],"class_list":["post-3242","post","type-post","status-publish","format-standard","has-post-thumbnail","hentry","category-general","category-portada"],"post_mailing_queue_ids":[],"_links":{"self":[{"href":"https:\/\/agora.xtec.cat\/iesterraalta\/wp-json\/wp\/v2\/posts\/3242","targetHints":{"allow":["GET"]}}],"collection":[{"href":"https:\/\/agora.xtec.cat\/iesterraalta\/wp-json\/wp\/v2\/posts"}],"about":[{"href":"https:\/\/agora.xtec.cat\/iesterraalta\/wp-json\/wp\/v2\/types\/post"}],"author":[{"embeddable":true,"href":"https:\/\/agora.xtec.cat\/iesterraalta\/wp-json\/wp\/v2\/users\/1"}],"replies":[{"embeddable":true,"href":"https:\/\/agora.xtec.cat\/iesterraalta\/wp-json\/wp\/v2\/comments?post=3242"}],"version-history":[{"count":3,"href":"https:\/\/agora.xtec.cat\/iesterraalta\/wp-json\/wp\/v2\/posts\/3242\/revisions"}],"predecessor-version":[{"id":3302,"href":"https:\/\/agora.xtec.cat\/iesterraalta\/wp-json\/wp\/v2\/posts\/3242\/revisions\/3302"}],"wp:featuredmedia":[{"embeddable":true,"href":"https:\/\/agora.xtec.cat\/iesterraalta\/wp-json\/wp\/v2\/media\/3251"}],"wp:attachment":[{"href":"https:\/\/agora.xtec.cat\/iesterraalta\/wp-json\/wp\/v2\/media?parent=3242"}],"wp:term":[{"taxonomy":"category","embeddable":true,"href":"https:\/\/agora.xtec.cat\/iesterraalta\/wp-json\/wp\/v2\/categories?post=3242"},{"taxonomy":"post_tag","embeddable":true,"href":"https:\/\/agora.xtec.cat\/iesterraalta\/wp-json\/wp\/v2\/tags?post=3242"}],"curies":[{"name":"wp","href":"https:\/\/api.w.org\/{rel}","templated":true}]}}