{"id":3159,"date":"2020-02-13T20:04:34","date_gmt":"2020-02-13T19:04:34","guid":{"rendered":"http:\/\/agora.xtec.cat\/iesterraalta\/?p=3159"},"modified":"2020-02-13T20:30:56","modified_gmt":"2020-02-13T19:30:56","slug":"signatura-de-lacord-territorial-de-la-terra-alta","status":"publish","type":"post","link":"https:\/\/agora.xtec.cat\/iesterraalta\/general\/signatura-de-lacord-territorial-de-la-terra-alta\/","title":{"rendered":"Signatura de l\u2019Acord Territorial de la Terra Alta"},"content":{"rendered":"<p>El passat dimarts 11 de febrer vam acollir l\u2019acte de la signatura de l\u2019Acord Territorial de la Terra Alta per al desenvolupament social, econ\u00f2mic i d\u2019ocupaci\u00f3 digna.\u00a0Destaca el comprom\u00eds manifest en l\u2019acord d\u2019establir\u00a0\u00a0un espai de governan\u00e7a territorial basat en la confian\u00e7a m\u00fatua i el consens, amb car\u00e0cter vinculant, i participada pel sector p\u00fablic, el sector privat, la comunitat educativa i les entitats socioecon\u00f2miques del territori, que liderar\u00e0 conjuntament i transversal les pol\u00edtiques p\u00fabliques d\u2019ocupaci\u00f3 i de desenvolupament local de la Terra Alta.<\/p>\n<p>Llegiu m\u00e9s a:\u00a0<a href=\"https:\/\/www.ccma.cat\/324\/acord-dadministracions-i-agents-socioeconomics-de-la-terra-alta-per-una-ocupacio-digna-que-eviti-el-despoblament\/noticia\/2990018\/\">https:\/\/www.ccma.cat\/324\/acord-dadministracions-i-agents-socioeconomics-de-la-terra-alta-per-una-ocupacio-digna-que-eviti-el-despoblament\/noticia\/2990018\/<\/a><\/p>\n<div class=\"ast-oembed-container \" style=\"height: 100%;\"><iframe loading=\"lazy\" title=\"Signatura de l&#039;acord Territorial de la Terra Alta\" width=\"500\" height=\"281\" src=\"https:\/\/www.youtube.com\/embed\/UKJ86_uayYM?feature=oembed\" frameborder=\"0\" allow=\"accelerometer; autoplay; clipboard-write; encrypted-media; gyroscope; picture-in-picture; web-share\" referrerpolicy=\"strict-origin-when-cross-origin\" allowfullscreen><\/iframe><\/div>\n<p>&nbsp;<\/p>\n<p>&nbsp;<\/p>\n<p>&nbsp;<\/p>\n<p>&nbsp;<\/p>\n","protected":false},"excerpt":{"rendered":"<p>El passat dimarts 11 de febrer vam acollir l\u2019acte de la signatura de l\u2019Acord Territorial de la Terra Alta per al desenvolupament social, econ\u00f2mic i d\u2019ocupaci\u00f3 digna.\u00a0Destaca el comprom\u00eds manifest en l\u2019acord d\u2019establir\u00a0\u00a0un espai de governan\u00e7a territorial basat en la confian\u00e7a m\u00fatua i el consens, amb car\u00e0cter vinculant, i participada pel sector p\u00fablic, el sector [&hellip;]<\/p>\n","protected":false},"author":1,"featured_media":3162,"comment_status":"open","ping_status":"closed","sticky":false,"template":"","format":"standard","meta":{"_bbp_topic_count":0,"_bbp_reply_count":0,"_bbp_total_topic_count":0,"_bbp_total_reply_count":0,"_bbp_voice_count":0,"_bbp_anonymous_reply_count":0,"_bbp_topic_count_hidden":0,"_bbp_reply_count_hidden":0,"_bbp_forum_subforum_count":0,"site-sidebar-layout":"default","site-content-layout":"","ast-site-content-layout":"","site-content-style":"default","site-sidebar-style":"default","ast-global-header-display":"","ast-banner-title-visibility":"","ast-main-header-display":"","ast-hfb-above-header-display":"","ast-hfb-below-header-display":"","ast-hfb-mobile-header-display":"","site-post-title":"","ast-breadcrumbs-content":"","ast-featured-img":"","footer-sml-layout":"","theme-transparent-header-meta":"","adv-header-id-meta":"","stick-header-meta":"","header-above-stick-meta":"","header-main-stick-meta":"","header-below-stick-meta":"","astra-migrate-meta-layouts":"default","ast-page-background-enabled":"default","ast-page-background-meta":{"desktop":{"background-color":"var(--ast-global-color-4)","background-image":"","background-repeat":"repeat","background-position":"center center","background-size":"auto","background-attachment":"scroll","background-type":"","background-media":"","overlay-type":"","overlay-color":"","overlay-opacity":"","overlay-gradient":""},"tablet":{"background-color":"","background-image":"","background-repeat":"repeat","background-position":"center center","background-size":"auto","background-attachment":"scroll","background-type":"","background-media":"","overlay-type":"","overlay-color":"","overlay-opacity":"","overlay-gradient":""},"mobile":{"background-color":"","background-image":"","background-repeat":"repeat","background-position":"center center","background-size":"auto","background-attachment":"scroll","background-type":"","background-media":"","overlay-type":"","overlay-color":"","overlay-opacity":"","overlay-gradient":""}},"ast-content-background-meta":{"desktop":{"background-color":"var(--ast-global-color-5)","background-image":"","background-repeat":"repeat","background-position":"center center","background-size":"auto","background-attachment":"scroll","background-type":"","background-media":"","overlay-type":"","overlay-color":"","overlay-opacity":"","overlay-gradient":""},"tablet":{"background-color":"var(--ast-global-color-5)","background-image":"","background-repeat":"repeat","background-position":"center center","background-size":"auto","background-attachment":"scroll","background-type":"","background-media":"","overlay-type":"","overlay-color":"","overlay-opacity":"","overlay-gradient":""},"mobile":{"background-color":"var(--ast-global-color-5)","background-image":"","background-repeat":"repeat","background-position":"center center","background-size":"auto","background-attachment":"scroll","background-type":"","background-media":"","overlay-type":"","overlay-color":"","overlay-opacity":"","overlay-gradient":""}},"footnotes":""},"categories":[31,1,29],"tags":[183],"class_list":["post-3159","post","type-post","status-publish","format-standard","has-post-thumbnail","hentry","category-ampa","category-general","category-portada","tag-terra-alta"],"post_mailing_queue_ids":[],"_links":{"self":[{"href":"https:\/\/agora.xtec.cat\/iesterraalta\/wp-json\/wp\/v2\/posts\/3159","targetHints":{"allow":["GET"]}}],"collection":[{"href":"https:\/\/agora.xtec.cat\/iesterraalta\/wp-json\/wp\/v2\/posts"}],"about":[{"href":"https:\/\/agora.xtec.cat\/iesterraalta\/wp-json\/wp\/v2\/types\/post"}],"author":[{"embeddable":true,"href":"https:\/\/agora.xtec.cat\/iesterraalta\/wp-json\/wp\/v2\/users\/1"}],"replies":[{"embeddable":true,"href":"https:\/\/agora.xtec.cat\/iesterraalta\/wp-json\/wp\/v2\/comments?post=3159"}],"version-history":[{"count":1,"href":"https:\/\/agora.xtec.cat\/iesterraalta\/wp-json\/wp\/v2\/posts\/3159\/revisions"}],"predecessor-version":[{"id":3161,"href":"https:\/\/agora.xtec.cat\/iesterraalta\/wp-json\/wp\/v2\/posts\/3159\/revisions\/3161"}],"wp:featuredmedia":[{"embeddable":true,"href":"https:\/\/agora.xtec.cat\/iesterraalta\/wp-json\/wp\/v2\/media\/3162"}],"wp:attachment":[{"href":"https:\/\/agora.xtec.cat\/iesterraalta\/wp-json\/wp\/v2\/media?parent=3159"}],"wp:term":[{"taxonomy":"category","embeddable":true,"href":"https:\/\/agora.xtec.cat\/iesterraalta\/wp-json\/wp\/v2\/categories?post=3159"},{"taxonomy":"post_tag","embeddable":true,"href":"https:\/\/agora.xtec.cat\/iesterraalta\/wp-json\/wp\/v2\/tags?post=3159"}],"curies":[{"name":"wp","href":"https:\/\/api.w.org\/{rel}","templated":true}]}}