{"id":2740,"date":"2019-04-03T00:25:35","date_gmt":"2019-04-02T22:25:35","guid":{"rendered":"http:\/\/agora.xtec.cat\/iesterraalta\/?p=2740"},"modified":"2019-04-03T00:29:29","modified_gmt":"2019-04-02T22:29:29","slug":"forum-descoles-verdes-a-sant-carles-de-la-rapita","status":"publish","type":"post","link":"https:\/\/agora.xtec.cat\/iesterraalta\/general\/forum-descoles-verdes-a-sant-carles-de-la-rapita\/","title":{"rendered":"F\u00f2rum d\u2019Escoles Verdes a Sant Carles de la R\u00e0pita"},"content":{"rendered":"<p>El dijous 28 de mar\u00e7 va tindre lloc a Sant Carles de la R\u00e0pita un dels F\u00f2rums del Programa Escoles Verdes, hi vam participar juntament amb sis centres de secund\u00e0ria de les comarques del Baix Ebre i\u00a0el Montsi\u00e0. Cada institut va estar representat per dos professors\/es i entre quatre i set alumnes, membres del comit\u00e8 ambiental, que \u00e9s l\u2019\u00f2rgan de participaci\u00f3 que planifica i dinamitza les accions d\u2019Escola Verda, unes 60 persones en total.<\/p>\n<p><a href=\"https:\/\/agora.xtec.cat\/iesterraalta\/wp-content\/uploads\/usu564\/2019\/04\/93F81551-6BD0-427E-A773-411AEEC44634.jpeg\"><img loading=\"lazy\" decoding=\"async\" class=\"alignleft size-full wp-image-2743\" src=\"https:\/\/agora.xtec.cat\/iesterraalta\/wp-content\/uploads\/usu564\/2019\/04\/93F81551-6BD0-427E-A773-411AEEC44634.jpeg\" alt=\"\" width=\"1599\" height=\"899\" srcset=\"https:\/\/agora.xtec.cat\/iesterraalta\/wp-content\/uploads\/usu564\/2019\/04\/93F81551-6BD0-427E-A773-411AEEC44634.jpeg 1599w, https:\/\/agora.xtec.cat\/iesterraalta\/wp-content\/uploads\/usu564\/2019\/04\/93F81551-6BD0-427E-A773-411AEEC44634-300x169.jpeg 300w, https:\/\/agora.xtec.cat\/iesterraalta\/wp-content\/uploads\/usu564\/2019\/04\/93F81551-6BD0-427E-A773-411AEEC44634-768x432.jpeg 768w, https:\/\/agora.xtec.cat\/iesterraalta\/wp-content\/uploads\/usu564\/2019\/04\/93F81551-6BD0-427E-A773-411AEEC44634-1024x576.jpeg 1024w\" sizes=\"auto, (max-width: 1599px) 100vw, 1599px\" \/><\/a><\/p>\n<p>El f\u00f2rum es va iniciar a l\u2019Institut Els Alfacs, on l\u2019alcalde del municipi i representants dels departaments de Territori i Sostenibilitat i d\u2019Educaci\u00f3 de la Generalitat de Catalunya, van donar la benvinguda als participants. A continuaci\u00f3, l\u2019alumnat per una banda i el professorat per una altra, es van distribuir en diferents grups de treball on van reflexionar sobre les diferents accions que realitzen al centre i com aquestes tenen una incid\u00e8ncia directa amb el seu entorn m\u00e9s immediat. Es va realitzar un \u201cmercat d\u2019intercanvi d\u2019experi\u00e8ncies\u201d als exteriors del mateix institut per tal de promoure la transfer\u00e8ncia d\u2019idees i accions entre els centres.<\/p>\n<p>Un cop finalitzat el mercat i les din\u00e0miques, tots els participants es van despla\u00e7ar a peu fins al Parc de Garb\u00ed, on van dinar.<br \/>\nA la tarda, a la mateixa Platja de Garb\u00ed al costat del port del la R\u00e0pita, van realitzar una activitat d\u2019an\u00e0lisi i detecci\u00f3 de micropl\u00e0stics a l\u2019arena que forma part de l\u2019extens programa de ci\u00e8ncia ciutadana i sensibilitzaci\u00f3 \u201cObservadors del Mar\u201d.<\/p>\n<p>CENTRES PARTICIPANTS F\u00d2RUM ESCOLES VERDES \u2013 LA R\u00c0PITA<\/p>\n<p>Institut Manuel Sales i Ferr\u00e9 d\u2019Ulldecona<br \/>\nInstitut Terra Alta de Gandesa<br \/>\nInstitut Roquetes de Roquetes<br \/>\nInstitut Ramon Berenguer IV d\u2019Amposta<br \/>\nInstitut MD de la Candelera de L\u2019Atmella de Mar<br \/>\nInstitut Els Alfacs de St. Carles de la R\u00e0pita<br \/>\nCEE Verge de la Cinta de Tortosa<\/p>\n<p><a href=\"https:\/\/agora.xtec.cat\/iesterraalta\/wp-content\/uploads\/usu564\/2019\/04\/7E0F4C0E-C60D-4AFA-8092-6992087000D9.jpeg\"><img loading=\"lazy\" decoding=\"async\" class=\"alignleft size-full wp-image-2744\" src=\"https:\/\/agora.xtec.cat\/iesterraalta\/wp-content\/uploads\/usu564\/2019\/04\/7E0F4C0E-C60D-4AFA-8092-6992087000D9.jpeg\" alt=\"\" width=\"1599\" height=\"1200\" srcset=\"https:\/\/agora.xtec.cat\/iesterraalta\/wp-content\/uploads\/usu564\/2019\/04\/7E0F4C0E-C60D-4AFA-8092-6992087000D9.jpeg 1599w, https:\/\/agora.xtec.cat\/iesterraalta\/wp-content\/uploads\/usu564\/2019\/04\/7E0F4C0E-C60D-4AFA-8092-6992087000D9-300x225.jpeg 300w, https:\/\/agora.xtec.cat\/iesterraalta\/wp-content\/uploads\/usu564\/2019\/04\/7E0F4C0E-C60D-4AFA-8092-6992087000D9-768x576.jpeg 768w, https:\/\/agora.xtec.cat\/iesterraalta\/wp-content\/uploads\/usu564\/2019\/04\/7E0F4C0E-C60D-4AFA-8092-6992087000D9-1024x768.jpeg 1024w, https:\/\/agora.xtec.cat\/iesterraalta\/wp-content\/uploads\/usu564\/2019\/04\/7E0F4C0E-C60D-4AFA-8092-6992087000D9-200x150.jpeg 200w\" sizes=\"auto, (max-width: 1599px) 100vw, 1599px\" \/><\/a><\/p>\n","protected":false},"excerpt":{"rendered":"<p>El dijous 28 de mar\u00e7 va tindre lloc a Sant Carles de la R\u00e0pita un dels F\u00f2rums del Programa Escoles Verdes, hi vam participar juntament amb sis centres de secund\u00e0ria de les comarques del Baix Ebre i\u00a0el Montsi\u00e0. Cada institut va estar representat per dos professors\/es i entre quatre i set alumnes, membres del comit\u00e8 [&hellip;]<\/p>\n","protected":false},"author":1,"featured_media":2741,"comment_status":"open","ping_status":"closed","sticky":false,"template":"","format":"standard","meta":{"_bbp_topic_count":0,"_bbp_reply_count":0,"_bbp_total_topic_count":0,"_bbp_total_reply_count":0,"_bbp_voice_count":0,"_bbp_anonymous_reply_count":0,"_bbp_topic_count_hidden":0,"_bbp_reply_count_hidden":0,"_bbp_forum_subforum_count":0,"site-sidebar-layout":"default","site-content-layout":"","ast-site-content-layout":"","site-content-style":"default","site-sidebar-style":"default","ast-global-header-display":"","ast-banner-title-visibility":"","ast-main-header-display":"","ast-hfb-above-header-display":"","ast-hfb-below-header-display":"","ast-hfb-mobile-header-display":"","site-post-title":"","ast-breadcrumbs-content":"","ast-featured-img":"","footer-sml-layout":"","theme-transparent-header-meta":"","adv-header-id-meta":"","stick-header-meta":"","header-above-stick-meta":"","header-main-stick-meta":"","header-below-stick-meta":"","astra-migrate-meta-layouts":"default","ast-page-background-enabled":"default","ast-page-background-meta":{"desktop":{"background-color":"var(--ast-global-color-4)","background-image":"","background-repeat":"repeat","background-position":"center center","background-size":"auto","background-attachment":"scroll","background-type":"","background-media":"","overlay-type":"","overlay-color":"","overlay-opacity":"","overlay-gradient":""},"tablet":{"background-color":"","background-image":"","background-repeat":"repeat","background-position":"center center","background-size":"auto","background-attachment":"scroll","background-type":"","background-media":"","overlay-type":"","overlay-color":"","overlay-opacity":"","overlay-gradient":""},"mobile":{"background-color":"","background-image":"","background-repeat":"repeat","background-position":"center center","background-size":"auto","background-attachment":"scroll","background-type":"","background-media":"","overlay-type":"","overlay-color":"","overlay-opacity":"","overlay-gradient":""}},"ast-content-background-meta":{"desktop":{"background-color":"var(--ast-global-color-5)","background-image":"","background-repeat":"repeat","background-position":"center center","background-size":"auto","background-attachment":"scroll","background-type":"","background-media":"","overlay-type":"","overlay-color":"","overlay-opacity":"","overlay-gradient":""},"tablet":{"background-color":"var(--ast-global-color-5)","background-image":"","background-repeat":"repeat","background-position":"center center","background-size":"auto","background-attachment":"scroll","background-type":"","background-media":"","overlay-type":"","overlay-color":"","overlay-opacity":"","overlay-gradient":""},"mobile":{"background-color":"var(--ast-global-color-5)","background-image":"","background-repeat":"repeat","background-position":"center center","background-size":"auto","background-attachment":"scroll","background-type":"","background-media":"","overlay-type":"","overlay-color":"","overlay-opacity":"","overlay-gradient":""}},"footnotes":""},"categories":[8,30,3,1,29],"tags":[56],"class_list":["post-2740","post","type-post","status-publish","format-standard","has-post-thumbnail","hentry","category-batxillerat","category-cicles-formatius","category-eso","category-general","category-portada","tag-escola-verda"],"post_mailing_queue_ids":[],"_links":{"self":[{"href":"https:\/\/agora.xtec.cat\/iesterraalta\/wp-json\/wp\/v2\/posts\/2740","targetHints":{"allow":["GET"]}}],"collection":[{"href":"https:\/\/agora.xtec.cat\/iesterraalta\/wp-json\/wp\/v2\/posts"}],"about":[{"href":"https:\/\/agora.xtec.cat\/iesterraalta\/wp-json\/wp\/v2\/types\/post"}],"author":[{"embeddable":true,"href":"https:\/\/agora.xtec.cat\/iesterraalta\/wp-json\/wp\/v2\/users\/1"}],"replies":[{"embeddable":true,"href":"https:\/\/agora.xtec.cat\/iesterraalta\/wp-json\/wp\/v2\/comments?post=2740"}],"version-history":[{"count":2,"href":"https:\/\/agora.xtec.cat\/iesterraalta\/wp-json\/wp\/v2\/posts\/2740\/revisions"}],"predecessor-version":[{"id":2745,"href":"https:\/\/agora.xtec.cat\/iesterraalta\/wp-json\/wp\/v2\/posts\/2740\/revisions\/2745"}],"wp:featuredmedia":[{"embeddable":true,"href":"https:\/\/agora.xtec.cat\/iesterraalta\/wp-json\/wp\/v2\/media\/2741"}],"wp:attachment":[{"href":"https:\/\/agora.xtec.cat\/iesterraalta\/wp-json\/wp\/v2\/media?parent=2740"}],"wp:term":[{"taxonomy":"category","embeddable":true,"href":"https:\/\/agora.xtec.cat\/iesterraalta\/wp-json\/wp\/v2\/categories?post=2740"},{"taxonomy":"post_tag","embeddable":true,"href":"https:\/\/agora.xtec.cat\/iesterraalta\/wp-json\/wp\/v2\/tags?post=2740"}],"curies":[{"name":"wp","href":"https:\/\/api.w.org\/{rel}","templated":true}]}}