{"id":2216,"date":"2018-05-10T23:02:28","date_gmt":"2018-05-10T21:02:28","guid":{"rendered":"http:\/\/agora.xtec.cat\/iesterraalta\/?p=2216"},"modified":"2018-05-10T23:08:50","modified_gmt":"2018-05-10T21:08:50","slug":"com-sona-leso-2018-max-vs-medusa-a-amposta","status":"publish","type":"post","link":"https:\/\/agora.xtec.cat\/iesterraalta\/general\/com-sona-leso-2018-max-vs-medusa-a-amposta\/","title":{"rendered":"Com sona l\u2019ESO 2018: Max vs Medusa a Amposta"},"content":{"rendered":"<p><a href=\"http:\/\/agora.xtec.cat\/iesterraalta\/wp-content\/uploads\/usu564\/2018\/05\/CC5D02B7-16E0-48E9-BDEE-15350EC79018.jpeg\"><br \/>\n<\/a>Un any m\u00e9s participem a la trobada anual d\u2019alumnat i professorat de m\u00fasica de secund\u00e0ria i batxillerat, <strong>Com soma l\u2019ESO<\/strong>.<\/p>\n<p>Enguany a Amposta es prepara un gran concert conjunt:\u00a01500 persones cantant, ballant i tocant. Sense cap mena de dubte una experi\u00e8ncia \u00fanica i espectacular. La m\u00fasica enfrontar\u00e0 a Max contra la Medusa, i amb l\u2019ajut de la musa de l\u2019armonia conjurada pels superherois, el b\u00e9 i la felicitat triomfaran.<\/p>\n<p><a href=\"https:\/\/www.comsonaleso.com\/\"><img loading=\"lazy\" decoding=\"async\" class=\"aligncenter size-medium wp-image-2217\" src=\"http:\/\/agora.xtec.cat\/iesterraalta\/wp-content\/uploads\/usu564\/2018\/05\/CC5D02B7-16E0-48E9-BDEE-15350EC79018-300x206.jpeg\" alt=\"\" width=\"300\" height=\"206\" srcset=\"https:\/\/agora.xtec.cat\/iesterraalta\/wp-content\/uploads\/usu564\/2018\/05\/CC5D02B7-16E0-48E9-BDEE-15350EC79018-300x206.jpeg 300w, https:\/\/agora.xtec.cat\/iesterraalta\/wp-content\/uploads\/usu564\/2018\/05\/CC5D02B7-16E0-48E9-BDEE-15350EC79018-768x527.jpeg 768w, https:\/\/agora.xtec.cat\/iesterraalta\/wp-content\/uploads\/usu564\/2018\/05\/CC5D02B7-16E0-48E9-BDEE-15350EC79018-1024x703.jpeg 1024w, https:\/\/agora.xtec.cat\/iesterraalta\/wp-content\/uploads\/usu564\/2018\/05\/CC5D02B7-16E0-48E9-BDEE-15350EC79018.jpeg 2043w\" sizes=\"auto, (max-width: 300px) 100vw, 300px\" \/><\/a><\/p>\n","protected":false},"excerpt":{"rendered":"<p>Un any m\u00e9s participem a la trobada anual d\u2019alumnat i professorat de m\u00fasica de secund\u00e0ria i batxillerat, Com soma l\u2019ESO. Enguany a Amposta es prepara un gran concert conjunt:\u00a01500 persones cantant, ballant i tocant. Sense cap mena de dubte una experi\u00e8ncia \u00fanica i espectacular. La m\u00fasica enfrontar\u00e0 a Max contra la Medusa, i amb l\u2019ajut [&hellip;]<\/p>\n","protected":false},"author":1,"featured_media":2218,"comment_status":"open","ping_status":"closed","sticky":false,"template":"","format":"standard","meta":{"_bbp_topic_count":0,"_bbp_reply_count":0,"_bbp_total_topic_count":0,"_bbp_total_reply_count":0,"_bbp_voice_count":0,"_bbp_anonymous_reply_count":0,"_bbp_topic_count_hidden":0,"_bbp_reply_count_hidden":0,"_bbp_forum_subforum_count":0,"site-sidebar-layout":"default","site-content-layout":"","ast-site-content-layout":"","site-content-style":"default","site-sidebar-style":"default","ast-global-header-display":"","ast-banner-title-visibility":"","ast-main-header-display":"","ast-hfb-above-header-display":"","ast-hfb-below-header-display":"","ast-hfb-mobile-header-display":"","site-post-title":"","ast-breadcrumbs-content":"","ast-featured-img":"","footer-sml-layout":"","theme-transparent-header-meta":"","adv-header-id-meta":"","stick-header-meta":"","header-above-stick-meta":"","header-main-stick-meta":"","header-below-stick-meta":"","astra-migrate-meta-layouts":"default","ast-page-background-enabled":"default","ast-page-background-meta":{"desktop":{"background-color":"var(--ast-global-color-4)","background-image":"","background-repeat":"repeat","background-position":"center center","background-size":"auto","background-attachment":"scroll","background-type":"","background-media":"","overlay-type":"","overlay-color":"","overlay-opacity":"","overlay-gradient":""},"tablet":{"background-color":"","background-image":"","background-repeat":"repeat","background-position":"center center","background-size":"auto","background-attachment":"scroll","background-type":"","background-media":"","overlay-type":"","overlay-color":"","overlay-opacity":"","overlay-gradient":""},"mobile":{"background-color":"","background-image":"","background-repeat":"repeat","background-position":"center center","background-size":"auto","background-attachment":"scroll","background-type":"","background-media":"","overlay-type":"","overlay-color":"","overlay-opacity":"","overlay-gradient":""}},"ast-content-background-meta":{"desktop":{"background-color":"var(--ast-global-color-5)","background-image":"","background-repeat":"repeat","background-position":"center center","background-size":"auto","background-attachment":"scroll","background-type":"","background-media":"","overlay-type":"","overlay-color":"","overlay-opacity":"","overlay-gradient":""},"tablet":{"background-color":"var(--ast-global-color-5)","background-image":"","background-repeat":"repeat","background-position":"center center","background-size":"auto","background-attachment":"scroll","background-type":"","background-media":"","overlay-type":"","overlay-color":"","overlay-opacity":"","overlay-gradient":""},"mobile":{"background-color":"var(--ast-global-color-5)","background-image":"","background-repeat":"repeat","background-position":"center center","background-size":"auto","background-attachment":"scroll","background-type":"","background-media":"","overlay-type":"","overlay-color":"","overlay-opacity":"","overlay-gradient":""}},"footnotes":""},"categories":[31,3,1,29],"tags":[144],"class_list":["post-2216","post","type-post","status-publish","format-standard","has-post-thumbnail","hentry","category-ampa","category-eso","category-general","category-portada","tag-com-sona-leso"],"post_mailing_queue_ids":[],"_links":{"self":[{"href":"https:\/\/agora.xtec.cat\/iesterraalta\/wp-json\/wp\/v2\/posts\/2216","targetHints":{"allow":["GET"]}}],"collection":[{"href":"https:\/\/agora.xtec.cat\/iesterraalta\/wp-json\/wp\/v2\/posts"}],"about":[{"href":"https:\/\/agora.xtec.cat\/iesterraalta\/wp-json\/wp\/v2\/types\/post"}],"author":[{"embeddable":true,"href":"https:\/\/agora.xtec.cat\/iesterraalta\/wp-json\/wp\/v2\/users\/1"}],"replies":[{"embeddable":true,"href":"https:\/\/agora.xtec.cat\/iesterraalta\/wp-json\/wp\/v2\/comments?post=2216"}],"version-history":[{"count":3,"href":"https:\/\/agora.xtec.cat\/iesterraalta\/wp-json\/wp\/v2\/posts\/2216\/revisions"}],"predecessor-version":[{"id":2222,"href":"https:\/\/agora.xtec.cat\/iesterraalta\/wp-json\/wp\/v2\/posts\/2216\/revisions\/2222"}],"wp:featuredmedia":[{"embeddable":true,"href":"https:\/\/agora.xtec.cat\/iesterraalta\/wp-json\/wp\/v2\/media\/2218"}],"wp:attachment":[{"href":"https:\/\/agora.xtec.cat\/iesterraalta\/wp-json\/wp\/v2\/media?parent=2216"}],"wp:term":[{"taxonomy":"category","embeddable":true,"href":"https:\/\/agora.xtec.cat\/iesterraalta\/wp-json\/wp\/v2\/categories?post=2216"},{"taxonomy":"post_tag","embeddable":true,"href":"https:\/\/agora.xtec.cat\/iesterraalta\/wp-json\/wp\/v2\/tags?post=2216"}],"curies":[{"name":"wp","href":"https:\/\/api.w.org\/{rel}","templated":true}]}}