{"id":1162,"date":"2017-02-09T11:40:47","date_gmt":"2017-02-09T10:40:47","guid":{"rendered":"http:\/\/agora.xtec.cat\/iesterraalta\/?p=1162"},"modified":"2017-02-09T11:56:04","modified_gmt":"2017-02-09T10:56:04","slug":"marc-del-plurilinguisme-a-lins-terra-alta","status":"publish","type":"post","link":"https:\/\/agora.xtec.cat\/iesterraalta\/general\/marc-del-plurilinguisme-a-lins-terra-alta\/","title":{"rendered":"Marc del pluriling\u00fcisme a l&#8217;INS Terra Alta"},"content":{"rendered":"<p>El cinqu\u00e8 eix de l&#8217;ofensiva a favor de l&#8217;\u00e8xit escolar, engegada pel Departament d&#8217;Ensenyament, defineix el pluriling\u00fcisme com el conjunt de les\u00a0 accions escolars de dinamitzaci\u00f3 ling\u00fc\u00edstica i comunicativa en els \u00e0mbits acad\u00e8mics i d\u2019interculturalitat per incrementar el domini de les lleng\u00fces a Catalunya.<a href=\"http:\/\/agora.xtec.cat\/iesterraalta\/wp-content\/uploads\/usu564\/2017\/02\/div_linguistica.jpg_492402005.jpg\"><img loading=\"lazy\" decoding=\"async\" class=\"size-full wp-image-1168 alignleft\" src=\"http:\/\/agora.xtec.cat\/iesterraalta\/wp-content\/uploads\/usu564\/2017\/02\/div_linguistica.jpg_492402005.jpg\" alt=\"div_linguistica-jpg_492402005\" width=\"256\" height=\"256\" srcset=\"https:\/\/agora.xtec.cat\/iesterraalta\/wp-content\/uploads\/usu564\/2017\/02\/div_linguistica.jpg_492402005.jpg 256w, https:\/\/agora.xtec.cat\/iesterraalta\/wp-content\/uploads\/usu564\/2017\/02\/div_linguistica.jpg_492402005-150x150.jpg 150w\" sizes=\"auto, (max-width: 256px) 100vw, 256px\" \/><\/a><\/p>\n<p>Aix\u00ed, dins de la nostra programaci\u00f3 anual, fa tres cursos que el nostre centre se&#8217;n fa ress\u00f2 d&#8217;aquesta l\u00ednia de treball de les lleng\u00fces i aquesta estrat\u00e8gia ens aporta:<\/p>\n<ul>\n<li>Millora Compet\u00e8ncia comunicativa<\/li>\n<li>Foment de les lleng\u00fces: angl\u00e8s i franc\u00e8s<\/li>\n<li>Actualitzaci\u00f3 del projecte ling\u00fc\u00edstic de centre<\/li>\n<\/ul>\n<p>&nbsp;<\/p>\n<p>&nbsp;<\/p>\n<ul style=\"list-style-type: circle;\">\n<li>Hem implantat l&#8217;AICLE (aprenentatge de lleng\u00fces estrangeres en \u00e0rees no ling\u00fc\u00edstiques):<\/li>\n<\/ul>\n<p><a href=\"http:\/\/agora.xtec.cat\/iesterraalta\/wp-content\/uploads\/usu564\/2017\/02\/Sense-t\u00edtol.jpg\"><img loading=\"lazy\" decoding=\"async\" class=\"size-full wp-image-1163 alignleft\" src=\"http:\/\/agora.xtec.cat\/iesterraalta\/wp-content\/uploads\/usu564\/2017\/02\/Sense-t\u00edtol.jpg\" alt=\"sense-titol\" width=\"571\" height=\"175\" srcset=\"https:\/\/agora.xtec.cat\/iesterraalta\/wp-content\/uploads\/usu564\/2017\/02\/Sense-t\u00edtol.jpg 571w, https:\/\/agora.xtec.cat\/iesterraalta\/wp-content\/uploads\/usu564\/2017\/02\/Sense-t\u00edtol-300x92.jpg 300w\" sizes=\"auto, (max-width: 571px) 100vw, 571px\" \/><\/a><\/p>\n<p>&nbsp;<\/p>\n<p>&nbsp;<\/p>\n<p>&nbsp;<\/p>\n<p>&nbsp;<\/p>\n<ul style=\"list-style-type: circle;\">\n<li>Hem iniciat el TIL (Projectes de comunicaci\u00f3 interlleng\u00fces)<\/li>\n<li>Hem consolidat accions d&#8217;intercanvi amb altres centres que impliquen la mobilitat dels alumnes (angl\u00e8s: Naaldwijk, Holanda: Institute Lentiz Dalton; franc\u00e8s: Tournon-sur-Rhone, Fran\u00e7a: <span id=\":1ee\">Lyc\u00e9e Gabriel Faure)<\/span><\/li>\n<li>Hem fomentat la formaci\u00f3 del professorat.<\/li>\n<\/ul>\n<p>La principal finalitat \u00e9s incrementar el coneixement i l&#8217;\u00fas de les lleng\u00fces estrangeres i proporcionar a l&#8217;alumnat oportunitats de comunicaci\u00f3 i aprenentatge al llarg de la seva vida<\/p>\n<p>&nbsp;<\/p>\n<p>&nbsp;<\/p>\n","protected":false},"excerpt":{"rendered":"<p>El cinqu\u00e8 eix de l&#8217;ofensiva a favor de l&#8217;\u00e8xit escolar, engegada pel Departament d&#8217;Ensenyament, defineix el pluriling\u00fcisme com el conjunt de les\u00a0 accions escolars de dinamitzaci\u00f3 ling\u00fc\u00edstica i comunicativa en els \u00e0mbits acad\u00e8mics i d\u2019interculturalitat per incrementar el domini de les lleng\u00fces a Catalunya. Aix\u00ed, dins de la nostra programaci\u00f3 anual, fa tres cursos que [&hellip;]<\/p>\n","protected":false},"author":1,"featured_media":1164,"comment_status":"open","ping_status":"open","sticky":false,"template":"","format":"standard","meta":{"_bbp_topic_count":0,"_bbp_reply_count":0,"_bbp_total_topic_count":0,"_bbp_total_reply_count":0,"_bbp_voice_count":0,"_bbp_anonymous_reply_count":0,"_bbp_topic_count_hidden":0,"_bbp_reply_count_hidden":0,"_bbp_forum_subforum_count":0,"site-sidebar-layout":"default","site-content-layout":"","ast-site-content-layout":"","site-content-style":"default","site-sidebar-style":"default","ast-global-header-display":"","ast-banner-title-visibility":"","ast-main-header-display":"","ast-hfb-above-header-display":"","ast-hfb-below-header-display":"","ast-hfb-mobile-header-display":"","site-post-title":"","ast-breadcrumbs-content":"","ast-featured-img":"","footer-sml-layout":"","theme-transparent-header-meta":"","adv-header-id-meta":"","stick-header-meta":"","header-above-stick-meta":"","header-main-stick-meta":"","header-below-stick-meta":"","astra-migrate-meta-layouts":"default","ast-page-background-enabled":"default","ast-page-background-meta":{"desktop":{"background-color":"var(--ast-global-color-4)","background-image":"","background-repeat":"repeat","background-position":"center center","background-size":"auto","background-attachment":"scroll","background-type":"","background-media":"","overlay-type":"","overlay-color":"","overlay-opacity":"","overlay-gradient":""},"tablet":{"background-color":"","background-image":"","background-repeat":"repeat","background-position":"center center","background-size":"auto","background-attachment":"scroll","background-type":"","background-media":"","overlay-type":"","overlay-color":"","overlay-opacity":"","overlay-gradient":""},"mobile":{"background-color":"","background-image":"","background-repeat":"repeat","background-position":"center center","background-size":"auto","background-attachment":"scroll","background-type":"","background-media":"","overlay-type":"","overlay-color":"","overlay-opacity":"","overlay-gradient":""}},"ast-content-background-meta":{"desktop":{"background-color":"var(--ast-global-color-5)","background-image":"","background-repeat":"repeat","background-position":"center center","background-size":"auto","background-attachment":"scroll","background-type":"","background-media":"","overlay-type":"","overlay-color":"","overlay-opacity":"","overlay-gradient":""},"tablet":{"background-color":"var(--ast-global-color-5)","background-image":"","background-repeat":"repeat","background-position":"center center","background-size":"auto","background-attachment":"scroll","background-type":"","background-media":"","overlay-type":"","overlay-color":"","overlay-opacity":"","overlay-gradient":""},"mobile":{"background-color":"var(--ast-global-color-5)","background-image":"","background-repeat":"repeat","background-position":"center center","background-size":"auto","background-attachment":"scroll","background-type":"","background-media":"","overlay-type":"","overlay-color":"","overlay-opacity":"","overlay-gradient":""}},"footnotes":""},"categories":[3,1,29],"tags":[],"class_list":["post-1162","post","type-post","status-publish","format-standard","has-post-thumbnail","hentry","category-eso","category-general","category-portada"],"post_mailing_queue_ids":[],"_links":{"self":[{"href":"https:\/\/agora.xtec.cat\/iesterraalta\/wp-json\/wp\/v2\/posts\/1162","targetHints":{"allow":["GET"]}}],"collection":[{"href":"https:\/\/agora.xtec.cat\/iesterraalta\/wp-json\/wp\/v2\/posts"}],"about":[{"href":"https:\/\/agora.xtec.cat\/iesterraalta\/wp-json\/wp\/v2\/types\/post"}],"author":[{"embeddable":true,"href":"https:\/\/agora.xtec.cat\/iesterraalta\/wp-json\/wp\/v2\/users\/1"}],"replies":[{"embeddable":true,"href":"https:\/\/agora.xtec.cat\/iesterraalta\/wp-json\/wp\/v2\/comments?post=1162"}],"version-history":[{"count":2,"href":"https:\/\/agora.xtec.cat\/iesterraalta\/wp-json\/wp\/v2\/posts\/1162\/revisions"}],"predecessor-version":[{"id":1169,"href":"https:\/\/agora.xtec.cat\/iesterraalta\/wp-json\/wp\/v2\/posts\/1162\/revisions\/1169"}],"wp:featuredmedia":[{"embeddable":true,"href":"https:\/\/agora.xtec.cat\/iesterraalta\/wp-json\/wp\/v2\/media\/1164"}],"wp:attachment":[{"href":"https:\/\/agora.xtec.cat\/iesterraalta\/wp-json\/wp\/v2\/media?parent=1162"}],"wp:term":[{"taxonomy":"category","embeddable":true,"href":"https:\/\/agora.xtec.cat\/iesterraalta\/wp-json\/wp\/v2\/categories?post=1162"},{"taxonomy":"post_tag","embeddable":true,"href":"https:\/\/agora.xtec.cat\/iesterraalta\/wp-json\/wp\/v2\/tags?post=1162"}],"curies":[{"name":"wp","href":"https:\/\/api.w.org\/{rel}","templated":true}]}}