{"id":3193,"date":"2026-06-10T12:30:42","date_gmt":"2026-06-10T10:30:42","guid":{"rendered":"https:\/\/agora.xtec.cat\/iesspsp\/?p=3193"},"modified":"2026-06-10T13:09:18","modified_gmt":"2026-06-10T11:09:18","slug":"publicacio-de-loferta-definitiva-i-de-les-llistes-dassignacio-dels-ensenyaments-obligatoris","status":"publish","type":"post","link":"https:\/\/agora.xtec.cat\/iesspsp\/portada\/publicacio-de-loferta-definitiva-i-de-les-llistes-dassignacio-dels-ensenyaments-obligatoris\/","title":{"rendered":"Publicaci\u00f3 de l&#8217;oferta definitiva i de les llistes d&#8217;assignaci\u00f3 dels ensenyaments obligatoris"},"content":{"rendered":"\n<p>Ja es poden consultar els documents corresponents al <strong>proc\u00e9s d&#8217;admissi\u00f3 als ensenyaments obligatoris<\/strong>: l&#8217;<strong>oferta definitiva dels ensenyaments obligatoris<\/strong> i les <strong>llistes d&#8217;assignaci\u00f3, de preinscrits i d&#8217;espera<\/strong>. <\/p>\n\n\n\n<p>Pel que fa a les <strong>llistes d&#8217;assignaci\u00f3, de preinscrits i d&#8217;espera<\/strong>, el <strong>per\u00edode per presentar reclamacions \u00e9s del 10 al 12 de juny<\/strong>. Les reclamacions s&#8217;han de formalitzar mitjan\u00e7ant la <strong>sol\u00b7licitud corresponent<\/strong>, adre\u00e7ada a la <strong>Comissi\u00f3 de Garanties d&#8217;Admissi\u00f3 (CGA)<\/strong> i presentada a trav\u00e9s del tramitador: <a href=\"https:\/\/tramits.gencat.cat\/ca\/tramits\/tramits-temes\/reclamacio-preinscripcio-obligatoris?category=&amp;moda=1\" data-type=\"link\" data-id=\"https:\/\/tramits.gencat.cat\/ca\/tramits\/tramits-temes\/reclamacio-preinscripcio-obligatoris?category=&amp;moda=1\">Reclamaci\u00f3 contra assignacions de preinscripci\u00f3 d&#8217;ensenyaments obligatoris<\/a>.<\/p>\n\n\n\n<div class=\"wp-block-columns is-layout-flex wp-container-core-columns-is-layout-1 wp-block-columns-is-layout-flex\">\n<div class=\"wp-block-column is-layout-flow wp-block-column-is-layout-flow\">\n<div data-wp-interactive=\"core\/file\" class=\"wp-block-file\"><object data-wp-bind--hidden=\"!state.hasPdfPreview\" hidden class=\"wp-block-file__embed\" data=\"https:\/\/agora.xtec.cat\/iesspsp\/wp-content\/uploads\/usu2286\/2026\/06\/INFORME_PREINSCRITES_OME_INFORME_PREINSCRITES_OME.pdf\" type=\"application\/pdf\" style=\"width:100%;height:200px\" aria-label=\"Incrustaci\u00f3 del fitxer INFORME_PREINSCRITES_OME_INFORME_PREINSCRITES_OME.\"><\/object><a id=\"wp-block-file--media-c48fd4f4-c0e9-401f-a0d4-d8f6d99b2af1\" href=\"https:\/\/agora.xtec.cat\/iesspsp\/wp-content\/uploads\/usu2286\/2026\/06\/INFORME_PREINSCRITES_OME_INFORME_PREINSCRITES_OME.pdf\">INFORME_PREINSCRITES_OME_INFORME_PREINSCRITES_OME<\/a><\/div>\n<\/div>\n\n\n\n<div class=\"wp-block-column is-layout-flow wp-block-column-is-layout-flow\">\n<div data-wp-interactive=\"core\/file\" class=\"wp-block-file\"><object data-wp-bind--hidden=\"!state.hasPdfPreview\" hidden class=\"wp-block-file__embed\" data=\"https:\/\/agora.xtec.cat\/iesspsp\/wp-content\/uploads\/usu2286\/2026\/06\/INFORME_LLISTA_ESPERA_OME_LLISTA_ESPERA-1.pdf\" type=\"application\/pdf\" style=\"width:100%;height:200px\" aria-label=\"Incrustaci\u00f3 del fitxer INFORME_LLISTA_ESPERA_OME_LLISTA_ESPERA (1).\"><\/object><a id=\"wp-block-file--media-edecfa58-8b94-4949-98c3-708c748438a3\" href=\"https:\/\/agora.xtec.cat\/iesspsp\/wp-content\/uploads\/usu2286\/2026\/06\/INFORME_LLISTA_ESPERA_OME_LLISTA_ESPERA-1.pdf\">INFORME_LLISTA_ESPERA_OME_LLISTA_ESPERA (1)<\/a><\/div>\n<\/div>\n<\/div>\n\n\n\n<div class=\"wp-block-columns is-layout-flex wp-container-core-columns-is-layout-2 wp-block-columns-is-layout-flex\">\n<div class=\"wp-block-column is-layout-flow wp-block-column-is-layout-flow\">\n<div data-wp-interactive=\"core\/file\" class=\"wp-block-file\"><object data-wp-bind--hidden=\"!state.hasPdfPreview\" hidden class=\"wp-block-file__embed\" data=\"https:\/\/agora.xtec.cat\/iesspsp\/wp-content\/uploads\/usu2286\/2026\/06\/INFORME_ASSIGNADES_INFORME_ASSIGNADES-1.pdf\" type=\"application\/pdf\" style=\"width:100%;height:200px\" aria-label=\"Incrustaci\u00f3 del fitxer INFORME_ASSIGNADES_INFORME_ASSIGNADES (1).\"><\/object><a id=\"wp-block-file--media-ddb994e7-b731-4095-9970-62d7b419dcb7\" href=\"https:\/\/agora.xtec.cat\/iesspsp\/wp-content\/uploads\/usu2286\/2026\/06\/INFORME_ASSIGNADES_INFORME_ASSIGNADES-1.pdf\">INFORME_ASSIGNADES_INFORME_ASSIGNADES (1)<\/a><\/div>\n<\/div>\n\n\n\n<div class=\"wp-block-column is-layout-flow wp-block-column-is-layout-flow\">\n<div data-wp-interactive=\"core\/file\" class=\"wp-block-file\"><object data-wp-bind--hidden=\"!state.hasPdfPreview\" hidden class=\"wp-block-file__embed\" data=\"https:\/\/agora.xtec.cat\/iesspsp\/wp-content\/uploads\/usu2286\/2026\/06\/INFORME_OFERTA_OME_INFORME_OFERTA-2-1.pdf\" type=\"application\/pdf\" style=\"width:100%;height:200px\" aria-label=\"Incrustaci\u00f3 del fitxer INFORME_OFERTA_OME_INFORME_OFERTA (2).\"><\/object><a id=\"wp-block-file--media-029d5bfa-dcf6-4014-9d12-1f27ecf56967\" href=\"https:\/\/agora.xtec.cat\/iesspsp\/wp-content\/uploads\/usu2286\/2026\/06\/INFORME_OFERTA_OME_INFORME_OFERTA-2-1.pdf\">INFORME_OFERTA_OME_INFORME_OFERTA (2)<\/a><\/div>\n<\/div>\n<\/div>\n\n\n\n<div class=\"wp-block-columns is-layout-flex wp-container-core-columns-is-layout-3 wp-block-columns-is-layout-flex\">\n<div class=\"wp-block-column is-layout-flow wp-block-column-is-layout-flow\"><\/div>\n\n\n\n<div class=\"wp-block-column is-layout-flow wp-block-column-is-layout-flow\"><\/div>\n<\/div>\n\n\n","protected":false},"excerpt":{"rendered":"<p>Ja es poden consultar els documents corresponents al proc\u00e9s d&#8217;admissi\u00f3 als ensenyaments obligatoris: l&#8217;oferta definitiva dels ensenyaments obligatoris i les llistes d&#8217;assignaci\u00f3, de preinscrits i d&#8217;espera. <\/p>\n<p>Pel que fa a les llistes d&#8217;assignaci\u00f3, de preinscrits i d&#8217;espera, el per\u00edode per presentar reclamacions \u00e9s del 10&hellip;  <a href=\"https:\/\/agora.xtec.cat\/iesspsp\/portada\/publicacio-de-loferta-definitiva-i-de-les-llistes-dassignacio-dels-ensenyaments-obligatoris\/\" title=\"Read Publicaci\u00f3 de l&#8217;oferta definitiva i de les llistes d&#8217;assignaci\u00f3 dels ensenyaments obligatoris\">Llegeix m\u00e9s\u00bb<\/a><\/p>\n","protected":false},"author":1,"featured_media":0,"comment_status":"open","ping_status":"open","sticky":false,"template":"","format":"standard","meta":{"_bbp_topic_count":0,"_bbp_reply_count":0,"_bbp_total_topic_count":0,"_bbp_total_reply_count":0,"_bbp_voice_count":0,"_bbp_anonymous_reply_count":0,"_bbp_topic_count_hidden":0,"_bbp_reply_count_hidden":0,"_bbp_forum_subforum_count":0,"footnotes":""},"categories":[29],"tags":[],"class_list":["post-3193","post","type-post","status-publish","format-standard","hentry","category-portada"],"post_mailing_queue_ids":[],"_links":{"self":[{"href":"https:\/\/agora.xtec.cat\/iesspsp\/wp-json\/wp\/v2\/posts\/3193","targetHints":{"allow":["GET"]}}],"collection":[{"href":"https:\/\/agora.xtec.cat\/iesspsp\/wp-json\/wp\/v2\/posts"}],"about":[{"href":"https:\/\/agora.xtec.cat\/iesspsp\/wp-json\/wp\/v2\/types\/post"}],"author":[{"embeddable":true,"href":"https:\/\/agora.xtec.cat\/iesspsp\/wp-json\/wp\/v2\/users\/1"}],"replies":[{"embeddable":true,"href":"https:\/\/agora.xtec.cat\/iesspsp\/wp-json\/wp\/v2\/comments?post=3193"}],"version-history":[{"count":4,"href":"https:\/\/agora.xtec.cat\/iesspsp\/wp-json\/wp\/v2\/posts\/3193\/revisions"}],"predecessor-version":[{"id":3204,"href":"https:\/\/agora.xtec.cat\/iesspsp\/wp-json\/wp\/v2\/posts\/3193\/revisions\/3204"}],"wp:attachment":[{"href":"https:\/\/agora.xtec.cat\/iesspsp\/wp-json\/wp\/v2\/media?parent=3193"}],"wp:term":[{"taxonomy":"category","embeddable":true,"href":"https:\/\/agora.xtec.cat\/iesspsp\/wp-json\/wp\/v2\/categories?post=3193"},{"taxonomy":"post_tag","embeddable":true,"href":"https:\/\/agora.xtec.cat\/iesspsp\/wp-json\/wp\/v2\/tags?post=3193"}],"curies":[{"name":"wp","href":"https:\/\/api.w.org\/{rel}","templated":true}]}}