{"id":9567,"date":"2023-02-01T11:14:24","date_gmt":"2023-02-01T10:14:24","guid":{"rendered":"https:\/\/agora.xtec.cat\/iessitges\/?p=9567"},"modified":"2023-02-01T11:14:24","modified_gmt":"2023-02-01T10:14:24","slug":"la-importancia-de-la-musica-en-leducacio","status":"publish","type":"post","link":"https:\/\/agora.xtec.cat\/iessitges\/revista\/la-importancia-de-la-musica-en-leducacio\/","title":{"rendered":"La import\u00e0ncia de la m\u00fasica en l&#8217;educaci\u00f3"},"content":{"rendered":"<p><span style=\"font-weight: 400;\">L<\/span><span style=\"font-weight: 400;\">a m\u00fasica \u00e9s un element molt important en la vida de l\u2019adolescent, ja que \u00e9s molt present al seu dia a dia.\u00a0 Ells mateixos reconeixen que l\u2019escolten moltes hores al llarg del dia. No hi ha cap \u00e0rea a l&#8217;ensenyament que tingui tanta pres\u00e8ncia a la seva vida com la m\u00fasica.<a href=\"https:\/\/agora.xtec.cat\/iessitges\/wp-content\/uploads\/usu1948\/2023\/02\/musica_620_www.djlogic.jpg\"><img loading=\"lazy\" decoding=\"async\" class=\" wp-image-9568 alignright\" src=\"https:\/\/agora.xtec.cat\/iessitges\/wp-content\/uploads\/usu1948\/2023\/02\/musica_620_www.djlogic.jpg\" alt=\"\" width=\"404\" height=\"242\" srcset=\"https:\/\/agora.xtec.cat\/iessitges\/wp-content\/uploads\/usu1948\/2023\/02\/musica_620_www.djlogic.jpg 620w, https:\/\/agora.xtec.cat\/iessitges\/wp-content\/uploads\/usu1948\/2023\/02\/musica_620_www.djlogic-300x180.jpg 300w\" sizes=\"auto, (max-width: 404px) 100vw, 404px\" \/><\/a><\/span><\/p>\n<p><span style=\"font-weight: 400;\">Sobretot t\u00e9 un rol molt important, ja que els afecta molt, pel fet que durant aquesta \u00e8poca els adolescents encara estan desenvolupant la seva personalitat. La m\u00fasica modifica l\u2019estat d\u2019\u00e0nim, conforma aspectes relacionats amb la identitat personal\u2026<\/span><\/p>\n<p><span style=\"font-weight: 400;\">Tamb\u00e9 augmenta els nivells de confian\u00e7a, d&#8217;autoestima i la seguretat. Millora les habilitats r\u00edtmiques i d\u2019expressi\u00f3 corporal. A l&#8217;escoltar m\u00fasica s\u2019aconsegueix una millor coordinaci\u00f3 de moviments. Les classes de m\u00fasica tamb\u00e9 afavoreixen el treball en grup, no com altres que es caracteritzen per l\u2019 individualisme.<\/span><\/p>\n<p><span style=\"font-weight: 400;\">Els nens, adolescents o joves que canten, toquen o ballen amb els seus companys, aprenen a escoltar-se tant a ells mateixos com als altres.<\/span><\/p>\n<p><span style=\"font-weight: 400;\">Fa unes d\u00e8cades, es va portar a terme un experiment que va mostrar estad\u00edsticament com els alumnes milloren la puntuaci\u00f3 mitjana en totes les mat\u00e8ries quan dediquen m\u00e9s temps a la m\u00fasica. S&#8217;ha demostrat que la m\u00fasica desenvolupa l&#8217;atenci\u00f3, la concentraci\u00f3, la mem\u00f2ria, la toler\u00e0ncia, l&#8217;autocontrol, la sensibilitat; que afavoreix l&#8217;aprenentatge de les lleng\u00fces, de les matem\u00e0tiques, de la hist\u00f2ria, dels valors est\u00e8tics i socials\u2026<\/span><\/p>\n<p><span style=\"font-weight: 400;\">Malgrat tots els beneficis que t\u00e9 en l\u2019\u00e0mbit educatiu, sempre ha tingut un <\/span><b><i>paper secundari<\/i><\/b><span style=\"font-weight: 400;\">, o pr\u00e0cticament inexistent. L\u2019objectiu d\u2019aquest reportatge \u00e9s visibilitzar aquest element tan important, per donar-li el lloc que mereix.\u00a0<\/span><\/p>\n<p style=\"text-align: right;\">Text: <em>Laura Ferreri<\/em><\/p>\n","protected":false},"excerpt":{"rendered":"<p>La m\u00fasica \u00e9s un element molt important en la vida de l\u2019adolescent, ja que \u00e9s molt present al seu dia a dia.\u00a0 Ells mateixos reconeixen que l\u2019escolten moltes hores al llarg del dia. No hi ha cap \u00e0rea a l&#8217;ensenyament que tingui tanta pres\u00e8ncia a la seva vida com la m\u00fasica. Sobretot t\u00e9 un rol [&hellip;]<\/p>\n","protected":false},"author":22,"featured_media":9568,"comment_status":"open","ping_status":"closed","sticky":false,"template":"","format":"standard","meta":{"site-sidebar-layout":"default","site-content-layout":"","ast-site-content-layout":"","site-content-style":"default","site-sidebar-style":"default","ast-global-header-display":"","ast-banner-title-visibility":"","ast-main-header-display":"","ast-hfb-above-header-display":"","ast-hfb-below-header-display":"","ast-hfb-mobile-header-display":"","site-post-title":"","ast-breadcrumbs-content":"","ast-featured-img":"","footer-sml-layout":"","theme-transparent-header-meta":"","adv-header-id-meta":"","stick-header-meta":"","header-above-stick-meta":"","header-main-stick-meta":"","header-below-stick-meta":"","astra-migrate-meta-layouts":"default","ast-page-background-enabled":"default","ast-page-background-meta":{"desktop":{"background-color":"var(--ast-global-color-4)","background-image":"","background-repeat":"repeat","background-position":"center center","background-size":"auto","background-attachment":"scroll","background-type":"","background-media":"","overlay-type":"","overlay-color":"","overlay-opacity":"","overlay-gradient":""},"tablet":{"background-color":"","background-image":"","background-repeat":"repeat","background-position":"center center","background-size":"auto","background-attachment":"scroll","background-type":"","background-media":"","overlay-type":"","overlay-color":"","overlay-opacity":"","overlay-gradient":""},"mobile":{"background-color":"","background-image":"","background-repeat":"repeat","background-position":"center center","background-size":"auto","background-attachment":"scroll","background-type":"","background-media":"","overlay-type":"","overlay-color":"","overlay-opacity":"","overlay-gradient":""}},"ast-content-background-meta":{"desktop":{"background-color":"var(--ast-global-color-5)","background-image":"","background-repeat":"repeat","background-position":"center center","background-size":"auto","background-attachment":"scroll","background-type":"","background-media":"","overlay-type":"","overlay-color":"","overlay-opacity":"","overlay-gradient":""},"tablet":{"background-color":"var(--ast-global-color-5)","background-image":"","background-repeat":"repeat","background-position":"center center","background-size":"auto","background-attachment":"scroll","background-type":"","background-media":"","overlay-type":"","overlay-color":"","overlay-opacity":"","overlay-gradient":""},"mobile":{"background-color":"var(--ast-global-color-5)","background-image":"","background-repeat":"repeat","background-position":"center center","background-size":"auto","background-attachment":"scroll","background-type":"","background-media":"","overlay-type":"","overlay-color":"","overlay-opacity":"","overlay-gradient":""}},"footnotes":""},"categories":[120],"tags":[401,489],"class_list":["post-9567","post","type-post","status-publish","format-standard","has-post-thumbnail","hentry","category-revista","tag-educacio","tag-musica"],"post_mailing_queue_ids":[],"_links":{"self":[{"href":"https:\/\/agora.xtec.cat\/iessitges\/wp-json\/wp\/v2\/posts\/9567","targetHints":{"allow":["GET"]}}],"collection":[{"href":"https:\/\/agora.xtec.cat\/iessitges\/wp-json\/wp\/v2\/posts"}],"about":[{"href":"https:\/\/agora.xtec.cat\/iessitges\/wp-json\/wp\/v2\/types\/post"}],"author":[{"embeddable":true,"href":"https:\/\/agora.xtec.cat\/iessitges\/wp-json\/wp\/v2\/users\/22"}],"replies":[{"embeddable":true,"href":"https:\/\/agora.xtec.cat\/iessitges\/wp-json\/wp\/v2\/comments?post=9567"}],"version-history":[{"count":4,"href":"https:\/\/agora.xtec.cat\/iessitges\/wp-json\/wp\/v2\/posts\/9567\/revisions"}],"predecessor-version":[{"id":9577,"href":"https:\/\/agora.xtec.cat\/iessitges\/wp-json\/wp\/v2\/posts\/9567\/revisions\/9577"}],"wp:featuredmedia":[{"embeddable":true,"href":"https:\/\/agora.xtec.cat\/iessitges\/wp-json\/wp\/v2\/media\/9568"}],"wp:attachment":[{"href":"https:\/\/agora.xtec.cat\/iessitges\/wp-json\/wp\/v2\/media?parent=9567"}],"wp:term":[{"taxonomy":"category","embeddable":true,"href":"https:\/\/agora.xtec.cat\/iessitges\/wp-json\/wp\/v2\/categories?post=9567"},{"taxonomy":"post_tag","embeddable":true,"href":"https:\/\/agora.xtec.cat\/iessitges\/wp-json\/wp\/v2\/tags?post=9567"}],"curies":[{"name":"wp","href":"https:\/\/api.w.org\/{rel}","templated":true}]}}