{"id":9548,"date":"2023-02-01T19:23:12","date_gmt":"2023-02-01T18:23:12","guid":{"rendered":"https:\/\/agora.xtec.cat\/iessitges\/?p=9548"},"modified":"2023-02-08T13:04:57","modified_gmt":"2023-02-08T12:04:57","slug":"30-de-gener-dia-mundial-de-la-no-violencia-i-la-pau","status":"publish","type":"post","link":"https:\/\/agora.xtec.cat\/iessitges\/general\/30-de-gener-dia-mundial-de-la-no-violencia-i-la-pau\/","title":{"rendered":"30 de gener, Dia Mundial de la No Viol\u00e8ncia i la Pau"},"content":{"rendered":"<p><span style=\"color: #333333;\">El dilluns dia 30 de gener es va inaugurar una exposici\u00f3 al vest\u00edbul de l&#8217;institut sobre el Dia Mundial de la no Viol\u00e8ncia i la Pau. L&#8217;ha realitzada l&#8217;alumnat de segon d&#8217;ESO dins de l&#8217;optativa <em>Conviv\u00e8ncia i Mediaci\u00f3<\/em>. La mostra vol donar rellev\u00e0ncia a persones de diferents \u00e0mbits i nacionalitats que lluiten pels seus ideals de manera no violenta.<br \/>\n<\/span><\/p>\n<p><a href=\"https:\/\/agora.xtec.cat\/iessitges\/wp-content\/uploads\/usu1948\/2023\/01\/PHOTO-2023-01-31-09-13-50.jpg\"><img loading=\"lazy\" decoding=\"async\" class=\"aligncenter size-large wp-image-9554\" src=\"https:\/\/agora.xtec.cat\/iessitges\/wp-content\/uploads\/usu1948\/2023\/01\/PHOTO-2023-01-31-09-13-50-768x1024.jpg\" alt=\"\" width=\"768\" height=\"1024\" srcset=\"https:\/\/agora.xtec.cat\/iessitges\/wp-content\/uploads\/usu1948\/2023\/01\/PHOTO-2023-01-31-09-13-50-768x1024.jpg 768w, https:\/\/agora.xtec.cat\/iessitges\/wp-content\/uploads\/usu1948\/2023\/01\/PHOTO-2023-01-31-09-13-50-225x300.jpg 225w, https:\/\/agora.xtec.cat\/iessitges\/wp-content\/uploads\/usu1948\/2023\/01\/PHOTO-2023-01-31-09-13-50-1152x1536.jpg 1152w, https:\/\/agora.xtec.cat\/iessitges\/wp-content\/uploads\/usu1948\/2023\/01\/PHOTO-2023-01-31-09-13-50.jpg 1536w\" sizes=\"auto, (max-width: 768px) 100vw, 768px\" \/><\/a><\/p>\n<p>&nbsp;<\/p>\n<p>&nbsp;<\/p>\n","protected":false},"excerpt":{"rendered":"<p>El dilluns dia 30 de gener es va inaugurar una exposici\u00f3 al vest\u00edbul de l&#8217;institut sobre el Dia Mundial de la no Viol\u00e8ncia i la Pau. L&#8217;ha realitzada l&#8217;alumnat de segon d&#8217;ESO dins de l&#8217;optativa Conviv\u00e8ncia i Mediaci\u00f3. La mostra vol donar rellev\u00e0ncia a persones de diferents \u00e0mbits i nacionalitats que lluiten pels seus ideals [&hellip;]<\/p>\n","protected":false},"author":5,"featured_media":9554,"comment_status":"open","ping_status":"closed","sticky":false,"template":"","format":"standard","meta":{"site-sidebar-layout":"default","site-content-layout":"","ast-site-content-layout":"","site-content-style":"default","site-sidebar-style":"default","ast-global-header-display":"","ast-banner-title-visibility":"","ast-main-header-display":"","ast-hfb-above-header-display":"","ast-hfb-below-header-display":"","ast-hfb-mobile-header-display":"","site-post-title":"","ast-breadcrumbs-content":"","ast-featured-img":"","footer-sml-layout":"","theme-transparent-header-meta":"","adv-header-id-meta":"","stick-header-meta":"","header-above-stick-meta":"","header-main-stick-meta":"","header-below-stick-meta":"","astra-migrate-meta-layouts":"default","ast-page-background-enabled":"default","ast-page-background-meta":{"desktop":{"background-color":"var(--ast-global-color-4)","background-image":"","background-repeat":"repeat","background-position":"center center","background-size":"auto","background-attachment":"scroll","background-type":"","background-media":"","overlay-type":"","overlay-color":"","overlay-opacity":"","overlay-gradient":""},"tablet":{"background-color":"","background-image":"","background-repeat":"repeat","background-position":"center center","background-size":"auto","background-attachment":"scroll","background-type":"","background-media":"","overlay-type":"","overlay-color":"","overlay-opacity":"","overlay-gradient":""},"mobile":{"background-color":"","background-image":"","background-repeat":"repeat","background-position":"center center","background-size":"auto","background-attachment":"scroll","background-type":"","background-media":"","overlay-type":"","overlay-color":"","overlay-opacity":"","overlay-gradient":""}},"ast-content-background-meta":{"desktop":{"background-color":"var(--ast-global-color-5)","background-image":"","background-repeat":"repeat","background-position":"center center","background-size":"auto","background-attachment":"scroll","background-type":"","background-media":"","overlay-type":"","overlay-color":"","overlay-opacity":"","overlay-gradient":""},"tablet":{"background-color":"var(--ast-global-color-5)","background-image":"","background-repeat":"repeat","background-position":"center center","background-size":"auto","background-attachment":"scroll","background-type":"","background-media":"","overlay-type":"","overlay-color":"","overlay-opacity":"","overlay-gradient":""},"mobile":{"background-color":"var(--ast-global-color-5)","background-image":"","background-repeat":"repeat","background-position":"center center","background-size":"auto","background-attachment":"scroll","background-type":"","background-media":"","overlay-type":"","overlay-color":"","overlay-opacity":"","overlay-gradient":""}},"footnotes":""},"categories":[1],"tags":[],"class_list":["post-9548","post","type-post","status-publish","format-standard","has-post-thumbnail","hentry","category-general"],"post_mailing_queue_ids":[],"_links":{"self":[{"href":"https:\/\/agora.xtec.cat\/iessitges\/wp-json\/wp\/v2\/posts\/9548","targetHints":{"allow":["GET"]}}],"collection":[{"href":"https:\/\/agora.xtec.cat\/iessitges\/wp-json\/wp\/v2\/posts"}],"about":[{"href":"https:\/\/agora.xtec.cat\/iessitges\/wp-json\/wp\/v2\/types\/post"}],"author":[{"embeddable":true,"href":"https:\/\/agora.xtec.cat\/iessitges\/wp-json\/wp\/v2\/users\/5"}],"replies":[{"embeddable":true,"href":"https:\/\/agora.xtec.cat\/iessitges\/wp-json\/wp\/v2\/comments?post=9548"}],"version-history":[{"count":3,"href":"https:\/\/agora.xtec.cat\/iessitges\/wp-json\/wp\/v2\/posts\/9548\/revisions"}],"predecessor-version":[{"id":9580,"href":"https:\/\/agora.xtec.cat\/iessitges\/wp-json\/wp\/v2\/posts\/9548\/revisions\/9580"}],"wp:featuredmedia":[{"embeddable":true,"href":"https:\/\/agora.xtec.cat\/iessitges\/wp-json\/wp\/v2\/media\/9554"}],"wp:attachment":[{"href":"https:\/\/agora.xtec.cat\/iessitges\/wp-json\/wp\/v2\/media?parent=9548"}],"wp:term":[{"taxonomy":"category","embeddable":true,"href":"https:\/\/agora.xtec.cat\/iessitges\/wp-json\/wp\/v2\/categories?post=9548"},{"taxonomy":"post_tag","embeddable":true,"href":"https:\/\/agora.xtec.cat\/iessitges\/wp-json\/wp\/v2\/tags?post=9548"}],"curies":[{"name":"wp","href":"https:\/\/api.w.org\/{rel}","templated":true}]}}