{"id":9240,"date":"2023-02-13T08:00:20","date_gmt":"2023-02-13T07:00:20","guid":{"rendered":"https:\/\/agora.xtec.cat\/iessitges\/?p=9240"},"modified":"2023-02-10T14:32:50","modified_gmt":"2023-02-10T13:32:50","slug":"recomanacions-i-critiques-musicals","status":"publish","type":"post","link":"https:\/\/agora.xtec.cat\/iessitges\/revista\/recomanacions-i-critiques-musicals\/","title":{"rendered":"Qu\u00e8 escoltem? Recomanacions musicals"},"content":{"rendered":"<p><span style=\"font-weight: 400;\">La m\u00fasica tamb\u00e9 t\u00e9 el seu espai a La Benvista, que enceta una secci\u00f3 dedicada a la m\u00fasica. L&#8217;objectiu ser\u00e0 oferir una llista de recomanacions musicals per a aquelles persones que\u00a0 volen escoltar diferents\u00a0estils de m\u00fasica i no saben per on comen\u00e7ar.<\/span><\/p>\n<p><b>Harry Styles amb el seu nou \u00e0lbum \u201cHarry\u2019s House\u201d<\/b><\/p>\n<p><span style=\"font-weight: 400;\">\u00c9s el tercer \u00e0lbum d&#8217;estudi del cantautor brit\u00e0nic Harry Styles, llan\u00e7at el 20 de maig de 2022 a trav\u00e9s de les discogr\u00e0fiques Columbia i Erskine Records. Va ser escrit i produ\u00eft majorit\u00e0riament per Styles, Tyler Johnson i Kid Harpoon entre el 2020 i 2021.<\/span><span style=\"font-weight: 400;\">Aquest presenta g\u00e8neres i influ\u00e8ncies pop funk, pop rock, synth pop i R&amp;B.<\/span><\/p>\n<p><span style=\"font-weight: 400;\">Harry&#8217;s House va ser generalment aclamat per la cr\u00edtica, sent considerat com l&#8217;\u00e0lbum m\u00e9s introspectiu i elogiat en la carrera de Styles .En la seva primera setmana va debutar al n\u00famero u del Regne Unit amb 113,000 unitats venudes, convertint-se en l&#8217;\u00e0lbum m\u00e9s venut de 2022 en aquest pa\u00eds. <\/span><span style=\"font-weight: 400;\">En llistes nacionals, l&#8217;\u00e0lbum va debutar al primer lloc del Billboard 200 dels Estats Units amb 521,500 unitats venudes.<\/span><\/p>\n<p><span style=\"font-weight: 400;\">Harry&#8217;s House ens presenta a un artista i compositor m\u00e9s madur que en els seus treballs anteriors, apropant-se a un so cada vegada m\u00e9s net que sona a cl\u00e0ssic. N&#8217;hi ha que troben semblances entre la proposta esc\u00e8nica de Harry i les de llegendes com David Bowie o Freddie Mercury. Tots sabem que les comparacions s\u00f3n odioses i sovint innecess\u00e0ries. Per\u00f2 el cert \u00e9s que s\u00ed que hi ha una mica d&#8217;estrella a Harry que no es pot explicar amb paraules.<\/span><\/p>\n<p><span style=\"font-weight: 400;\">Album: <a href=\"https:\/\/www.youtube.com\/watch?v=xsu0829oQbc\">Harry\u2019s House Full Album<\/a><\/span><\/p>\n<p><a href=\"https:\/\/agora.xtec.cat\/iessitges\/wp-content\/uploads\/usu1948\/2023\/01\/baixa.jpg\"><img loading=\"lazy\" decoding=\"async\" class=\"wp-image-9244 alignnone\" src=\"https:\/\/agora.xtec.cat\/iessitges\/wp-content\/uploads\/usu1948\/2023\/01\/baixa.jpg\" alt=\"\" width=\"155\" height=\"155\" srcset=\"https:\/\/agora.xtec.cat\/iessitges\/wp-content\/uploads\/usu1948\/2023\/01\/baixa.jpg 225w, https:\/\/agora.xtec.cat\/iessitges\/wp-content\/uploads\/usu1948\/2023\/01\/baixa-150x150.jpg 150w\" sizes=\"auto, (max-width: 155px) 100vw, 155px\" \/><\/a><\/p>\n<p><b>Paraiso: album de Mora<\/b><\/p>\n<p><span style=\"font-weight: 400;\">En aquesta nova producci\u00f3, l&#8217;artista exposa tot el seu talent encarregant-se per ell mateix de la coproducci\u00f3 i la composici\u00f3 de l&#8217;\u00e0lbum. \u201cParaiso\u201d \u00e9s ple de fascinants ritmes i melodies, provinents del reggaeton, house i el trap. L&#8217;\u00e0lbum va n\u00e9ixer de les experi\u00e8ncies que va tenir Mora durant la seva gira per Espanya i posterior campament musical a Eivissa, inspirant-se en la cultura musical i els moments que va compartir amb els seus fan\u00e0tics i amics.<\/span><\/p>\n<p><span style=\"font-weight: 400;\">PARAD\u00cdS compta amb 13 can\u00e7ons in\u00e8dites i col\u00b7laboracions imprescindibles que inclouen els artistes Quevedo, Danny Ocean, paopao, YOVNGCHIMI, i De La Ghetto. L&#8217;artista tamb\u00e9 d\u00f3na llum a \u201cdomingo de bote\u201d, el tema principal de l&#8217;\u00e0lbum. Aquest nou disc causar\u00e0 un gran impacte als fan\u00e0tics de l&#8217;artista, que ja havien pogut gaudir amb CALENT\u00d3N, tema del nou \u00e0lbum que va ser estrenat abans del llan\u00e7ament. La popular can\u00e7\u00f3 es va convertir en tend\u00e8ncia i va aconseguir m\u00e9s de 12.1 milions de reproduccions a Spotify a poc temps de la seva estrena posicionant-se als Top Charts d&#8217;Apple Music i Spotify a Espanya, Panam\u00e0, Col\u00f2mbia, Xile, entre altres pa\u00efsos; mentre que el lyric v\u00eddeo sobrepassa els 6 milions de visualitzacions a YouTube.<\/span><\/p>\n<p><span style=\"font-weight: 400;\">Mora, fereix al seu p\u00fablic el que s&#8217;espera sens dubte, i amb nom\u00e9s tres discos al mercat, una de les grans estrelles de la m\u00fasica llatina. L&#8217;esc\u00e0s marge de maniobra des de l&#8217;abril, quan va triomfar amb &#8216;Microdosis&#8217;, ho ha aprofitat per articular una feina molt completa.<\/span><\/p>\n<p><span style=\"font-weight: 400;\">En aquest nou disc potser no hi ha hits com \u201cLa inocente\u201d o \u201cMemorias\u201d, que han estat unes can\u00e7ons que han estat molt presents aquest estiu. Per\u00f2, en canvi, s\u00ed que hi ha un concepte, un fil conductor que recorre tot el disc, que no \u00e9s altre que el gaudir, un viatge\u00a0 un lloc paradis\u00edac.<\/span><\/p>\n<p><span style=\"font-weight: 400;\">\u00c1lbum: <\/span><a href=\"https:\/\/www.youtube.com\/playlist?list=OLAK5uy_koHTVdimt4YonPTpYGazc0-bWBxzAoni8\"><span style=\"font-weight: 400;\">PARA\u00cdSO &#8211; YouTube<\/span><\/a><\/p>\n<p><a href=\"https:\/\/agora.xtec.cat\/iessitges\/wp-content\/uploads\/usu1948\/2023\/01\/ab67616d0000b273076ef0fed51ff7a4911459e9.jpg\"><img loading=\"lazy\" decoding=\"async\" class=\"wp-image-9248 alignnone\" src=\"https:\/\/agora.xtec.cat\/iessitges\/wp-content\/uploads\/usu1948\/2023\/01\/ab67616d0000b273076ef0fed51ff7a4911459e9.jpg\" alt=\"\" width=\"224\" height=\"224\" srcset=\"https:\/\/agora.xtec.cat\/iessitges\/wp-content\/uploads\/usu1948\/2023\/01\/ab67616d0000b273076ef0fed51ff7a4911459e9.jpg 640w, https:\/\/agora.xtec.cat\/iessitges\/wp-content\/uploads\/usu1948\/2023\/01\/ab67616d0000b273076ef0fed51ff7a4911459e9-300x300.jpg 300w, https:\/\/agora.xtec.cat\/iessitges\/wp-content\/uploads\/usu1948\/2023\/01\/ab67616d0000b273076ef0fed51ff7a4911459e9-150x150.jpg 150w\" sizes=\"auto, (max-width: 224px) 100vw, 224px\" \/><\/a><\/p>\n<p><b>Un album molt esperat : HER LOSS, una col\u00b7laboraci\u00f3 de Drake i 21 Savage\u00a0<\/b><\/p>\n<p><span style=\"font-weight: 400;\">Aquesta recomanaci\u00f3 va dirigida a aquella gent que li agrada el rap angl\u00e8s. Her Loss \u00e9s un \u00e0lbum d&#8217;estudi col\u00b7laboratiu del raper canadenc Drake i el raper d&#8217;Atlanta 21 Savage, l&#8217;\u00e0lbum va sortir el 4 de novembre de 2022.<\/span><\/p>\n<p><span style=\"font-weight: 400;\">L&#8217;\u00e0lbum va arribar despr\u00e9s de les col\u00b7laboracions anteriors del duo amb &#8220;Sneakin&#8221; (2016), Issa (2017), &#8220;Mr. Right Now&#8221; (2020) i &#8220;Knife Talk&#8221; (2021). El 17 de juny de 2022, Drake va llan\u00e7ar la can\u00e7\u00f3 &#8220;Jimmy Cooks&#8221; amb 21 Savage com la pista final del seu set\u00e8 \u00e0lbum d&#8217;estudi Honestly, Nevermind. Despr\u00e9s del llan\u00e7ament, la can\u00e7\u00f3 va ser la m\u00e9s exitosa de l&#8217;\u00e0lbum.<\/span><\/p>\n<p><span style=\"font-weight: 400;\">Her Loss va debutar al n\u00famero u al Billboard 200 dels Estats Units amb 404.000 unitats equivalents a un \u00e0lbum, 12.000 vendes d&#8217;\u00e0lbums purs, reempla\u00e7ant a &#8220;Midnights&#8221; (2022) de Taylor Swift del primer lloc. Her Loss va obtenir un total de 513.56 milions de transmissions a comanda. L&#8217;\u00e0lbum \u00e9s el dotz\u00e8 i tercer \u00e0lbum n\u00famero u de Drake i 21 Savage als EUA, respectivament. La setmana seg\u00fcent, Her Loss va baixar al n\u00famero dos, i Midnights va tornar al n\u00famero u.<\/span><\/p>\n<p><span style=\"font-weight: 400;\">ALBUM: <\/span><a href=\"https:\/\/youtu.be\/sllmR3TJd_w\"><span style=\"font-weight: 400;\" data-rich-links=\"{&quot;fple-t&quot;:&quot;Rich Flex&quot;,&quot;fple-u&quot;:&quot;https:\/\/youtu.be\/sllmR3TJd_w&quot;,&quot;fple-mt&quot;:null,&quot;type&quot;:&quot;first-party-link&quot;}\">Rich Flex<\/span><\/a><\/p>\n<p><span style=\"font-weight: 400;\"><a href=\"https:\/\/agora.xtec.cat\/iessitges\/wp-content\/uploads\/usu1948\/2023\/01\/baixa-1.jpg\"><img loading=\"lazy\" decoding=\"async\" class=\"wp-image-9251 alignnone\" src=\"https:\/\/agora.xtec.cat\/iessitges\/wp-content\/uploads\/usu1948\/2023\/01\/baixa-1.jpg\" alt=\"\" width=\"157\" height=\"157\" srcset=\"https:\/\/agora.xtec.cat\/iessitges\/wp-content\/uploads\/usu1948\/2023\/01\/baixa-1.jpg 225w, https:\/\/agora.xtec.cat\/iessitges\/wp-content\/uploads\/usu1948\/2023\/01\/baixa-1-150x150.jpg 150w\" sizes=\"auto, (max-width: 157px) 100vw, 157px\" \/><\/a><\/span><\/p>\n<p><b>Un \u00e0lbum molt estimat pels fans: SOS de SZA<\/b><\/p>\n<p><span style=\"font-weight: 400;\">SOS \u00e9s el segon \u00e0lbum d&#8217;estudi de la cantautora nord-americana SZA. L&#8217;\u00e0lbum va sortir a la venda el 9 de desembre de 2022 i compta amb col\u00b7laboracions d&#8217;altres artistes com Don Toliver, Phoebe Bridgers, Travis Scott i Ol&#8217; Dirty Bastard.<\/span><\/p>\n<p><span style=\"font-weight: 400;\">SOS va ser fomentat per tres senzills: Good Days, I Hate U, i Shirt, dos dels quals van aconseguir el seu punt m\u00e0xim dins dels deu primers llocs de la llista Billboard Hot 100. Good Days va obtenir el nov\u00e8 lloc, (I Hate U) el set\u00e8 i (Shirt) l&#8217;onz\u00e8. L&#8217;\u00e0lbum t\u00e9 23 temes escrits i compostos per la mateixa cantant.<\/span><\/p>\n<p><span style=\"font-weight: 400;\">Musicalment, l&#8217;\u00e0lbum est\u00e0 inspirat en el R&amp;B contemporani, amb influ\u00e8ncies del hip-hop i el pop. L&#8217;\u00e0lbum mostreja refer\u00e8ncies sonores del soul, el g\u00f2spel, el jazz i el rap mel\u00f2dic.<\/span><\/p>\n<p><span style=\"font-weight: 400;\">SOS t\u00e9 una duraci\u00f3 de 67 minuts i 51 segons i es va estrenar el 9 de desembre de 2022. Va comen\u00e7ar a fer i escriure l&#8217;\u00e0lbum el 2020 i va tardar dos anys a acabar-lo i perfeccionar-lo. <\/span><span style=\"font-weight: 400;\">Encara que va tardar a sortir, l&#8217;\u00e0lbum va ser molt aclamat per l&#8217;audi\u00e8ncia i va acabant tenint moltes bones cr\u00edtiques.<\/span><\/p>\n<p><span style=\"font-weight: 400;\">\u00c0LBUM:\u00a0<\/span><a href=\"https:\/\/youtu.be\/IzSPUtqQcCg\"><span style=\"font-weight: 400;\" data-rich-links=\"{&quot;fple-t&quot;:&quot;SOS&quot;,&quot;fple-u&quot;:&quot;https:\/\/youtu.be\/IzSPUtqQcCg&quot;,&quot;fple-mt&quot;:null,&quot;type&quot;:&quot;first-party-link&quot;}\">SOS<\/span><\/a><\/p>\n<p><a href=\"https:\/\/agora.xtec.cat\/iessitges\/wp-content\/uploads\/usu1948\/2023\/01\/ab67616d0000b27370dbc9f47669d120ad874ec1.jpg\"><img loading=\"lazy\" decoding=\"async\" class=\"wp-image-9252 alignnone\" src=\"https:\/\/agora.xtec.cat\/iessitges\/wp-content\/uploads\/usu1948\/2023\/01\/ab67616d0000b27370dbc9f47669d120ad874ec1.jpg\" alt=\"\" width=\"194\" height=\"194\" srcset=\"https:\/\/agora.xtec.cat\/iessitges\/wp-content\/uploads\/usu1948\/2023\/01\/ab67616d0000b27370dbc9f47669d120ad874ec1.jpg 640w, https:\/\/agora.xtec.cat\/iessitges\/wp-content\/uploads\/usu1948\/2023\/01\/ab67616d0000b27370dbc9f47669d120ad874ec1-300x300.jpg 300w, https:\/\/agora.xtec.cat\/iessitges\/wp-content\/uploads\/usu1948\/2023\/01\/ab67616d0000b27370dbc9f47669d120ad874ec1-150x150.jpg 150w\" sizes=\"auto, (max-width: 194px) 100vw, 194px\" \/><\/a><\/p>\n<p style=\"text-align: right;\">Text<em>: Marta Montserrat i Laia Pascual<\/em><\/p>\n","protected":false},"excerpt":{"rendered":"<p>La m\u00fasica tamb\u00e9 t\u00e9 el seu espai a La Benvista, que enceta una secci\u00f3 dedicada a la m\u00fasica. L&#8217;objectiu ser\u00e0 oferir una llista de recomanacions musicals per a aquelles persones que\u00a0 volen escoltar diferents\u00a0estils de m\u00fasica i no saben per on comen\u00e7ar. Harry Styles amb el seu nou \u00e0lbum \u201cHarry\u2019s House\u201d \u00c9s el tercer \u00e0lbum [&hellip;]<\/p>\n","protected":false},"author":22,"featured_media":9583,"comment_status":"open","ping_status":"closed","sticky":false,"template":"","format":"standard","meta":{"site-sidebar-layout":"default","site-content-layout":"","ast-site-content-layout":"","site-content-style":"default","site-sidebar-style":"default","ast-global-header-display":"","ast-banner-title-visibility":"","ast-main-header-display":"","ast-hfb-above-header-display":"","ast-hfb-below-header-display":"","ast-hfb-mobile-header-display":"","site-post-title":"","ast-breadcrumbs-content":"","ast-featured-img":"","footer-sml-layout":"","theme-transparent-header-meta":"","adv-header-id-meta":"","stick-header-meta":"","header-above-stick-meta":"","header-main-stick-meta":"","header-below-stick-meta":"","astra-migrate-meta-layouts":"default","ast-page-background-enabled":"default","ast-page-background-meta":{"desktop":{"background-color":"var(--ast-global-color-4)","background-image":"","background-repeat":"repeat","background-position":"center center","background-size":"auto","background-attachment":"scroll","background-type":"","background-media":"","overlay-type":"","overlay-color":"","overlay-opacity":"","overlay-gradient":""},"tablet":{"background-color":"","background-image":"","background-repeat":"repeat","background-position":"center center","background-size":"auto","background-attachment":"scroll","background-type":"","background-media":"","overlay-type":"","overlay-color":"","overlay-opacity":"","overlay-gradient":""},"mobile":{"background-color":"","background-image":"","background-repeat":"repeat","background-position":"center center","background-size":"auto","background-attachment":"scroll","background-type":"","background-media":"","overlay-type":"","overlay-color":"","overlay-opacity":"","overlay-gradient":""}},"ast-content-background-meta":{"desktop":{"background-color":"var(--ast-global-color-5)","background-image":"","background-repeat":"repeat","background-position":"center center","background-size":"auto","background-attachment":"scroll","background-type":"","background-media":"","overlay-type":"","overlay-color":"","overlay-opacity":"","overlay-gradient":""},"tablet":{"background-color":"var(--ast-global-color-5)","background-image":"","background-repeat":"repeat","background-position":"center center","background-size":"auto","background-attachment":"scroll","background-type":"","background-media":"","overlay-type":"","overlay-color":"","overlay-opacity":"","overlay-gradient":""},"mobile":{"background-color":"var(--ast-global-color-5)","background-image":"","background-repeat":"repeat","background-position":"center center","background-size":"auto","background-attachment":"scroll","background-type":"","background-media":"","overlay-type":"","overlay-color":"","overlay-opacity":"","overlay-gradient":""}},"footnotes":""},"categories":[120],"tags":[],"class_list":["post-9240","post","type-post","status-publish","format-standard","has-post-thumbnail","hentry","category-revista"],"post_mailing_queue_ids":[],"_links":{"self":[{"href":"https:\/\/agora.xtec.cat\/iessitges\/wp-json\/wp\/v2\/posts\/9240","targetHints":{"allow":["GET"]}}],"collection":[{"href":"https:\/\/agora.xtec.cat\/iessitges\/wp-json\/wp\/v2\/posts"}],"about":[{"href":"https:\/\/agora.xtec.cat\/iessitges\/wp-json\/wp\/v2\/types\/post"}],"author":[{"embeddable":true,"href":"https:\/\/agora.xtec.cat\/iessitges\/wp-json\/wp\/v2\/users\/22"}],"replies":[{"embeddable":true,"href":"https:\/\/agora.xtec.cat\/iessitges\/wp-json\/wp\/v2\/comments?post=9240"}],"version-history":[{"count":4,"href":"https:\/\/agora.xtec.cat\/iessitges\/wp-json\/wp\/v2\/posts\/9240\/revisions"}],"predecessor-version":[{"id":9778,"href":"https:\/\/agora.xtec.cat\/iessitges\/wp-json\/wp\/v2\/posts\/9240\/revisions\/9778"}],"wp:featuredmedia":[{"embeddable":true,"href":"https:\/\/agora.xtec.cat\/iessitges\/wp-json\/wp\/v2\/media\/9583"}],"wp:attachment":[{"href":"https:\/\/agora.xtec.cat\/iessitges\/wp-json\/wp\/v2\/media?parent=9240"}],"wp:term":[{"taxonomy":"category","embeddable":true,"href":"https:\/\/agora.xtec.cat\/iessitges\/wp-json\/wp\/v2\/categories?post=9240"},{"taxonomy":"post_tag","embeddable":true,"href":"https:\/\/agora.xtec.cat\/iessitges\/wp-json\/wp\/v2\/tags?post=9240"}],"curies":[{"name":"wp","href":"https:\/\/api.w.org\/{rel}","templated":true}]}}