{"id":9146,"date":"2022-12-16T18:00:21","date_gmt":"2022-12-16T17:00:21","guid":{"rendered":"https:\/\/agora.xtec.cat\/iessitges\/?p=9146"},"modified":"2022-12-16T18:00:21","modified_gmt":"2022-12-16T17:00:21","slug":"dimecres-21-de-desembre-nadal-al-benapres","status":"publish","type":"post","link":"https:\/\/agora.xtec.cat\/iessitges\/general\/dimecres-21-de-desembre-nadal-al-benapres\/","title":{"rendered":"Dimecres 21 de desembre, Nadal al Benapr\u00e8s"},"content":{"rendered":"<p>Benvolgudes fam\u00edlies,<\/p>\n<p>El dimecres 21 de desembre \u00e9s el darrer dia lectiu de l&#8217;any i per aix\u00f2 celebrarem el nostre Nadal. El programa de les activitats \u00e9s el seg\u00fcent:<\/p>\n<p><strong>Batxillerat i ESO<\/strong><\/p>\n<p>De 8.30-9h. Aula Tutoria<\/p>\n<p>De 9 a 11h. Tallers.<\/p>\n<p>D&#8217;11 a 11.45h Descans. Hi haur\u00e0 servei normal de cafeteria<\/p>\n<p>D&#8217;11.45 a 13h. Amic invisible \/ pica pica a la tutoria<\/p>\n<p>13h. Obertura de portes<\/p>\n<p><strong>CCFF i PFI<\/strong><\/p>\n<p>L&#8217;alumnat far\u00e0 horari de 8.30h a 13h. A primera hora el professorat passar\u00e0 llista a l&#8217;espai assignat i els distribuir\u00e0 per les activitats que faran durant el mat\u00ed. S&#8217;han de dirigir tots a la cantina i el menjador escolar.<\/p>\n<p><strong>No hi haur\u00e0 servei de menjador; ser\u00e0 take away. Per reservar-lo, poseu-vos en contacte amb l&#8217;administradora, a factures<span class=\"\">@iessitges.cat\u00a0<\/span><\/strong><\/p>\n<p>El mateix dimecres 21 <span style=\"color: #333333;\"> l\u2019alumnat de 2n de batxillerat s\u2019encarregar\u00e0 de gestionar les activitats seg\u00fcents:<\/span><\/p>\n<p>&#8211;<b>Recollida d\u2019aliments en col\u00b7laboraci\u00f3 amb C\u00e0ritas Sitges<\/b>. Els aliments s\u2019han de portar\u00a0<b>el mateix dia 21 de desembre, no abans<\/b>. L\u2019alumnat de 2n de batxillerat s\u2019encarregar\u00e0 de recollir-los per les aules o al vest\u00edbul i preparar-los per portar a C\u00e0ritas. Des de l\u2019entitat ens demanen que els aliments que es recullin tinguin les caracter\u00edstiques seg\u00fcents:<\/p>\n<ul>\n<li><span style=\"color: #333333;\">aliments envasats,<br \/>\n<\/span><\/li>\n<li><span style=\"color: #333333;\">amb data de caducitat llarga,<br \/>\n<\/span><\/li>\n<li><span style=\"color: #333333;\">llegums,<br \/>\n<\/span><\/li>\n<li><span style=\"color: #333333;\">llets vegetals,<br \/>\n<\/span><\/li>\n<li><span style=\"color: #333333;\">etc.<br \/>\n<\/span><\/li>\n<\/ul>\n<p><span style=\"color: #333333;\">Ens han comentat que de llet normal, en tenen ja suficient.<\/span><\/p>\n<p>&#8211;<b>Recollida de joguines en col\u00b7laboraci\u00f3 amb Creu Roja Sitges<\/b>. Les joguines s\u2019han de portar\u00a0<b>el mateix dia 21 de desembre, no abans.<\/b>\u00a0L\u2019alumnat de 2n de batxillerat s\u2019encarregar\u00e0 de recollir-les per les aules o al vest\u00edbul i preparar-les per portar a Creu Roja. Des de l\u2019entitat ens demanen que les joguines que es recullin tinguin les caracter\u00edstiques seg\u00fcents:<\/p>\n<ul>\n<li><span style=\"color: #333333;\">per a nens i nenes de 0 a 12 anys<br \/>\n<\/span><\/li>\n<li><span style=\"color: #333333;\">noves<br \/>\n<\/span><\/li>\n<li><span style=\"color: #333333;\">no b\u00e8l\u00b7liques<br \/>\n<\/span><\/li>\n<li><span style=\"color: #333333;\">no sexistes<br \/>\n<\/span><\/li>\n<\/ul>\n<p><span style=\"color: #333333;\">Animeu-vos a col\u00b7laborar-hi!<br \/>\n<\/span><\/p>\n<p><a href=\"https:\/\/agora.xtec.cat\/iessitges\/wp-content\/uploads\/usu1948\/2022\/12\/cartell-recollida-aliments-2022.jpg\"><img loading=\"lazy\" decoding=\"async\" class=\"aligncenter size-large wp-image-9158\" src=\"https:\/\/agora.xtec.cat\/iessitges\/wp-content\/uploads\/usu1948\/2022\/12\/cartell-recollida-aliments-2022-724x1024.jpg\" alt=\"\" width=\"724\" height=\"1024\" srcset=\"https:\/\/agora.xtec.cat\/iessitges\/wp-content\/uploads\/usu1948\/2022\/12\/cartell-recollida-aliments-2022-724x1024.jpg 724w, https:\/\/agora.xtec.cat\/iessitges\/wp-content\/uploads\/usu1948\/2022\/12\/cartell-recollida-aliments-2022-212x300.jpg 212w, https:\/\/agora.xtec.cat\/iessitges\/wp-content\/uploads\/usu1948\/2022\/12\/cartell-recollida-aliments-2022-768x1086.jpg 768w, https:\/\/agora.xtec.cat\/iessitges\/wp-content\/uploads\/usu1948\/2022\/12\/cartell-recollida-aliments-2022-1086x1536.jpg 1086w, https:\/\/agora.xtec.cat\/iessitges\/wp-content\/uploads\/usu1948\/2022\/12\/cartell-recollida-aliments-2022-1448x2048.jpg 1448w, https:\/\/agora.xtec.cat\/iessitges\/wp-content\/uploads\/usu1948\/2022\/12\/cartell-recollida-aliments-2022.jpg 1587w\" sizes=\"auto, (max-width: 724px) 100vw, 724px\" \/><\/a> <a href=\"https:\/\/agora.xtec.cat\/iessitges\/wp-content\/uploads\/usu1948\/2022\/12\/cartell-recollida-joguines-2022.jpg\"><img loading=\"lazy\" decoding=\"async\" class=\"aligncenter size-large wp-image-9159\" src=\"https:\/\/agora.xtec.cat\/iessitges\/wp-content\/uploads\/usu1948\/2022\/12\/cartell-recollida-joguines-2022-576x1024.jpg\" alt=\"\" width=\"576\" height=\"1024\" srcset=\"https:\/\/agora.xtec.cat\/iessitges\/wp-content\/uploads\/usu1948\/2022\/12\/cartell-recollida-joguines-2022-576x1024.jpg 576w, https:\/\/agora.xtec.cat\/iessitges\/wp-content\/uploads\/usu1948\/2022\/12\/cartell-recollida-joguines-2022-169x300.jpg 169w, https:\/\/agora.xtec.cat\/iessitges\/wp-content\/uploads\/usu1948\/2022\/12\/cartell-recollida-joguines-2022-768x1365.jpg 768w, https:\/\/agora.xtec.cat\/iessitges\/wp-content\/uploads\/usu1948\/2022\/12\/cartell-recollida-joguines-2022-864x1536.jpg 864w, https:\/\/agora.xtec.cat\/iessitges\/wp-content\/uploads\/usu1948\/2022\/12\/cartell-recollida-joguines-2022.jpg 1080w\" sizes=\"auto, (max-width: 576px) 100vw, 576px\" \/><\/a><\/p>\n","protected":false},"excerpt":{"rendered":"<p>Benvolgudes fam\u00edlies, El dimecres 21 de desembre \u00e9s el darrer dia lectiu de l&#8217;any i per aix\u00f2 celebrarem el nostre Nadal. El programa de les activitats \u00e9s el seg\u00fcent: Batxillerat i ESO De 8.30-9h. Aula Tutoria De 9 a 11h. Tallers. D&#8217;11 a 11.45h Descans. Hi haur\u00e0 servei normal de cafeteria D&#8217;11.45 a 13h. Amic [&hellip;]<\/p>\n","protected":false},"author":4,"featured_media":0,"comment_status":"open","ping_status":"closed","sticky":false,"template":"","format":"standard","meta":{"site-sidebar-layout":"default","site-content-layout":"","ast-site-content-layout":"","site-content-style":"default","site-sidebar-style":"default","ast-global-header-display":"","ast-banner-title-visibility":"","ast-main-header-display":"","ast-hfb-above-header-display":"","ast-hfb-below-header-display":"","ast-hfb-mobile-header-display":"","site-post-title":"","ast-breadcrumbs-content":"","ast-featured-img":"","footer-sml-layout":"","theme-transparent-header-meta":"","adv-header-id-meta":"","stick-header-meta":"","header-above-stick-meta":"","header-main-stick-meta":"","header-below-stick-meta":"","astra-migrate-meta-layouts":"default","ast-page-background-enabled":"default","ast-page-background-meta":{"desktop":{"background-color":"var(--ast-global-color-4)","background-image":"","background-repeat":"repeat","background-position":"center center","background-size":"auto","background-attachment":"scroll","background-type":"","background-media":"","overlay-type":"","overlay-color":"","overlay-opacity":"","overlay-gradient":""},"tablet":{"background-color":"","background-image":"","background-repeat":"repeat","background-position":"center center","background-size":"auto","background-attachment":"scroll","background-type":"","background-media":"","overlay-type":"","overlay-color":"","overlay-opacity":"","overlay-gradient":""},"mobile":{"background-color":"","background-image":"","background-repeat":"repeat","background-position":"center center","background-size":"auto","background-attachment":"scroll","background-type":"","background-media":"","overlay-type":"","overlay-color":"","overlay-opacity":"","overlay-gradient":""}},"ast-content-background-meta":{"desktop":{"background-color":"var(--ast-global-color-5)","background-image":"","background-repeat":"repeat","background-position":"center center","background-size":"auto","background-attachment":"scroll","background-type":"","background-media":"","overlay-type":"","overlay-color":"","overlay-opacity":"","overlay-gradient":""},"tablet":{"background-color":"var(--ast-global-color-5)","background-image":"","background-repeat":"repeat","background-position":"center center","background-size":"auto","background-attachment":"scroll","background-type":"","background-media":"","overlay-type":"","overlay-color":"","overlay-opacity":"","overlay-gradient":""},"mobile":{"background-color":"var(--ast-global-color-5)","background-image":"","background-repeat":"repeat","background-position":"center center","background-size":"auto","background-attachment":"scroll","background-type":"","background-media":"","overlay-type":"","overlay-color":"","overlay-opacity":"","overlay-gradient":""}},"footnotes":""},"categories":[1],"tags":[],"class_list":["post-9146","post","type-post","status-publish","format-standard","hentry","category-general"],"post_mailing_queue_ids":[],"_links":{"self":[{"href":"https:\/\/agora.xtec.cat\/iessitges\/wp-json\/wp\/v2\/posts\/9146","targetHints":{"allow":["GET"]}}],"collection":[{"href":"https:\/\/agora.xtec.cat\/iessitges\/wp-json\/wp\/v2\/posts"}],"about":[{"href":"https:\/\/agora.xtec.cat\/iessitges\/wp-json\/wp\/v2\/types\/post"}],"author":[{"embeddable":true,"href":"https:\/\/agora.xtec.cat\/iessitges\/wp-json\/wp\/v2\/users\/4"}],"replies":[{"embeddable":true,"href":"https:\/\/agora.xtec.cat\/iessitges\/wp-json\/wp\/v2\/comments?post=9146"}],"version-history":[{"count":3,"href":"https:\/\/agora.xtec.cat\/iessitges\/wp-json\/wp\/v2\/posts\/9146\/revisions"}],"predecessor-version":[{"id":9162,"href":"https:\/\/agora.xtec.cat\/iessitges\/wp-json\/wp\/v2\/posts\/9146\/revisions\/9162"}],"wp:attachment":[{"href":"https:\/\/agora.xtec.cat\/iessitges\/wp-json\/wp\/v2\/media?parent=9146"}],"wp:term":[{"taxonomy":"category","embeddable":true,"href":"https:\/\/agora.xtec.cat\/iessitges\/wp-json\/wp\/v2\/categories?post=9146"},{"taxonomy":"post_tag","embeddable":true,"href":"https:\/\/agora.xtec.cat\/iessitges\/wp-json\/wp\/v2\/tags?post=9146"}],"curies":[{"name":"wp","href":"https:\/\/api.w.org\/{rel}","templated":true}]}}