{"id":8547,"date":"2022-10-13T18:04:00","date_gmt":"2022-10-13T16:04:00","guid":{"rendered":"https:\/\/agora.xtec.cat\/iessitges\/?p=8547"},"modified":"2022-10-14T09:43:06","modified_gmt":"2022-10-14T07:43:06","slug":"fantastic-film-festival-tron-experience","status":"publish","type":"post","link":"https:\/\/agora.xtec.cat\/iessitges\/general\/fantastic-film-festival-tron-experience\/","title":{"rendered":"Fantastic Film festival &#8220;Tron&#8221; experience"},"content":{"rendered":"\r\n\t<div class=\"slideshow_container slideshow_container_style-light\" style=\"height: 300px; \" data-slideshow-id=\"8590\" data-style-name=\"style-light\" data-style-version=\"2.3.1\" >\r\n\r\n\t\t\t\t\t<div class=\"slideshow_loading_icon\"><\/div>\r\n\t\t\r\n\t\t<div class=\"slideshow_content\" style=\"display: none;\">\r\n\r\n\t\t\t<div class=\"slideshow_view\">\r\n\t\t\t\t<div class=\"slideshow_slide slideshow_slide_image\">\r\n\t\t\t\t\t\t\t\t\t\t\t<img src=\"https:\/\/agora.xtec.cat\/iessitges\/wp-content\/uploads\/usu1948\/2022\/10\/Captura-de-pantalla-2022-10-13-a-las-12.07.16.png\" alt=\"festival sitges\" width=\"1156\" height=\"649\" \/>\r\n\t\t\t\t\t\t\t\t\t\t<div class=\"slideshow_description_box slideshow_transparent\">\r\n\t\t\t\t\t\t<div class=\"slideshow_title\">festival sitges<\/div>\t\t\t\t\t\t\t\t\t\t\t<\/div>\r\n\t\t\t\t<\/div>\r\n\r\n\t\t\t\t\t\t<div style=\"clear: both;\"><\/div><\/div><div class=\"slideshow_view\">\r\n\t\t\t\t<div class=\"slideshow_slide slideshow_slide_image\">\r\n\t\t\t\t\t\t\t\t\t\t\t<img src=\"https:\/\/agora.xtec.cat\/iessitges\/wp-content\/uploads\/usu1948\/2022\/10\/Captura-de-pantalla-2022-10-13-a-las-12.09.21.png\" alt=\"festival sitges\" width=\"1151\" height=\"648\" \/>\r\n\t\t\t\t\t\t\t\t\t\t<div class=\"slideshow_description_box slideshow_transparent\">\r\n\t\t\t\t\t\t<div class=\"slideshow_title\">festival sitges<\/div>\t\t\t\t\t\t\t\t\t\t\t<\/div>\r\n\t\t\t\t<\/div>\r\n\r\n\t\t\t\t\t\t<div style=\"clear: both;\"><\/div><\/div><div class=\"slideshow_view\">\r\n\t\t\t\t<div class=\"slideshow_slide slideshow_slide_image\">\r\n\t\t\t\t\t\t\t\t\t\t\t<img src=\"https:\/\/agora.xtec.cat\/iessitges\/wp-content\/uploads\/usu1948\/2022\/10\/Captura-de-pantalla-2022-10-13-a-las-12.14.40.png\" alt=\"festival sitges\" width=\"1154\" height=\"647\" \/>\r\n\t\t\t\t\t\t\t\t\t\t<div class=\"slideshow_description_box slideshow_transparent\">\r\n\t\t\t\t\t\t<div class=\"slideshow_title\">festival sitges<\/div>\t\t\t\t\t\t\t\t\t\t\t<\/div>\r\n\t\t\t\t<\/div>\r\n\r\n\t\t\t\t\t\t<div style=\"clear: both;\"><\/div><\/div><div class=\"slideshow_view\">\r\n\t\t\t\t<div class=\"slideshow_slide slideshow_slide_image\">\r\n\t\t\t\t\t\t\t\t\t\t\t<img src=\"https:\/\/agora.xtec.cat\/iessitges\/wp-content\/uploads\/usu1948\/2022\/10\/Captura-de-pantalla-2022-10-13-a-las-12.16.52.png\" alt=\"festival sitges\" width=\"1155\" height=\"643\" \/>\r\n\t\t\t\t\t\t\t\t\t\t<div class=\"slideshow_description_box slideshow_transparent\">\r\n\t\t\t\t\t\t<div class=\"slideshow_title\">festival sitges<\/div>\t\t\t\t\t\t\t\t\t\t\t<\/div>\r\n\t\t\t\t<\/div>\r\n\r\n\t\t\t\t\t\t<div style=\"clear: both;\"><\/div><\/div><div class=\"slideshow_view\">\r\n\t\t\t\t<div class=\"slideshow_slide slideshow_slide_image\">\r\n\t\t\t\t\t\t\t\t\t\t\t<img src=\"https:\/\/agora.xtec.cat\/iessitges\/wp-content\/uploads\/usu1948\/2022\/10\/Captura-de-pantalla-2022-10-13-a-las-12.17.25.png\" alt=\"festival sitges\" width=\"1150\" height=\"647\" \/>\r\n\t\t\t\t\t\t\t\t\t\t<div class=\"slideshow_description_box slideshow_transparent\">\r\n\t\t\t\t\t\t<div class=\"slideshow_title\">festival sitges<\/div>\t\t\t\t\t\t\t\t\t\t\t<\/div>\r\n\t\t\t\t<\/div>\r\n\r\n\t\t\t\t\t\t<div style=\"clear: both;\"><\/div><\/div><div class=\"slideshow_view\">\r\n\t\t\t\t<div class=\"slideshow_slide slideshow_slide_image\">\r\n\t\t\t\t\t\t\t\t\t\t\t<img src=\"https:\/\/agora.xtec.cat\/iessitges\/wp-content\/uploads\/usu1948\/2022\/10\/Captura-de-pantalla-2022-10-13-a-las-12.14.46-1.png\" alt=\"festival sitges\" width=\"1156\" height=\"647\" \/>\r\n\t\t\t\t\t\t\t\t\t\t<div class=\"slideshow_description_box slideshow_transparent\">\r\n\t\t\t\t\t\t<div class=\"slideshow_title\">festival sitges<\/div>\t\t\t\t\t\t\t\t\t\t\t<\/div>\r\n\t\t\t\t<\/div>\r\n\r\n\t\t\t\t\t\t<div style=\"clear: both;\"><\/div><\/div><div class=\"slideshow_view\">\r\n\t\t\t\t<div class=\"slideshow_slide slideshow_slide_image\">\r\n\t\t\t\t\t\t\t\t\t\t\t<img src=\"https:\/\/agora.xtec.cat\/iessitges\/wp-content\/uploads\/usu1948\/2022\/10\/Captura-de-pantalla-2022-10-13-a-las-12.16.04.png\" alt=\"festival sitges\" width=\"1151\" height=\"645\" \/>\r\n\t\t\t\t\t\t\t\t\t\t<div class=\"slideshow_description_box slideshow_transparent\">\r\n\t\t\t\t\t\t<div class=\"slideshow_title\">festival sitges<\/div>\t\t\t\t\t\t\t\t\t\t\t<\/div>\r\n\t\t\t\t<\/div>\r\n\r\n\t\t\t\t\t\t<div style=\"clear: both;\"><\/div><\/div><div class=\"slideshow_view\">\r\n\t\t\t\t<div class=\"slideshow_slide slideshow_slide_image\">\r\n\t\t\t\t\t\t\t\t\t\t\t<img src=\"https:\/\/agora.xtec.cat\/iessitges\/wp-content\/uploads\/usu1948\/2022\/10\/Captura-de-pantalla-2022-10-13-a-las-12.14.18-1.png\" alt=\"festival sitges\" width=\"1153\" height=\"650\" \/>\r\n\t\t\t\t\t\t\t\t\t\t<div class=\"slideshow_description_box slideshow_transparent\">\r\n\t\t\t\t\t\t<div class=\"slideshow_title\">festival sitges<\/div>\t\t\t\t\t\t\t\t\t\t\t<\/div>\r\n\t\t\t\t<\/div>\r\n\r\n\t\t\t\t\t\t<div style=\"clear: both;\"><\/div><\/div><div class=\"slideshow_view\">\r\n\t\t\t\t<div class=\"slideshow_slide slideshow_slide_image\">\r\n\t\t\t\t\t\t\t\t\t\t\t<img src=\"https:\/\/agora.xtec.cat\/iessitges\/wp-content\/uploads\/usu1948\/2022\/10\/Captura-de-pantalla-2022-10-13-a-las-12.16.21.png\" alt=\"festival sitges\" width=\"1155\" height=\"643\" \/>\r\n\t\t\t\t\t\t\t\t\t\t<div class=\"slideshow_description_box slideshow_transparent\">\r\n\t\t\t\t\t\t<div class=\"slideshow_title\">festival sitges<\/div>\t\t\t\t\t\t\t\t\t\t\t<\/div>\r\n\t\t\t\t<\/div>\r\n\r\n\t\t\t\t\t\t<div style=\"clear: both;\"><\/div><\/div><div class=\"slideshow_view\">\r\n\t\t\t\t<div class=\"slideshow_slide slideshow_slide_image\">\r\n\t\t\t\t\t\t\t\t\t\t\t<img src=\"https:\/\/agora.xtec.cat\/iessitges\/wp-content\/uploads\/usu1948\/2022\/10\/Captura-de-pantalla-2022-10-13-a-las-12.16.15.png\" alt=\"festival sitges\" width=\"1154\" height=\"647\" \/>\r\n\t\t\t\t\t\t\t\t\t\t<div class=\"slideshow_description_box slideshow_transparent\">\r\n\t\t\t\t\t\t<div class=\"slideshow_title\">festival sitges<\/div>\t\t\t\t\t\t\t\t\t\t\t<\/div>\r\n\t\t\t\t<\/div>\r\n\r\n\t\t\t\t\t\t<div style=\"clear: both;\"><\/div><\/div><div class=\"slideshow_view\">\r\n\t\t\t\t<div class=\"slideshow_slide slideshow_slide_image\">\r\n\t\t\t\t\t\t\t\t\t\t\t<img src=\"https:\/\/agora.xtec.cat\/iessitges\/wp-content\/uploads\/usu1948\/2022\/10\/Captura-de-pantalla-2022-10-13-a-las-12.14.59.png\" alt=\"festival sitges\" width=\"1149\" height=\"649\" \/>\r\n\t\t\t\t\t\t\t\t\t\t<div class=\"slideshow_description_box slideshow_transparent\">\r\n\t\t\t\t\t\t<div class=\"slideshow_title\">festival sitges<\/div>\t\t\t\t\t\t\t\t\t\t\t<\/div>\r\n\t\t\t\t<\/div>\r\n\r\n\t\t\t\t\t\t<div style=\"clear: both;\"><\/div><\/div>\r\n\t\t<\/div>\r\n\r\n\t\t<div class=\"slideshow_controlPanel slideshow_transparent\" style=\"display: none;\"><ul><li class=\"slideshow_togglePlay\" data-play-text=\"Visualitza\" data-pause-text=\"Pausa\"><\/li><\/ul><\/div>\r\n\r\n\t\t<div class=\"slideshow_button slideshow_previous slideshow_transparent\" role=\"button\" data-previous-text=\"Anterior\" style=\"display: none;\"><\/div>\r\n\t\t<div class=\"slideshow_button slideshow_next slideshow_transparent\" role=\"button\" data-next-text=\"Seg\u00fcent\" style=\"display: none;\"><\/div>\r\n\r\n\t\t<div class=\"slideshow_pagination\" style=\"display: none;\" data-go-to-text=\"V\u00e9s a la diapositiva\"><div class=\"slideshow_pagination_center\"><\/div><\/div>\r\n\r\n\t\t<!-- WordPress Slideshow Version 2.3.1 -->\r\n\r\n\t\t\t<\/div>\r\n\r\n\n<p>El dijous passat es va inaugurar e<span class=\"gmail-hiddenGrammarError\">l<\/span> <em>Sitges \u2013 Festival Internacional de Cinema Fant\u00e0stic de Catalunya. Des de l&#8217;institut tamb\u00e9 ens sumem en accions fant\u00e0stiques per sentir i fer sentir el festival al centre.<\/em><\/p>\n<p><a href=\"https:\/\/youtu.be\/Yapo7F8f4y4\">Veure v\u00eddeo<\/a><\/p>\n<p>Us preguntareu per qu\u00e8 hi ha unes l\u00ednies blanques pintades al terra de l&#8217;entrada i qu\u00e8 s\u00f3n els elements que decoren el hall.<\/p>\n<p>Ens posem en context, parlem de <strong><em>Tron <em style=\"font-weight: bold;\"> (1982)<\/em><\/em><\/strong>, la pel\u00b7l\u00edcula leimotiv de l&#8217;edici\u00f3 del festival d&#8217;enguany \u00e9s <em style=\"font-weight: bold;\">&#8220;Tron&#8221;,<\/em>\u00a0escrita i dirigida per <span class=\"gmail-hiddenSpellError\">Steven<\/span>\u00a0<span class=\"gmail-hiddenSpellError\">Lisberger<\/span>\u00a0i protagonitzada per\u00a0<span class=\"gmail-hiddenSpellError\">Jeff<\/span>\u00a0Bridges, Bruce\u00a0<span class=\"gmail-hiddenSpellError\">Boxleitner<\/span>,\u00a0<span class=\"gmail-hiddenSpellError\">Cindy<\/span>\u00a0<span class=\"gmail-hiddenSpellError\">Morgan<\/span>\u00a0i David\u00a0<span class=\"gmail-hiddenSpellError\">Warner<\/span>, Tron s&#8217;ha guanyat l&#8217;estatus de pel\u00b7l\u00edcula de culte degut a l&#8217;\u00fas dels seus gr\u00e0fics generats per ordinador, sent el preludi d&#8217;un nou subg\u00e8nere en la ci\u00e8ncia-ficci\u00f3, la <strong>realitat virtual.<\/strong><\/p>\n<p>Va ser una de les primeres pel\u00b7l\u00edcules a usar l&#8217;<strong>animaci\u00f3 per ordinador<\/strong>. L&#8217;est\u00e8tica que van dissenyar\u00a0<span class=\"gmail-hiddenSpellError\">Jean<\/span>\u00a0<span class=\"gmail-hiddenSpellError\">Giraud<\/span>\u00a0(dibuixant i creador de <em>Moebius<\/em>) i l&#8217;artista conceptual\u00a0<span class=\"gmail-hiddenSpellError\">Syd<\/span>\u00a0Pixeu (<span class=\"gmail-hiddenSpellError\">Blade<\/span>\u00a0<span class=\"gmail-hiddenSpellError\">Runner<\/span>, Aliens) fan que sigui recordada com una icona del seu temps.<\/p>\n<p>Des de l&#8217;optativa de Disseny d&#8217;Espais Temporals de 2n de Batxillerat hem volgut crear una experi\u00e8ncia de videojoc-real a l&#8217;institut per homenatjar Tron,\u00a0<span class=\"gmail-hiddenSpellError\">leimotiv<\/span>\u00a0del festival d&#8217;enguany.<\/p>\n<p>Amb aquest v\u00eddeo tamb\u00e9 us convidem a visitar l&#8217;<strong>exposici\u00f3 &#8216;<span class=\"gmail-hiddenSpellError\">Fantastic<\/span>\u00a0<span class=\"gmail-hiddenSpellError\">Kids&#8217;<\/span><\/strong>\u00a0en la qual des de diferents mat\u00e8ries art\u00edstiques hem participat fent creacions pl\u00e0stiques que podeu veure <strong>del 6 al 16 d&#8217;octubre al Mercat Vell de Sitges.<\/strong><\/p>\n<p>I finalment, animar-vos tamb\u00e9 a passejar pels carrers del centre on veureu les <strong>decoracions<\/strong> que hem fet per convertir la nostra Vila en un lloc terriblement\u00a0fant\u00e0stic.<\/p>\n","protected":false},"excerpt":{"rendered":"<p>Fantastic Film festival  2022<\/p>\n","protected":false},"author":14,"featured_media":8586,"comment_status":"open","ping_status":"closed","sticky":false,"template":"","format":"standard","meta":{"site-sidebar-layout":"default","site-content-layout":"","ast-site-content-layout":"","site-content-style":"default","site-sidebar-style":"default","ast-global-header-display":"","ast-banner-title-visibility":"","ast-main-header-display":"","ast-hfb-above-header-display":"","ast-hfb-below-header-display":"","ast-hfb-mobile-header-display":"","site-post-title":"","ast-breadcrumbs-content":"","ast-featured-img":"","footer-sml-layout":"","theme-transparent-header-meta":"","adv-header-id-meta":"","stick-header-meta":"","header-above-stick-meta":"","header-main-stick-meta":"","header-below-stick-meta":"","astra-migrate-meta-layouts":"default","ast-page-background-enabled":"default","ast-page-background-meta":{"desktop":{"background-color":"var(--ast-global-color-4)","background-image":"","background-repeat":"repeat","background-position":"center center","background-size":"auto","background-attachment":"scroll","background-type":"","background-media":"","overlay-type":"","overlay-color":"","overlay-opacity":"","overlay-gradient":""},"tablet":{"background-color":"","background-image":"","background-repeat":"repeat","background-position":"center center","background-size":"auto","background-attachment":"scroll","background-type":"","background-media":"","overlay-type":"","overlay-color":"","overlay-opacity":"","overlay-gradient":""},"mobile":{"background-color":"","background-image":"","background-repeat":"repeat","background-position":"center center","background-size":"auto","background-attachment":"scroll","background-type":"","background-media":"","overlay-type":"","overlay-color":"","overlay-opacity":"","overlay-gradient":""}},"ast-content-background-meta":{"desktop":{"background-color":"var(--ast-global-color-5)","background-image":"","background-repeat":"repeat","background-position":"center center","background-size":"auto","background-attachment":"scroll","background-type":"","background-media":"","overlay-type":"","overlay-color":"","overlay-opacity":"","overlay-gradient":""},"tablet":{"background-color":"var(--ast-global-color-5)","background-image":"","background-repeat":"repeat","background-position":"center center","background-size":"auto","background-attachment":"scroll","background-type":"","background-media":"","overlay-type":"","overlay-color":"","overlay-opacity":"","overlay-gradient":""},"mobile":{"background-color":"var(--ast-global-color-5)","background-image":"","background-repeat":"repeat","background-position":"center center","background-size":"auto","background-attachment":"scroll","background-type":"","background-media":"","overlay-type":"","overlay-color":"","overlay-opacity":"","overlay-gradient":""}},"footnotes":""},"categories":[1],"tags":[182,280,635,232],"class_list":["post-8547","post","type-post","status-publish","format-standard","has-post-thumbnail","hentry","category-general","tag-batxillerat","tag-dissenydespaistemporals","tag-fantastic-film-festival","tag-gep"],"post_mailing_queue_ids":[],"_links":{"self":[{"href":"https:\/\/agora.xtec.cat\/iessitges\/wp-json\/wp\/v2\/posts\/8547","targetHints":{"allow":["GET"]}}],"collection":[{"href":"https:\/\/agora.xtec.cat\/iessitges\/wp-json\/wp\/v2\/posts"}],"about":[{"href":"https:\/\/agora.xtec.cat\/iessitges\/wp-json\/wp\/v2\/types\/post"}],"author":[{"embeddable":true,"href":"https:\/\/agora.xtec.cat\/iessitges\/wp-json\/wp\/v2\/users\/14"}],"replies":[{"embeddable":true,"href":"https:\/\/agora.xtec.cat\/iessitges\/wp-json\/wp\/v2\/comments?post=8547"}],"version-history":[{"count":4,"href":"https:\/\/agora.xtec.cat\/iessitges\/wp-json\/wp\/v2\/posts\/8547\/revisions"}],"predecessor-version":[{"id":8623,"href":"https:\/\/agora.xtec.cat\/iessitges\/wp-json\/wp\/v2\/posts\/8547\/revisions\/8623"}],"wp:featuredmedia":[{"embeddable":true,"href":"https:\/\/agora.xtec.cat\/iessitges\/wp-json\/wp\/v2\/media\/8586"}],"wp:attachment":[{"href":"https:\/\/agora.xtec.cat\/iessitges\/wp-json\/wp\/v2\/media?parent=8547"}],"wp:term":[{"taxonomy":"category","embeddable":true,"href":"https:\/\/agora.xtec.cat\/iessitges\/wp-json\/wp\/v2\/categories?post=8547"},{"taxonomy":"post_tag","embeddable":true,"href":"https:\/\/agora.xtec.cat\/iessitges\/wp-json\/wp\/v2\/tags?post=8547"}],"curies":[{"name":"wp","href":"https:\/\/api.w.org\/{rel}","templated":true}]}}