{"id":7962,"date":"2022-05-17T10:55:53","date_gmt":"2022-05-17T08:55:53","guid":{"rendered":"https:\/\/agora.xtec.cat\/iessitges\/?p=7962"},"modified":"2022-05-19T18:18:06","modified_gmt":"2022-05-19T16:18:06","slug":"adria-martinez-de-4t-deso-c-finalista-en-el-concurs-de-nanorelats","status":"publish","type":"post","link":"https:\/\/agora.xtec.cat\/iessitges\/general\/adria-martinez-de-4t-deso-c-finalista-en-el-concurs-de-nanorelats\/","title":{"rendered":"Adri\u00e0 Mart\u00ednez, de 4t d&#8217;ESO C, finalista en el Concurs de Nanorelats"},"content":{"rendered":"<p><span style=\"font-weight: 400;\">L\u2019Adri\u00e0 Mart\u00ednez de 4t ESO C ha participat en el Concurs de Nanorelats, emmarcat dins del Festival 10alamenos9 que t\u00e9 per objectiu apropar el m\u00f3n de la nanoci\u00e8ncia i la nanotecnologia a la societat en general i a l\u2019alumnat de secund\u00e0ria en particular. El nanorelat que ha escrit ha estat finalista entre m\u00e9s de 100 nanorelats que s\u2019han presentat a nivell de Catalunya en aquesta setena edici\u00f3.<\/span><\/p>\n<p><span style=\"font-weight: 400;\">Ha participat a la categoria A, que agrupa l\u2019alumnat de 3r i 4t d\u2019ESO i cicles formatius de grau inicial amb un nanorelat de 200 paraules i la seva visi\u00f3 del m\u00f3n nano:\u00a0<\/span><\/p>\n<p><i><span style=\"font-weight: 400;\">La seva agitada respiraci\u00f3 el delatava, havia de guardar silenci, pensar alguna cosa. Va tancar els ulls per concentrar-se, per\u00f2 no va poder. En obrir-los va veure un article familiar d&#8217;una revista tirada al seu costat. Era de fa 3 setmanes, del 7 d&#8217;octubre del 2064, va llegir per relaxar-se.\u00a0<\/span><\/i><\/p>\n<p><i><span style=\"font-weight: 400;\">\u201cCient\u00edfics desenvolupen una nova nanotecnologia que supera en tots els sentits a les radiografies i ecografies. Aquesta consisteix en un bra\u00e7alet el qual introduir\u00e0, gaireb\u00e9 de manera indolora, un nanosensor que detectar\u00e0 i eliminar\u00e0 TOTES les possibles malalties del pacient.\u00a0<\/span><\/i><\/p>\n<p><i><span style=\"font-weight: 400;\">Encara que no estigui perfeccionat, els cient\u00edfics creadors recomanen que es comenci a utilitzar immediatament. Al\u00b7leguen que degut a tots els esdeveniments succe\u00efts els darrers anys, la seva distribuci\u00f3 ser\u00e0 totalment gratu\u00efta.\u00a0<\/span><\/i><\/p>\n<p><i><span style=\"font-weight: 400;\">\u2013 \u2018Ser\u00e0 la fi de les pand\u00e8mies, la fi de les malalties\u2019- asseguren.\u201d\u00a0<\/span><\/i><\/p>\n<p><i><span style=\"font-weight: 400;\">Aquella frase final, nom\u00e9s podria passar en els seus somnis. Quan la va acabar, va notar una respiraci\u00f3 que no era seva. Aixecant la mirada va veure unes cames, semblaven en descomposici\u00f3, m\u00e9s amunt un bra\u00e7alet platejat al canell i, ja mirant a la cara, uns ulls enrogits.\u00a0<\/span><\/i><\/p>\n<p><i><span style=\"font-weight: 400;\">\u2013 &#8216;N-Nil? Ets tu?\u2019\u00a0<\/span><\/i><\/p>\n<p><i><span style=\"font-weight: 400;\">Nom\u00e9s es van escoltar els crits angoixants del Pol i al \u201cNil\u201d mastegant.<\/span><\/i><\/p>\n<p><span style=\"font-weight: 400;\">El passat 11 de maig va assistir amb la resta de finalistes a l\u2019Espai Jove Casa Sagnier i Vil\u00b7la Ur\u00e0nia a Barcelona a l\u2019acte per con\u00e8ixer els nanorelats que han estat seleccionats guanyadors i que apropen <\/span><span style=\"font-weight: 400;\">el m\u00f3n a escala nanom\u00e8trica, el denominat nanom\u00f3n, que malgrat la seva mida diminuta, \u00e9s molt divers i interessant.<\/span><\/p>\n<p><span style=\"font-weight: 400;\">Tot i quedar-se a les portes del premi, ha estat una experi\u00e8ncia molt enriquidora i li ha perm\u00e8s con\u00e8ixer les diferents aplicacions d\u2019aquest m\u00f3n a \u00e0mbits molts diversos i voler continuar aprenent per repetir-ne a la propera edici\u00f3.<\/span><\/p>\n<p><span style=\"font-weight: 400;\">Enhorabona Adri\u00e0!<\/span><\/p>\n<p><em>\u00a0 \u00a0 \u00a0 \u00a0 \u00a0 \u00a0 \u00a0 \u00a0 \u00a0 \u00a0 \u00a0 \u00a0 \u00a0 \u00a0 \u00a0 \u00a0 \u00a0 \u00a0 \u00a0 \u00a0 \u00a0 \u00a0 \u00a0 \u00a0 \u00a0 \u00a0 \u00a0 \u00a0 \u00a0 \u00a0 \u00a0 \u00a0 \u00a0 \u00a0 \u00a0 \u00a0 \u00a0 \u00a0 \u00a0 \u00a0 \u00a0 \u00a0 \u00a0 \u00a0 \u00a0 \u00a0 \u00a0 \u00a0 \u00a0 \u00a0 \u00a0 \u00a0 \u00a0 \u00a0 \u00a0 \u00a0 \u00a0 \u00a0 \u00a0 \u00a0 \u00a0 \u00a0 \u00a0 \u00a0 \u00a0 \u00a0 \u00a0 \u00a0 \u00a0 \u00a0 \u00a0 \u00a0 \u00a0 \u00a0 \u00a0 \u00a0 \u00a0 \u00a0 \u00a0 \u00a0 \u00a0 \u00a0 \u00a0 \u00a0 \u00a0 \u00a0 \u00a0 \u00a0 \u00a0 \u00a0 \u00a0 \u00a0 \u00a0 \u00a0 \u00a0 \u00a0 \u00a0 \u00a0 \u00a0 \u00a0 \u00a0 \u00a0Miguel \u00c1ngel Mart\u00edn, professor de F\u00edsica i Qu\u00edmica de 4t d&#8217;ESO<\/em><\/p>\n<p><a href=\"https:\/\/agora.xtec.cat\/iessitges\/wp-content\/uploads\/usu1948\/2022\/05\/PHOTO-2022-05-17-10-46-27.jpg\"><img loading=\"lazy\" decoding=\"async\" class=\"aligncenter size-full wp-image-7961\" src=\"https:\/\/agora.xtec.cat\/iessitges\/wp-content\/uploads\/usu1948\/2022\/05\/PHOTO-2022-05-17-10-46-27.jpg\" alt=\"\" width=\"1024\" height=\"498\" srcset=\"https:\/\/agora.xtec.cat\/iessitges\/wp-content\/uploads\/usu1948\/2022\/05\/PHOTO-2022-05-17-10-46-27.jpg 1024w, https:\/\/agora.xtec.cat\/iessitges\/wp-content\/uploads\/usu1948\/2022\/05\/PHOTO-2022-05-17-10-46-27-300x146.jpg 300w, https:\/\/agora.xtec.cat\/iessitges\/wp-content\/uploads\/usu1948\/2022\/05\/PHOTO-2022-05-17-10-46-27-768x374.jpg 768w\" sizes=\"auto, (max-width: 1024px) 100vw, 1024px\" \/><\/a><\/p>\n<p>&nbsp;<\/p>\n","protected":false},"excerpt":{"rendered":"<p>L\u2019Adri\u00e0 Mart\u00ednez de 4t ESO C ha participat en el Concurs de Nanorelats, emmarcat dins del Festival 10alamenos9 que t\u00e9 per objectiu apropar el m\u00f3n de la nanoci\u00e8ncia i la nanotecnologia a la societat en general i a l\u2019alumnat de secund\u00e0ria en particular. El nanorelat que ha escrit ha estat finalista entre m\u00e9s de 100 [&hellip;]<\/p>\n","protected":false},"author":5,"featured_media":7961,"comment_status":"open","ping_status":"closed","sticky":false,"template":"","format":"standard","meta":{"site-sidebar-layout":"default","site-content-layout":"","ast-site-content-layout":"","site-content-style":"default","site-sidebar-style":"default","ast-global-header-display":"","ast-banner-title-visibility":"","ast-main-header-display":"","ast-hfb-above-header-display":"","ast-hfb-below-header-display":"","ast-hfb-mobile-header-display":"","site-post-title":"","ast-breadcrumbs-content":"","ast-featured-img":"","footer-sml-layout":"","theme-transparent-header-meta":"","adv-header-id-meta":"","stick-header-meta":"","header-above-stick-meta":"","header-main-stick-meta":"","header-below-stick-meta":"","astra-migrate-meta-layouts":"default","ast-page-background-enabled":"default","ast-page-background-meta":{"desktop":{"background-color":"var(--ast-global-color-4)","background-image":"","background-repeat":"repeat","background-position":"center center","background-size":"auto","background-attachment":"scroll","background-type":"","background-media":"","overlay-type":"","overlay-color":"","overlay-opacity":"","overlay-gradient":""},"tablet":{"background-color":"","background-image":"","background-repeat":"repeat","background-position":"center center","background-size":"auto","background-attachment":"scroll","background-type":"","background-media":"","overlay-type":"","overlay-color":"","overlay-opacity":"","overlay-gradient":""},"mobile":{"background-color":"","background-image":"","background-repeat":"repeat","background-position":"center center","background-size":"auto","background-attachment":"scroll","background-type":"","background-media":"","overlay-type":"","overlay-color":"","overlay-opacity":"","overlay-gradient":""}},"ast-content-background-meta":{"desktop":{"background-color":"var(--ast-global-color-5)","background-image":"","background-repeat":"repeat","background-position":"center center","background-size":"auto","background-attachment":"scroll","background-type":"","background-media":"","overlay-type":"","overlay-color":"","overlay-opacity":"","overlay-gradient":""},"tablet":{"background-color":"var(--ast-global-color-5)","background-image":"","background-repeat":"repeat","background-position":"center center","background-size":"auto","background-attachment":"scroll","background-type":"","background-media":"","overlay-type":"","overlay-color":"","overlay-opacity":"","overlay-gradient":""},"mobile":{"background-color":"var(--ast-global-color-5)","background-image":"","background-repeat":"repeat","background-position":"center center","background-size":"auto","background-attachment":"scroll","background-type":"","background-media":"","overlay-type":"","overlay-color":"","overlay-opacity":"","overlay-gradient":""}},"footnotes":""},"categories":[1],"tags":[],"class_list":["post-7962","post","type-post","status-publish","format-standard","has-post-thumbnail","hentry","category-general"],"post_mailing_queue_ids":[],"_links":{"self":[{"href":"https:\/\/agora.xtec.cat\/iessitges\/wp-json\/wp\/v2\/posts\/7962","targetHints":{"allow":["GET"]}}],"collection":[{"href":"https:\/\/agora.xtec.cat\/iessitges\/wp-json\/wp\/v2\/posts"}],"about":[{"href":"https:\/\/agora.xtec.cat\/iessitges\/wp-json\/wp\/v2\/types\/post"}],"author":[{"embeddable":true,"href":"https:\/\/agora.xtec.cat\/iessitges\/wp-json\/wp\/v2\/users\/5"}],"replies":[{"embeddable":true,"href":"https:\/\/agora.xtec.cat\/iessitges\/wp-json\/wp\/v2\/comments?post=7962"}],"version-history":[{"count":2,"href":"https:\/\/agora.xtec.cat\/iessitges\/wp-json\/wp\/v2\/posts\/7962\/revisions"}],"predecessor-version":[{"id":7964,"href":"https:\/\/agora.xtec.cat\/iessitges\/wp-json\/wp\/v2\/posts\/7962\/revisions\/7964"}],"wp:featuredmedia":[{"embeddable":true,"href":"https:\/\/agora.xtec.cat\/iessitges\/wp-json\/wp\/v2\/media\/7961"}],"wp:attachment":[{"href":"https:\/\/agora.xtec.cat\/iessitges\/wp-json\/wp\/v2\/media?parent=7962"}],"wp:term":[{"taxonomy":"category","embeddable":true,"href":"https:\/\/agora.xtec.cat\/iessitges\/wp-json\/wp\/v2\/categories?post=7962"},{"taxonomy":"post_tag","embeddable":true,"href":"https:\/\/agora.xtec.cat\/iessitges\/wp-json\/wp\/v2\/tags?post=7962"}],"curies":[{"name":"wp","href":"https:\/\/api.w.org\/{rel}","templated":true}]}}